{"id":410333,"date":"2025-09-22T21:04:10","date_gmt":"2025-09-22T21:04:10","guid":{"rendered":"https:\/\/www.europesays.com\/fr\/410333\/"},"modified":"2025-09-22T21:04:10","modified_gmt":"2025-09-22T21:04:10","slug":"honteux-valerie-pecresse-et-sa-majorite-suppriment-discretement-les-subventions-aux-mdph-dile-de-france","status":"publish","type":"post","link":"https:\/\/www.europesays.com\/fr\/410333\/","title":{"rendered":"Honteux\u00a0: Val\u00e9rie P\u00e9cresse et sa majorit\u00e9 suppriment discr\u00e8tement les subventions aux MDPH d&rsquo;\u00cele-de-France"},"content":{"rendered":"<p>C\u2019est un bras d\u2019honneur \u00e0 moiti\u00e9 assum\u00e9 envers les personnes en situation de handicap. La droite r\u00e9gionale en \u00cele-de-France supprime en catimini les subventions allou\u00e9es aux Maisons d\u00e9partementales des personnes handicap\u00e9es (MDPH) sur le territoire francilien. L\u2019alerte, donn\u00e9e vendredi 19\u00a0septembre, est venue de la Gauche communiste, \u00e9cologiste et citoyenne de la R\u00e9gion \u00cele-de-France.<\/p>\n<p>Dans son communiqu\u00e9, le groupe politique s\u2019insurge. Et pour cause. Les aides dont il est question ont \u00e9t\u00e9 mises en place il y a plus de 10\u00a0ans et semblaient stabilis\u00e9es. En 2014, <a href=\"https:\/\/www.humanite.fr\/societe\/acces-au-logement\/handicap-vingt-ans-apres-la-loi-pour-legalite-le-compte-ny-est-toujours-pas\" target=\"_blank\" rel=\"noopener\">la loi sur l\u2019\u00e9galit\u00e9 des chances<\/a> \u2013 promulgu\u00e9e en 2005 \u2013 essaie de mettre un coup d\u2019acc\u00e9l\u00e9rateur pour orienter les financements en faveur <a href=\"https:\/\/www.humanite.fr\/societe\/festival\/1-300-benevoles-accessible-a-tout-le-monde-une-hot-line-pour-les-personnes-en-situation-de-handicap-terres-du-son-un-festival-all-inclusion\" target=\"_blank\" rel=\"noopener\">des personnes en situation de handicap<\/a>. La majorit\u00e9 r\u00e9gionale de l\u2019\u00e9poque, \u00e0 gauche de l\u2019\u00e9chiquier politique, saisit l\u2019opportunit\u00e9 pour subventionner les huit MDPH de la r\u00e9gion via leurs fonds de compensation respectifs. \u00ab\u00a0Le dispositif n\u2019a jamais \u00e9t\u00e9 discut\u00e9 ni remis en cause depuis\u00a0!\u00a0\u00bb, s\u2019exclame <a href=\"https:\/\/www.humanite.fr\/politique\/budget\/celine-malaise-ce-budget-2025-est-le-plus-douloureux-et-injuste-depuis-que-la-region-ile-de-france-existe\" target=\"_blank\" rel=\"noopener\">C\u00e9line Malais\u00e9, pr\u00e9sidente du Front de gauche \u00e0 la r\u00e9gion<\/a>.<\/p>\n<p>6\u20ac de reste \u00e0 charge<\/p>\n<p>Son but\u00a0: financer l\u2019acquisition de mat\u00e9riels, l\u2019am\u00e9nagement de v\u00e9hicules adapt\u00e9s, l\u2019accompagnement pour la vie quotidienne des personnes en situation de handicap. Pr\u00e8s de 2 000 Franciliens en b\u00e9n\u00e9ficient chaque ann\u00e9e. \u00ab\u00a0Avec cette aide, le reste \u00e0 charge pour les familles est de 6\u20ac\u00a0\u00bb, d\u00e9taille St\u00e9phane Blanchet, Vice-pr\u00e9sident charg\u00e9 de l\u2019autonomie au Conseil d\u00e9partemental de Seine-Saint-Denis.<\/p>\n<p>Un coup de pouce pr\u00e9cieux que Val\u00e9rie P\u00e9cresse et sa majorit\u00e9 cherchent \u00e0 supprimer en douce, sans concertation avec les d\u00e9partements. D\u2019apr\u00e8s les informations du groupe de la Gauche, \u00ab\u00a0les MDPH d\u2019\u00cele-de-France n\u2019ont pas per\u00e7u l\u2019aide r\u00e9gionale en 2025 et elle ne sera pas reconduite en 2026\u00a0\u00bb. Aucune communication officielle de la R\u00e9gion n\u2019a averti quant \u00e0 une potentielle suppression des subventions. Mis devant le fait accompli, les conseillers des Hauts-de-Seine, de l\u2019Essonne, du Val-de-Marne, de Seine-Saint-Denis et de Paris ont act\u00e9 ce retrait d\u2019argent.<\/p>\n<p>Une \u00ab\u00a0goutte d\u2019eau\u00a0\u00bb dans le budget<\/p>\n<p>\u00ab\u00a0C\u2019est incompr\u00e9hensible\u00a0\u00bb, tonne C\u00e9line Malais\u00e9. Et St\u00e9phane Blanchet d\u2019encha\u00eener\u00a0: \u00ab\u00a0C\u2019est injuste, il y a un enjeu d\u2019\u00e9galit\u00e9 et de dignit\u00e9 tr\u00e8s fort derri\u00e8re cette coupure budg\u00e9taire.\u00a0\u00bb Pour les deux conseillers d\u00e9partementaux, il ne fait aucun doute que la d\u00e9cision est purement politique. \u00ab\u00a0La droite se r\u00e9fugie derri\u00e8re un rapport de la Chambre r\u00e9gionale des comptes disant que cette subvention n\u2019est pas une comp\u00e9tence obligatoire et que ce n\u2019est donc pas permis, mais c\u2019est totalement faux, explique la pr\u00e9sidente du groupe de gauche. Le Code de l\u2019action sociale l\u2019autorise.\u00a0\u00bb<\/p>\n<p>L\u2019\u00e9lue se\u00a0montre d\u2019autant plus constern\u00e9e en exposant ses calculs. \u00ab\u00a0L\u2019aide aux MDPH, c\u2019est 2\u00a0millions d\u2019euros alors que le budget de la R\u00e9gion s\u2019\u00e9l\u00e8ve \u00e0 5\u00a0milliards. C\u2019est vraiment une goutte d\u2019eau, c\u2019est d\u00e9ment\u00a0\u00bb, se d\u00e9sole-t-elle. Si personne ne revient sur cette d\u00e9cision, il incombera aux MDPH et aux familles de combler le manque \u00e0 gagner. Ce qui n\u2019est pas sans inqui\u00e9ter St\u00e9phane Blanchet\u00a0: \u00ab\u00a0En baissant ces subventions, on augmente les co\u00fbts pour les familles de personnes en situation de handicap, on augmente leur pouvoir d\u2019achat et parfois leur pr\u00e9carisation. Il n\u2019y a rien de plus p\u00e9nalisant.\u00a0\u00bb<\/p>\n<p>C\u00e9line Malais\u00e9 tient \u00e0 rappeler que la R\u00e9gion est une habitu\u00e9e des \u00ab\u00a0coups de com\u2019 dans le vent sur la question du handicap\u00a0\u00bb. Son exemple\u00a0: le \u00ab\u00a0m\u00e9tro pour tous\u00a0\u00bb annonc\u00e9 pendant <a href=\"https:\/\/www.humanite.fr\/en-debat\/droits-des-handicapes\/six-mois-apres-les-jeux-paralympiques-sur-le-handicap-nous-ne-sommes-toujours-pas-a-la-hauteur\" target=\"_blank\" rel=\"noopener\">les Jeux paralympiques de Paris l\u2019ann\u00e9e pass\u00e9e<\/a>. \u00ab\u00a0Il n\u2019y a aucune inscription en faveur de ce dispositif dans le plan de mobilit\u00e9 qu\u2019on va voter pour cette ann\u00e9e\u00a0\u00bb, pr\u00e9vient-elle.<\/p>\n<p>Une commission permanente est pr\u00e9vue jeudi 25 septembre et les \u00e9lus de gauche entendent bien y exprimer leur m\u00e9contentement en confrontant Val\u00e9rie P\u00e9cresse. En attendant, honte et col\u00e8re les rongent\u00a0: \u00ab\u00a0les personnes en situation de handicap sentent vraiment qu\u2019elles sont les derni\u00e8res roues de la soci\u00e9t\u00e9\u00a0\u00bb.<\/p>\n<p><strong>Aux c\u00f4t\u00e9s de celles et ceux qui luttent\u00a0!<\/strong><\/p>\n<p>L\u2019urgence sociale, c\u2019est chaque jour la priorit\u00e9 de l\u2019Humanit\u00e9.\u00a0<\/p>\n<ul class=\"wp-block-list\">\n<li>En exposant la violence patronale.\u00a0<\/li>\n<\/ul>\n<ul class=\"wp-block-list\">\n<li>En montrant ce que vivent celles et ceux qui travaillent et ceux qui aspirent \u00e0 le faire.\u00a0<\/li>\n<\/ul>\n<ul class=\"wp-block-list\">\n<li>En donnant des cl\u00e9s de compr\u00e9hension et des outils aux salari\u00e9.es pour se d\u00e9fendre contre les politiques ultralib\u00e9rales qui d\u00e9gradent leur qualit\u00e9 de vie.\u00a0<\/li>\n<\/ul>\n<p><strong>Vous connaissez d\u2019autres m\u00e9dias qui font \u00e7a\u202f?\u00a0\u00a0<\/strong><br \/><a href=\"https:\/\/www.humanite.fr\/lhumanite-cest-vous\" target=\"_blank\" rel=\"noopener\">Je veux en savoir plus\u00a0!<\/a><\/p>\n","protected":false},"excerpt":{"rendered":"C\u2019est un bras d\u2019honneur \u00e0 moiti\u00e9 assum\u00e9 envers les personnes en situation de handicap. La droite r\u00e9gionale en&hellip;\n","protected":false},"author":2,"featured_media":410334,"comment_status":"","ping_status":"","sticky":false,"template":"","format":"standard","meta":{"footnotes":""},"categories":[1592],"tags":[1111,11,4492,1777,674,1011,27,1943,662,12,626,25,34235,4494],"class_list":{"0":"post-410333","1":"post","2":"type-post","3":"status-publish","4":"format-standard","5":"has-post-thumbnail","7":"category-ile-de-france","8":"tag-actu","9":"tag-actualites","10":"tag-conseil-ru00e9gional-du2019u00eele-de-france","11":"tag-eu","12":"tag-europe","13":"tag-fr","14":"tag-france","15":"tag-handicap","16":"tag-ile-de-france","17":"tag-news","18":"tag-paris","19":"tag-republique-francaise","20":"tag-subventions-publiques","21":"tag-valu00e9rie-pu00e9cresse"},"share_on_mastodon":{"url":"https:\/\/pubeurope.com\/@fr\/115249982008020131","error":""},"_links":{"self":[{"href":"https:\/\/www.europesays.com\/fr\/wp-json\/wp\/v2\/posts\/410333","targetHints":{"allow":["GET"]}}],"collection":[{"href":"https:\/\/www.europesays.com\/fr\/wp-json\/wp\/v2\/posts"}],"about":[{"href":"https:\/\/www.europesays.com\/fr\/wp-json\/wp\/v2\/types\/post"}],"author":[{"embeddable":true,"href":"https:\/\/www.europesays.com\/fr\/wp-json\/wp\/v2\/users\/2"}],"replies":[{"embeddable":true,"href":"https:\/\/www.europesays.com\/fr\/wp-json\/wp\/v2\/comments?post=410333"}],"version-history":[{"count":0,"href":"https:\/\/www.europesays.com\/fr\/wp-json\/wp\/v2\/posts\/410333\/revisions"}],"wp:featuredmedia":[{"embeddable":true,"href":"https:\/\/www.europesays.com\/fr\/wp-json\/wp\/v2\/media\/410334"}],"wp:attachment":[{"href":"https:\/\/www.europesays.com\/fr\/wp-json\/wp\/v2\/media?parent=410333"}],"wp:term":[{"taxonomy":"category","embeddable":true,"href":"https:\/\/www.europesays.com\/fr\/wp-json\/wp\/v2\/categories?post=410333"},{"taxonomy":"post_tag","embeddable":true,"href":"https:\/\/www.europesays.com\/fr\/wp-json\/wp\/v2\/tags?post=410333"}],"curies":[{"name":"wp","href":"https:\/\/api.w.org\/{rel}","templated":true}]}}