{"id":410335,"date":"2025-09-22T21:05:13","date_gmt":"2025-09-22T21:05:13","guid":{"rendered":"https:\/\/www.europesays.com\/fr\/410335\/"},"modified":"2025-09-22T21:05:13","modified_gmt":"2025-09-22T21:05:13","slug":"une-victime-aux-urgences-apres-un-accident-a-la-limite-entre-st-sulpice-et-laigle","status":"publish","type":"post","link":"https:\/\/www.europesays.com\/fr\/410335\/","title":{"rendered":"Une victime aux Urgences apr\u00e8s un accident \u00e0 la limite entre St-Sulpice et L&rsquo;Aigle"},"content":{"rendered":"<p>            Par<br \/>\n        <strong><br \/>\n            <a href=\"https:\/\/actu.fr\/auteur\/journaliste-rn\" title=\"Consulter tous les articles de R\u00e9daction L&#039;Aigle\" rel=\"nofollow noopener\" target=\"_blank\">R\u00e9daction L&rsquo;Aigle<\/a><br \/>\n        <\/strong><\/p>\n<p>        Publi\u00e9 le<\/p>\n<p>            22 sept. 2025 \u00e0 17h31        <\/p>\n<p>A 15h25 ce lundi 22\u00a0septembre, les secours ont \u00e9t\u00e9 alert\u00e9s pour se rendre sur un accident de la circulation survenu avenue \u00cele-de-France, commune de <a href=\"https:\/\/actu.fr\/normandie\/saint-sulpice-sur-risle_61456\" rel=\"nofollow noopener\" target=\"_blank\">St-Sulpice-sur-Risle (Orne)<\/a>.<\/p>\n<p class=\" wall-content\">Pour des raisons qui restent \u00e0 d\u00e9terminer \u00e0 ce stade, un v\u00e9hicule l\u00e9ger aurait d\u00e9vi\u00e9 de sa trajectoire initiale avant de quitter la route. Le conducteur, l\u00e9g\u00e8rement bless\u00e9, a \u00e9t\u00e9 conduit au centre hospitalier de <a href=\"https:\/\/actu.fr\/normandie\/l-aigle_61214\" rel=\"nofollow noopener\" target=\"_blank\">L\u2019Aigle (Orne)<\/a> pour y subir des examens de contr\u00f4le.<\/p>\n<p>Circulation r\u00e9tablie une heure plus tard<\/p>\n<p class=\" wall-content\">Six pompiers du centre de secours de L\u2019Aigle ont \u00e9t\u00e9 d\u00e9p\u00each\u00e9s sur place, ainsi que le service des routes du D\u00e9partement et des effectifs de la Communaut\u00e9 de brigades de gendarmerie de L\u2019Aigle.<\/p>\n<p class=\" wall-content\">L\u2019intervention s\u2019est termin\u00e9e \u00e0 16h35, heure \u00e0 laquelle le trafic a retrouv\u00e9 son flux normal.<\/p>\n<p class=\" wall-content\">Personnalisez votre actualit\u00e9 en ajoutant vos villes et m\u00e9dias en favori avec <a href=\"https:\/\/moncompte.actu.fr\" title=\"D\u00e9couvez Mon Actu\" rel=\"nofollow noopener\" data-trk=\"{&quot;cta&quot;:{&quot;action&quot;:&quot;https:\\\/\\\/moncompte.actu.fr&quot;,&quot;category&quot;:&quot;mon compte&quot;,&quot;from&quot;:&quot;article footer&quot;,&quot;name&quot;:&quot;Mon actu&quot;,&quot;type&quot;:&quot;cta&quot;}}\" target=\"_blank\">Mon Actu<\/a>.<\/p>\n","protected":false},"excerpt":{"rendered":"Par R\u00e9daction L&rsquo;Aigle Publi\u00e9 le 22 sept. 2025 \u00e0 17h31 A 15h25 ce lundi 22\u00a0septembre, les secours ont&hellip;\n","protected":false},"author":2,"featured_media":410336,"comment_status":"","ping_status":"","sticky":false,"template":"","format":"standard","meta":{"footnotes":""},"categories":[1592],"tags":[119,1111,11,1777,674,118,1011,27,662,12,626,1311,25,6444],"class_list":{"0":"post-410335","1":"post","2":"type-post","3":"status-publish","4":"format-standard","5":"has-post-thumbnail","7":"category-ile-de-france","8":"tag-accident","9":"tag-actu","10":"tag-actualites","11":"tag-eu","12":"tag-europe","13":"tag-faits-divers","14":"tag-fr","15":"tag-france","16":"tag-ile-de-france","17":"tag-news","18":"tag-paris","19":"tag-pompiers","20":"tag-republique-francaise","21":"tag-urgences"},"share_on_mastodon":{"url":"https:\/\/pubeurope.com\/@fr\/115249986006315613","error":""},"_links":{"self":[{"href":"https:\/\/www.europesays.com\/fr\/wp-json\/wp\/v2\/posts\/410335","targetHints":{"allow":["GET"]}}],"collection":[{"href":"https:\/\/www.europesays.com\/fr\/wp-json\/wp\/v2\/posts"}],"about":[{"href":"https:\/\/www.europesays.com\/fr\/wp-json\/wp\/v2\/types\/post"}],"author":[{"embeddable":true,"href":"https:\/\/www.europesays.com\/fr\/wp-json\/wp\/v2\/users\/2"}],"replies":[{"embeddable":true,"href":"https:\/\/www.europesays.com\/fr\/wp-json\/wp\/v2\/comments?post=410335"}],"version-history":[{"count":0,"href":"https:\/\/www.europesays.com\/fr\/wp-json\/wp\/v2\/posts\/410335\/revisions"}],"wp:featuredmedia":[{"embeddable":true,"href":"https:\/\/www.europesays.com\/fr\/wp-json\/wp\/v2\/media\/410336"}],"wp:attachment":[{"href":"https:\/\/www.europesays.com\/fr\/wp-json\/wp\/v2\/media?parent=410335"}],"wp:term":[{"taxonomy":"category","embeddable":true,"href":"https:\/\/www.europesays.com\/fr\/wp-json\/wp\/v2\/categories?post=410335"},{"taxonomy":"post_tag","embeddable":true,"href":"https:\/\/www.europesays.com\/fr\/wp-json\/wp\/v2\/tags?post=410335"}],"curies":[{"name":"wp","href":"https:\/\/api.w.org\/{rel}","templated":true}]}}