{"id":410339,"date":"2025-09-22T21:07:25","date_gmt":"2025-09-22T21:07:25","guid":{"rendered":"https:\/\/www.europesays.com\/fr\/410339\/"},"modified":"2025-09-22T21:07:25","modified_gmt":"2025-09-22T21:07:25","slug":"des-biens-de-luxe-lui-ont-ete-derobes","status":"publish","type":"post","link":"https:\/\/www.europesays.com\/fr\/410339\/","title":{"rendered":"des biens de luxe lui ont \u00e9t\u00e9 d\u00e9rob\u00e9s"},"content":{"rendered":"<p class=\"mb-4 text-lg md:leading-8 break-words\">Ce lundi 22 septembre, \u00ab\u00a0Le Parisien\u00a0\u00bb rapporte qu&rsquo;une ancienne candidate culte de \u00ab\u00a0Loft Story\u00a0\u00bb a \u00e9t\u00e9 cambriol\u00e9e. Son domicile du XVIe arrondissement de Paris a \u00e9t\u00e9 vis\u00e9 durant son absence. Plusieurs milliers d&rsquo;euros de pr\u00e9judice sont \u00e0 d\u00e9plorer.<\/p>\n<p class=\"mb-4 text-lg md:leading-8 break-words\">En 2002, <strong>Marl\u00e8ne Duval<\/strong> a int\u00e9gr\u00e9 la saison 2 de Loft Story. Malgr\u00e9 <a href=\"https:\/\/www.purepeople.com\/article\/marlene-duval-17-ans-apres-loft-story-la-vraie-raison-de-son-depart-express_a323804\/1\" rel=\"nofollow noopener\" target=\"_blank\" data-ylk=\"slk:un passage express de six petits jours;elm:context_link;itc:0;sec:content-canvas\" class=\"link \">un passage express de six petits jours<\/a>, la candidate a marqu\u00e9 toute une g\u00e9n\u00e9ration. C&rsquo;est malheureusement pour une mauvaise nouvelle qu&rsquo;elle refait parler d&rsquo;elle aujourd&rsquo;hui.<\/p>\n<p class=\"mb-4 text-lg md:leading-8 break-words\">En effet, <a href=\"https:\/\/www.leparisien.fr\/faits-divers\/paris-une-ancienne-candidate-de-loft-story-victime-dun-cambriolage-a-100-000-euros-22-09-2025-G5HDT2LCTZGXRPGJCCAGXLIO2M.php\" rel=\"nofollow noopener\" target=\"_blank\" data-ylk=\"slk:Le Parisien;elm:context_link;itc:0;sec:content-canvas\" class=\"link \">Le Parisien<\/a> annonce ce 22 septembre qu&rsquo;elle a \u00e9t\u00e9<strong> victime d&rsquo;un cambriolage<\/strong> le 9 septembre dernier. Alors qu&rsquo;elle \u00e9tait partie en week-end \u00e0 l&rsquo;\u00e9tranger, le domicile de Marl\u00e8ne Duval, <strong>dans le XVI\u1d49 arrondissement de Paris,<\/strong> a \u00e9t\u00e9 infiltr\u00e9 par des malfaiteurs. Ces derniers se sont empar\u00e9s de <strong>100 000 euros de bijoux et d&rsquo;accessoires de luxe<\/strong>, dont des objets des marques Chanel, Cartier et Rolex.<\/p>\n<p class=\"mb-4 text-lg md:leading-8 break-words\">\u00ab\u00a0Elle revenait d\u2019un court s\u00e9jour \u00e0 l\u2019\u00e9tranger et a constat\u00e9 que<strong> sa porte d\u2019entr\u00e9e avait \u00e9t\u00e9 fractur\u00e9e<\/strong>\u00ab\u00a0, rapportent nos confr\u00e8res qui ont eu contact avec une source proche du dossier. Une enqu\u00eate a \u00e9t\u00e9 ouverte suite \u00e0 l&rsquo;intervention des policiers sur place, lesquels ont effectu\u00e9 des pr\u00e9l\u00e8vements et rencontr\u00e9 des voisins. Des cam\u00e9ras de vid\u00e9osurveillance du quartier sont \u00e9galement \u00e9tudi\u00e9es.<\/p>\n<p class=\"mb-4 text-lg md:leading-8 break-words\">Marl\u00e8ne Duval, ancienne Lofteuse \u00e0 la t\u00eate de plusieurs business<\/p>\n<p class=\"mb-4 text-lg md:leading-8 break-words\">Rappelons que depuis sa participation \u00e0 Loft Story, Marl\u00e8ne Duval est rest\u00e9e un temps dans la lumi\u00e8re en se lan\u00e7ant dans une carri\u00e8re dans la musique. Elle avait notamment sorti le tube Un enfant de toi, vendu \u00e0 plus d&rsquo;un million d&rsquo;exemplaires \u00e0 l&rsquo;\u00e9poque. Un succ\u00e8s qui lui a permis de toucher le gros lot mais depuis Marl\u00e8ne Duval est devenue une v\u00e9ritable femme d&rsquo;affaire, <strong>dont la fortune est estim\u00e9e \u00e0 des milliers d&rsquo;euros.<\/strong><\/p>\n<p class=\"mb-4 text-lg md:leading-8 break-words\">\u00ab\u00a0\u00c7a a commenc\u00e9 avec le disque. (&#8230;) Apr\u00e8s, on continue de construire, j&rsquo;ai fait ma propre bo\u00eete de production <strong>J&rsquo;ai cr\u00e9\u00e9 ma marque de lingerie aussi, j&rsquo;ai cr\u00e9\u00e9 ma marque de produits de beaut\u00e9<\/strong>, j&rsquo;ai ouvert aussi des instituts de beaut\u00e9, on fait pas mal de choses \u00e0 c\u00f4t\u00e9, on travaille !\u00a0\u00bb, avait-elle expliqu\u00e9 en 2021 aupr\u00e8s de Jordan de Luxe dans son \u00e9mission Instant Deluxe. Avec autant d&rsquo;activit\u00e9s, elle estimait gagner <a href=\"https:\/\/www.purepeople.com\/article\/marlene-duval-millionnaire-l-ex-lofteuse-genee-en-expliquant-gagner-plus-de-40-000-euros-par-mois_a455869\/1\" rel=\"nofollow noopener\" target=\"_blank\" data-ylk=\"slk:entre 30 et 40 000 euros par mois.;elm:context_link;itc:0;sec:content-canvas\" class=\"link \">entre 30 et 40 000 euros par mois.<\/a> \u00ab\u00a0Ouais, \u00e0 peu pr\u00e8s, un peu plus. \u00c7a d\u00e9pend ! Mais quand vous avez diff\u00e9rentes activit\u00e9s&#8230; Mais apr\u00e8s, on a autant d&rsquo;imp\u00f4ts derri\u00e8re\u00a0\u00bb, soulignait-elle.<\/p>\n<p class=\"mb-4 text-lg md:leading-8 break-words\"><a href=\"https:\/\/www.purepeople.com\/article\/millionnaire-cette-candidate-dun-programme-phare-des-annees-2000-a-un-appartement-dans-le-16e-arrondissement-a-paris-des-biens-de-luxe-lui-ont-ete-derobes_a542774\/1\" rel=\"nofollow noopener\" target=\"_blank\" data-ylk=\"slk:Article original sur Purepeople;elm:context_link;itc:0;sec:content-canvas\" class=\"link \">Article original sur Purepeople<\/a><\/p>\n","protected":false},"excerpt":{"rendered":"Ce lundi 22 septembre, \u00ab\u00a0Le Parisien\u00a0\u00bb rapporte qu&rsquo;une ancienne candidate culte de \u00ab\u00a0Loft Story\u00a0\u00bb a \u00e9t\u00e9 cambriol\u00e9e. Son&hellip;\n","protected":false},"author":2,"featured_media":410340,"comment_status":"","ping_status":"","sticky":false,"template":"","format":"standard","meta":{"footnotes":""},"categories":[1888],"tags":[1111,1928,11,1927,1777,674,1011,27,5553,588,54150,54151,12,1926,626,1925,25,54152],"class_list":{"0":"post-410339","1":"post","2":"type-post","3":"status-publish","4":"format-standard","5":"has-post-thumbnail","7":"category-paris","8":"tag-actu","9":"tag-actu-paris","10":"tag-actualites","11":"tag-actualites-paris","12":"tag-eu","13":"tag-europe","14":"tag-fr","15":"tag-france","16":"tag-le-parisien","17":"tag-loft-story","18":"tag-marlene-duval","19":"tag-milliers-deuros","20":"tag-news","21":"tag-news-paris","22":"tag-paris","23":"tag-paris-news","24":"tag-republique-francaise","25":"tag-xvie-arrondissement-de-paris"},"share_on_mastodon":{"url":"https:\/\/pubeurope.com\/@fr\/115249993741147472","error":""},"_links":{"self":[{"href":"https:\/\/www.europesays.com\/fr\/wp-json\/wp\/v2\/posts\/410339","targetHints":{"allow":["GET"]}}],"collection":[{"href":"https:\/\/www.europesays.com\/fr\/wp-json\/wp\/v2\/posts"}],"about":[{"href":"https:\/\/www.europesays.com\/fr\/wp-json\/wp\/v2\/types\/post"}],"author":[{"embeddable":true,"href":"https:\/\/www.europesays.com\/fr\/wp-json\/wp\/v2\/users\/2"}],"replies":[{"embeddable":true,"href":"https:\/\/www.europesays.com\/fr\/wp-json\/wp\/v2\/comments?post=410339"}],"version-history":[{"count":0,"href":"https:\/\/www.europesays.com\/fr\/wp-json\/wp\/v2\/posts\/410339\/revisions"}],"wp:featuredmedia":[{"embeddable":true,"href":"https:\/\/www.europesays.com\/fr\/wp-json\/wp\/v2\/media\/410340"}],"wp:attachment":[{"href":"https:\/\/www.europesays.com\/fr\/wp-json\/wp\/v2\/media?parent=410339"}],"wp:term":[{"taxonomy":"category","embeddable":true,"href":"https:\/\/www.europesays.com\/fr\/wp-json\/wp\/v2\/categories?post=410339"},{"taxonomy":"post_tag","embeddable":true,"href":"https:\/\/www.europesays.com\/fr\/wp-json\/wp\/v2\/tags?post=410339"}],"curies":[{"name":"wp","href":"https:\/\/api.w.org\/{rel}","templated":true}]}}