{"id":41035,"date":"2025-04-21T08:24:10","date_gmt":"2025-04-21T08:24:10","guid":{"rendered":"https:\/\/www.europesays.com\/fr\/41035\/"},"modified":"2025-04-21T08:24:10","modified_gmt":"2025-04-21T08:24:10","slug":"las-nancy-lorraine-est-elle-deja-assuree-de-terminer-sur-le-podium-du-national","status":"publish","type":"post","link":"https:\/\/www.europesays.com\/fr\/41035\/","title":{"rendered":"L&rsquo;AS Nancy Lorraine est-elle d\u00e9j\u00e0 assur\u00e9e de terminer sur le podium du National ?"},"content":{"rendered":"<p><img loading=\"lazy\" decoding=\"async\" width=\"696\" height=\"464\" class=\"lazyload entry-thumb\" src=\"https:\/\/www.europesays.com\/fr\/wp-content\/uploads\/2025\/04\/QRM-Nancy-1-696x464.jpg\" alt=\"QRM - Nancy\" title=\"QRM - Nancy (1)\"\/>Quevilly Rouen &#8211; Nancy lors de la neuvi\u00e8me journ\u00e9e. (Photo Philippe Le Brech)<\/p>\n<p style=\"font-size:20px\"><strong>En s\u2019imposant face \u00e0 Aubagne vendredi et alors qu\u2019il ne reste plus que quatre journ\u00e9es \u00e0 disputer, l\u2019AS Nancy Lorraine a fait un pas de plus vers un retour en <a href=\"https:\/\/www.grenoblefoot.info\/category\/ligue-2\/\" target=\"_blank\" rel=\"noreferrer noopener\">Ligue 2<\/a>. Si sa place sur le podium \u2013 avec donc a minima une place de barragiste \u2013 n\u2019est pas encore math\u00e9matiquement assur\u00e9e, elle est plus qu\u2019en tr\u00e8s bonne voie. Explications.<\/strong><\/p>\n<p>Gr\u00e2ce aux trois points suppl\u00e9mentaires glan\u00e9s lors de la 30\u00e8me journ\u00e9e, l\u2019\u00e9quipe de Pablo Correa a conserv\u00e9 12 longueurs d\u2019avance sur Dijon, le 4\u00e8me, et 13 sur Orl\u00e9ans, le 5\u00e8me. Ce dernier ne peut donc math\u00e9matiquement plus rejoindre Nancy au classement. Seul le DFCO pourrait emp\u00eacher les Lorrains de finir sur le podium, mais les probabilit\u00e9s sont faibles.<\/p>\n<p>Il faudrait que l\u2019ASNL perde ses quatre derniers matchs pendant que les joueurs de Ridira remportent les leurs. Cela mettrait les deux formations \u00e0 \u00e9galit\u00e9 au classement. Si le leader du National avait perdu le match aller 1-0 \u00e0 Picot, il s\u2019\u00e9tait en revanche impos\u00e9 \u00e0 Dijon sur le m\u00eame score en f\u00e9vrier dernier. Les deux \u00e9quipes resteraient donc \u00e0 \u00e9galit\u00e9 parfaite apr\u00e8s les deux premiers crit\u00e8res de d\u00e9partage.<\/p>\n<p>Il faudrait alors prendre en compte de la 3\u00e8me crit\u00e8re : le goal-average g\u00e9n\u00e9ral. Et \u00e0 ce niveau l\u00e0 Nancy a un petit matelas avec +20 apr\u00e8s 30 journ\u00e9es contre + 5 pour Dijon. Pour prendre un exemple concret, il faudrait que Nancy perde tous ses matchs avec deux buts d\u2019\u00e9cart et que le DFCO gagne tous ces matchs avec deux buts d\u2019\u00e9cart pour inverser la tendance \u2013 on aurait alors respectivement +12 et +13.<\/p>\n<p>Le calendrier de fin de saison de Nancy et Dijon<\/p>\n<p><strong>J31<\/strong><br \/>Orl\u00e9ans \u2013 Nancy<br \/>Sochaux \u2013 Dijon<br \/><strong>J32<\/strong><br \/>Nancy \u2013 N\u00eemes<br \/>Ch\u00e2teauroux \u2013 Dijon<br \/><strong>J33<\/strong><br \/>Valenciennes \u2013 Nancy<br \/>Dijon \u2013 Boulogne<br \/><strong>J34<\/strong><br \/>Nancy \u2013 Rouen<br \/>Bourg-en-Bresse \u2013 Dijon<\/p>\n<p><a href=\"https:\/\/footamateur.ouest-france.fr\/author\/fred\/\" class=\"url\" title=\"Fr\u00e9d\u00e9ric Sougey\" target=\"_blank\" rel=\"noopener\"> <img decoding=\"async\" src=\"https:\/\/www.europesays.com\/fr\/wp-content\/uploads\/2025\/04\/gnlpcfya_400x400.jpg\" class=\"lazyload photo\" width=\"250\" alt=\"Fr\u00e9d\u00e9ric Sougey\"\/><\/a><\/p>\n<p>Journaliste chez Sports M\u00e9dia<\/p>\n<p>Elev\u00e9 au c\u0153ur des Alpes, Fred quitte (temporairement) son Grenoble ador\u00e9 pour pr\u00eater sa plume et son regard au monde amateur et plus particuli\u00e8rement au Championnat National dont il est un assidu observateur. Fan de tartiflette, de Karim Mokeddem et de Mulholland Drive. Les bonnes choses de la vie, en somme.<\/p>\n<p><a href=\"https:\/\/footamateur.ouest-france.fr\/author\/fred\/\" class=\"url\" title=\"Fr\u00e9d\u00e9ric Sougey\" target=\"_blank\" rel=\"noopener\"><img decoding=\"async\" src=\"https:\/\/www.europesays.com\/fr\/wp-content\/uploads\/2025\/04\/gnlpcfya_400x400.jpg\" class=\"lazyload photo\" width=\"250\" alt=\"Fr\u00e9d\u00e9ric Sougey\"\/><\/a>Les derniers articles par Fr\u00e9d\u00e9ric Sougey (<a href=\"https:\/\/footamateur.ouest-france.fr\/author\/fred\/\" target=\"_blank\" rel=\"noopener\">tout voir<\/a>)<\/p>\n","protected":false},"excerpt":{"rendered":"Quevilly Rouen &#8211; Nancy lors de la neuvi\u00e8me journ\u00e9e. (Photo Philippe Le Brech) En s\u2019imposant face \u00e0 Aubagne&hellip;\n","protected":false},"author":2,"featured_media":41036,"comment_status":"","ping_status":"","sticky":false,"template":"","format":"standard","meta":{"footnotes":""},"categories":[9635],"tags":[1111,11,11348,1777,674,1011,27,775,1702,11349,12,25],"class_list":{"0":"post-41035","1":"post","2":"type-post","3":"status-publish","4":"format-standard","5":"has-post-thumbnail","7":"category-nancy","8":"tag-actu","9":"tag-actualites","10":"tag-as-nancy-lorraine","11":"tag-eu","12":"tag-europe","13":"tag-fr","14":"tag-france","15":"tag-grand-est","16":"tag-nancy","17":"tag-national-fff","18":"tag-news","19":"tag-republique-francaise"},"share_on_mastodon":{"url":"https:\/\/pubeurope.com\/@fr\/114374997678880867","error":""},"_links":{"self":[{"href":"https:\/\/www.europesays.com\/fr\/wp-json\/wp\/v2\/posts\/41035","targetHints":{"allow":["GET"]}}],"collection":[{"href":"https:\/\/www.europesays.com\/fr\/wp-json\/wp\/v2\/posts"}],"about":[{"href":"https:\/\/www.europesays.com\/fr\/wp-json\/wp\/v2\/types\/post"}],"author":[{"embeddable":true,"href":"https:\/\/www.europesays.com\/fr\/wp-json\/wp\/v2\/users\/2"}],"replies":[{"embeddable":true,"href":"https:\/\/www.europesays.com\/fr\/wp-json\/wp\/v2\/comments?post=41035"}],"version-history":[{"count":0,"href":"https:\/\/www.europesays.com\/fr\/wp-json\/wp\/v2\/posts\/41035\/revisions"}],"wp:featuredmedia":[{"embeddable":true,"href":"https:\/\/www.europesays.com\/fr\/wp-json\/wp\/v2\/media\/41036"}],"wp:attachment":[{"href":"https:\/\/www.europesays.com\/fr\/wp-json\/wp\/v2\/media?parent=41035"}],"wp:term":[{"taxonomy":"category","embeddable":true,"href":"https:\/\/www.europesays.com\/fr\/wp-json\/wp\/v2\/categories?post=41035"},{"taxonomy":"post_tag","embeddable":true,"href":"https:\/\/www.europesays.com\/fr\/wp-json\/wp\/v2\/tags?post=41035"}],"curies":[{"name":"wp","href":"https:\/\/api.w.org\/{rel}","templated":true}]}}