{"id":410352,"date":"2025-09-22T21:14:17","date_gmt":"2025-09-22T21:14:17","guid":{"rendered":"https:\/\/www.europesays.com\/fr\/410352\/"},"modified":"2025-09-22T21:14:17","modified_gmt":"2025-09-22T21:14:17","slug":"mali-allemagne-une-confiance-mutuelle-malgre-tout","status":"publish","type":"post","link":"https:\/\/www.europesays.com\/fr\/410352\/","title":{"rendered":"Mali-Allemagne, une confiance mutuelle malgr\u00e9 tout"},"content":{"rendered":"<p class=\"mb-4 text-lg md:leading-8 break-words\">Le Mali c\u00e9l\u00e8bre, ce lundi 22 septembre, le 65e anniversaire de son accession \u00e0 l&rsquo;ind\u00e9pendance. L&rsquo;Allemagne demeure le premier pays occidental qui a reconnu la souverainet\u00e9 internationale du Mali. Une reconnaissance qui permet de maintenir la coop\u00e9ration bilat\u00e9rale entre Bamako et Berlin, m\u00eame si les deux coups d&rsquo;Etat militaires au Mali ont d\u00e9grad\u00e9 les relations diplomatiques entre les deux pays.<\/p>\n<p>La fid\u00e9lit\u00e9 de Berlin<\/p>\n<p class=\"mb-4 text-lg md:leading-8 break-words\">Malgr\u00e9 la dynamique de rupture enclench\u00e9e par les autorit\u00e9s de la transition malienne, notamment sur le plan s\u00e9curitaire, l&rsquo;Allemagne est l&rsquo;un des rares pays occidentaux, qui continue de jouir de la confiance de Bamako et des Bamakois que nous avons rencontr\u00e9s.<\/p>\n<p class=\"mb-4 text-lg md:leading-8 break-words\">Mahamadou, enseignant \u00e0 la retraite, d\u00e9clare : \u00ab\u00a0Jusqu&rsquo;\u00e0 preuve du contraire, l&rsquo;Allemagne ne s&rsquo;est jamais d\u00e9partie des probl\u00e8mes du Mali et n&rsquo;a jamais cautionn\u00e9 quoi que ce soit s&rsquo;agissant des sanctions contre le Mali. Malgr\u00e9 les multiples crises, l&rsquo;Allemagne est rest\u00e9e fid\u00e8le au Mali.\u00a0\u00bb<\/p>\n<p><img alt=\"L'Allemagne a particip\u00e9 \u00e0 la sauvegarde des manuscrits de Tombouctou&lt;span class=&quot;copyright&quot;&gt;Xander Heinl\/photothek\/picture alliance&lt;\/span&gt;\" loading=\"lazy\" width=\"960\" height=\"540\" decoding=\"async\" data-nimg=\"1\" class=\"rounded-lg\" style=\"color:transparent\" src=\"https:\/\/www.europesays.com\/fr\/wp-content\/uploads\/2025\/09\/8da7bcd0a8fc92b26db38381448eb506.jpeg\"\/><\/p>\n<p>L&rsquo;Allemagne a particip\u00e9 \u00e0 la sauvegarde des manuscrits de TombouctouXander Heinl\/photothek\/picture alliance<\/p>\n<p class=\"mb-4 text-lg md:leading-8 break-words\">Un fonctionnaire \u00e0 la retraite, Ousmane, rappelle quant \u00e0 lui : \u00ab\u00a0De l&rsquo;ind\u00e9pendance \u00e0 nos jours, nous avons toujours aim\u00e9 les Allemands, comme les Allemands nous ont aim\u00e9s. Le Mali et l&rsquo;Allemagne, c&rsquo;est deux familles voisines. Je ne peux rien [il manque quelque chose ici ]de grave \u00e0 l&rsquo;Allemagne.\u00a0\u00bb<\/p>\n<p class=\"mb-4 text-lg md:leading-8 break-words\">Et Zana, communicateur, estime :\u00a0\u00bbmalgr\u00e9 les tensions que nous avons eu ici avec certains pays occidentaux, l&rsquo;Allemagne a su tenir son rang. L&rsquo;Allemagne a toujours reconnu la souverainet\u00e9 du Mali et ne s&rsquo;est jamais m\u00eal\u00e9e des affaires int\u00e9rieures du Mali.\u00a0\u00bb <\/p>\n<p class=\"mb-4 text-lg md:leading-8 break-words\">D&rsquo;ailleurs, Berlin poursuit ses activit\u00e9s d&rsquo;aide au d\u00e9veloppement, principalement au profit des populations rurales dans plusieurs domaines.<\/p>\n<p>Des \u00e9changes qui continuent<\/p>\n<p class=\"mb-4 text-lg md:leading-8 break-words\">Seydou Lou Beret\u00e9, enseignant-chercheur \u00e0 l&rsquo;universit\u00e9 de Bamako, \u00e9num\u00e8re les institutions allemandes toujours pr\u00e9sentes au Mali : \u00ab\u00a0Le centre culturel germano-malien, la fondation Friedrich Ebert ou encore le GIZ (l&rsquo;agence de coop\u00e9ration allemande, ndlr) qui continue de travailler avec les autorit\u00e9s maliennes et les populations maliennes\u00a0\u00bb. <\/p>\n<p class=\"mb-4 text-lg md:leading-8 break-words\">Il rappelle par ailleurs que \u00ab\u00a0tout r\u00e9cemment, les autorit\u00e9s maliennes et allemandes ont organis\u00e9 une session de discussion qui a port\u00e9 sur les infrastructures agricoles, l&rsquo;acc\u00e8s \u00e0 l&rsquo;eau potable, l&rsquo;am\u00e9lioration du syst\u00e8me \u00e9ducatif, l&rsquo;am\u00e9lioration de la situation sanitaire et alimentaire \u2026 L&rsquo;Allemagne a initi\u00e9 des centaines de projets et activit\u00e9s au Mali pour des centaines de millions d&rsquo;euros. L&rsquo;Allemagne est un pays fiable.\u00a0\u00bb<\/p>\n<p>Au chevet du Mali<\/p>\n<p class=\"mb-4 text-lg md:leading-8 break-words\">Selon Dr Aly Tounkara, directeur ex\u00e9cutif du centre d&rsquo;\u00e9tudes s\u00e9curitaires et strat\u00e9giques au Sahel, le respect de la souverainet\u00e9 du Mali est le point fort de la collaboration entre les deux pays :<\/p>\n<p class=\"mb-4 text-lg md:leading-8 break-words\">\u00ab\u00a0La force de l&rsquo;Allemagne r\u00e9side dans le fait qu&rsquo;elle a \u00e9t\u00e9 au chevet du Mali d\u00e8s les premi\u00e8res heures de l&rsquo;ind\u00e9pendance. Dans le m\u00eame temps, toutes les actions qu&rsquo;elle m\u00e8ne se font dans des conditions tout \u00e0 fait respectueuses. La posture colonialiste ou condescendante est un trait qui ne rime pas avec la coop\u00e9ration allemande. Ce qui fait que l&rsquo;Allemagne est \u00e0 la fois appr\u00e9ci\u00e9e par l&rsquo;\u00e9lite au pouvoir, mais \u00e9galement par les communaut\u00e9s et particuli\u00e8rement celles qui b\u00e9n\u00e9ficient de ses diff\u00e9rents apports dans les localit\u00e9s comme Mopti, Gao, S\u00e9gou ou m\u00eame Kidal.\u00a0\u00bb<\/p>\n<p class=\"mb-4 text-lg md:leading-8 break-words\">Ulf Laessing de la fondation allemande Konrad Adenauer indique pour sa part que les coups d&rsquo;Etat militaires n&rsquo;ont pas affect\u00e9 les relations entre le Mali et l&rsquo;Allemagne.<\/p>\n<p class=\"mb-4 text-lg md:leading-8 break-words\">\u00ab\u00a0L&rsquo;Allemagne a certes r\u00e9duit sa coop\u00e9ration avec le Mali avec des coupes budg\u00e9taires au niveau de l&rsquo;aide au d\u00e9veloppement, mais elle reste toujours engag\u00e9e aux c\u00f4t\u00e9s du Mali\u00a0\u00bb, rapelle ainsi Ulf Laessing.<\/p>\n<p class=\"mb-4 text-lg md:leading-8 break-words\">Lors des r\u00e9centes consultations germano-maliennes tenues \u00e0 Bamako, en mai dernier, l&rsquo;Allemagne a r\u00e9affirm\u00e9 son soutien au processus de transition au Mali.<\/p>\n<p class=\"mb-4 text-lg md:leading-8 break-words\">Mais Berlin s&rsquo;interroge toutefois sur la situation politique et les restrictions aux libert\u00e9s fondamentales dans le pays.<\/p>\n","protected":false},"excerpt":{"rendered":"Le Mali c\u00e9l\u00e8bre, ce lundi 22 septembre, le 65e anniversaire de son accession \u00e0 l&rsquo;ind\u00e9pendance. L&rsquo;Allemagne demeure le&hellip;\n","protected":false},"author":2,"featured_media":410353,"comment_status":"","ping_status":"","sticky":false,"template":"","format":"standard","meta":{"footnotes":""},"categories":[1587],"tags":[54153,11,672,1804,1805,1803,1777,674,1801,54154,41132,1136,12,48747,19236,1802],"class_list":{"0":"post-410352","1":"post","2":"type-post","3":"status-publish","4":"format-standard","5":"has-post-thumbnail","7":"category-allemagne","8":"tag-accession-a-lindependance","9":"tag-actualites","10":"tag-allemagne","11":"tag-bundesrepublik-deutschland","12":"tag-de","13":"tag-deutschland","14":"tag-eu","15":"tag-europe","16":"tag-germany","17":"tag-luniversite-de-bamako","18":"tag-l39allemagne","19":"tag-mali","20":"tag-news","21":"tag-pays-occidentaux","22":"tag-relations-diplomatiques","23":"tag-republique-federale-dallemagne"},"share_on_mastodon":{"url":"https:\/\/pubeurope.com\/@fr\/115250021856515205","error":""},"_links":{"self":[{"href":"https:\/\/www.europesays.com\/fr\/wp-json\/wp\/v2\/posts\/410352","targetHints":{"allow":["GET"]}}],"collection":[{"href":"https:\/\/www.europesays.com\/fr\/wp-json\/wp\/v2\/posts"}],"about":[{"href":"https:\/\/www.europesays.com\/fr\/wp-json\/wp\/v2\/types\/post"}],"author":[{"embeddable":true,"href":"https:\/\/www.europesays.com\/fr\/wp-json\/wp\/v2\/users\/2"}],"replies":[{"embeddable":true,"href":"https:\/\/www.europesays.com\/fr\/wp-json\/wp\/v2\/comments?post=410352"}],"version-history":[{"count":0,"href":"https:\/\/www.europesays.com\/fr\/wp-json\/wp\/v2\/posts\/410352\/revisions"}],"wp:featuredmedia":[{"embeddable":true,"href":"https:\/\/www.europesays.com\/fr\/wp-json\/wp\/v2\/media\/410353"}],"wp:attachment":[{"href":"https:\/\/www.europesays.com\/fr\/wp-json\/wp\/v2\/media?parent=410352"}],"wp:term":[{"taxonomy":"category","embeddable":true,"href":"https:\/\/www.europesays.com\/fr\/wp-json\/wp\/v2\/categories?post=410352"},{"taxonomy":"post_tag","embeddable":true,"href":"https:\/\/www.europesays.com\/fr\/wp-json\/wp\/v2\/tags?post=410352"}],"curies":[{"name":"wp","href":"https:\/\/api.w.org\/{rel}","templated":true}]}}