{"id":410354,"date":"2025-09-22T21:15:14","date_gmt":"2025-09-22T21:15:14","guid":{"rendered":"https:\/\/www.europesays.com\/fr\/410354\/"},"modified":"2025-09-22T21:15:14","modified_gmt":"2025-09-22T21:15:14","slug":"lagarde-exhorte-leurope-a-renforcer-le-role-mondial-de-leuro-business-am","status":"publish","type":"post","link":"https:\/\/www.europesays.com\/fr\/410354\/","title":{"rendered":"Lagarde exhorte l&rsquo;Europe \u00e0 renforcer le r\u00f4le mondial de l&rsquo;euro &#8211; Business AM"},"content":{"rendered":"<p>                    <img decoding=\"async\" style=\"aspect-ratio:16\/9\" src=\"https:\/\/www.europesays.com\/fr\/wp-content\/uploads\/2025\/09\/Christine-Lagarde-4.webp\" width=\"100%\" loading=\"eager\"\/><\/p>\n<p>                            <a href=\"https:\/\/fr.businessam.be\/author\/redactie\/\" class=\"author-thumbnail\" style=\"border: 2px inset #00000099;\" target=\"_blank\" rel=\"noopener\"><img loading=\"lazy\" decoding=\"async\" src=\"https:\/\/www.europesays.com\/fr\/wp-content\/uploads\/2025\/09\/1758575714_756_cropped-favicon-192x192.png\" width=\"80\" height=\"80\" alt=\"Business AM\"\/><\/a>\ue05bpar <a href=\"https:\/\/fr.businessam.be\/author\/redactie\/\" target=\"_blank\" rel=\"noopener\">Business AM<\/a><br \/>\ue010publi\u00e9 le lundi 22 septembre 2025 \u00e0 19:00 \u2022 <br \/>\ue00c2 min de lecture<\/p>\n<p>Principaux renseignements<\/p>\n<ul class=\"wp-block-list\">\n<li><strong>Christine Lagarde plaide pour un renforcement de la position de l\u2019euro sur la sc\u00e8ne mondiale.<\/strong><\/li>\n<li><strong>La vision de Christine Lagarde se heurte \u00e0 des obstacles dus aux diff\u00e9rentes priorit\u00e9s nationales au sein de la zone euro.<\/strong><\/li>\n<li><strong>Bien qu\u2019il soit la deuxi\u00e8me monnaie la plus \u00e9chang\u00e9e, l\u2019euro n\u2019a pas encore atteint la domination du dollar am\u00e9ricain.<\/strong><\/li>\n<\/ul>\n<p>Face \u00e0 l\u2019\u00e9volution du paysage du commerce international due \u00e0 la politique de l\u2019ancien pr\u00e9sident am\u00e9ricain <a href=\"https:\/\/fr.businessam.be\/donald-trump-exclut-le-deploiement-de-troupes-americaines-en-ukraine\/\" target=\"_blank\" rel=\"noreferrer noopener\">Donald Trump<\/a>, Christine Lagarde, la directrice de la Banque centrale europ\u00e9enne, a exhort\u00e9 les dirigeants europ\u00e9ens \u00e0 renforcer la position de l\u2019euro sur la sc\u00e8ne mondiale. Elle envisage ce moment comme un \u00ab\u00a0moment global de l\u2019euro\u00a0\u00bb, o\u00f9 l\u2019Europe peut exercer une plus grande influence financi\u00e8re.<\/p>\n<p>La vision de Lagarde se heurte \u00e0 des obstacles<\/p>\n<p>La vision de Lagarde se heurte \u00e0 des obstacles li\u00e9s aux diff\u00e9rences de priorit\u00e9s nationales au sein de la zone euro. Alors qu\u2019elle pr\u00e9conise des mesures telles que l\u2019\u00e9mission conjointe de titres de cr\u00e9ance et des r\u00e9formes financi\u00e8res, ces propositions se heurtent \u00e0 la r\u00e9sistance des capitales europ\u00e9ennes qui privil\u00e9gient leurs propres int\u00e9r\u00eats nationaux plut\u00f4t qu\u2019un syst\u00e8me mon\u00e9taire unifi\u00e9. Par cons\u00e9quent, les progr\u00e8s vers un euro plus fort restent lents.<\/p>\n<p>L\u2019euro, bien qu\u2019il soit la deuxi\u00e8me monnaie la plus \u00e9chang\u00e9e dans le monde, n\u2019a pas encore atteint la position dominante du dollar am\u00e9ricain. Les appels persistants de Lagarde \u00e0 l\u2019action soulignent les d\u00e9fis permanents auxquels l\u2019Europe est confront\u00e9e dans l\u2019unification de ses syst\u00e8mes \u00e9conomiques et mon\u00e9taires. Le continent cherche \u00e0 renforcer l\u2019attrait mondial de l\u2019euro et \u00e0 en faire une force de premier plan dans la finance internationale. (uv)<\/p>\n<p><a href=\"https:\/\/news.google.com\/publications\/CAowtseUCw?hl=fr&amp;gl=BE&amp;ceid=BE%3Afr\" target=\"_blank\" rel=\"noopener\">Suivez \u00e9galement Business AM sur Google Actualit\u00e9s<\/a><\/p>\n<p><a href=\"https:\/\/portalfr.businessam.be\/plans\/business-am-fr-offre-dete\/\" target=\"_blank\" rel=\"noopener\">Si vous souhaitez acc\u00e9der \u00e0 tous les articles, abonnez-vous ici!<\/a><\/p>\n","protected":false},"excerpt":{"rendered":"\ue05bpar Business AM\ue010publi\u00e9 le lundi 22 septembre 2025 \u00e0 19:00 \u2022 \ue00c2 min de lecture Principaux renseignements Christine&hellip;\n","protected":false},"author":2,"featured_media":410355,"comment_status":"","ping_status":"","sticky":false,"template":"","format":"standard","meta":{"footnotes":""},"categories":[1586],"tags":[11,1777,674,1011,27,54155,12,25],"class_list":{"0":"post-410354","1":"post","2":"type-post","3":"status-publish","4":"format-standard","5":"has-post-thumbnail","7":"category-europe","8":"tag-actualites","9":"tag-eu","10":"tag-europe","11":"tag-fr","12":"tag-france","13":"tag-lagarde","14":"tag-news","15":"tag-republique-francaise"},"share_on_mastodon":{"url":"https:\/\/pubeurope.com\/@fr\/115250025424223267","error":""},"_links":{"self":[{"href":"https:\/\/www.europesays.com\/fr\/wp-json\/wp\/v2\/posts\/410354","targetHints":{"allow":["GET"]}}],"collection":[{"href":"https:\/\/www.europesays.com\/fr\/wp-json\/wp\/v2\/posts"}],"about":[{"href":"https:\/\/www.europesays.com\/fr\/wp-json\/wp\/v2\/types\/post"}],"author":[{"embeddable":true,"href":"https:\/\/www.europesays.com\/fr\/wp-json\/wp\/v2\/users\/2"}],"replies":[{"embeddable":true,"href":"https:\/\/www.europesays.com\/fr\/wp-json\/wp\/v2\/comments?post=410354"}],"version-history":[{"count":0,"href":"https:\/\/www.europesays.com\/fr\/wp-json\/wp\/v2\/posts\/410354\/revisions"}],"wp:featuredmedia":[{"embeddable":true,"href":"https:\/\/www.europesays.com\/fr\/wp-json\/wp\/v2\/media\/410355"}],"wp:attachment":[{"href":"https:\/\/www.europesays.com\/fr\/wp-json\/wp\/v2\/media?parent=410354"}],"wp:term":[{"taxonomy":"category","embeddable":true,"href":"https:\/\/www.europesays.com\/fr\/wp-json\/wp\/v2\/categories?post=410354"},{"taxonomy":"post_tag","embeddable":true,"href":"https:\/\/www.europesays.com\/fr\/wp-json\/wp\/v2\/tags?post=410354"}],"curies":[{"name":"wp","href":"https:\/\/api.w.org\/{rel}","templated":true}]}}