{"id":410362,"date":"2025-09-22T21:19:13","date_gmt":"2025-09-22T21:19:13","guid":{"rendered":"https:\/\/www.europesays.com\/fr\/410362\/"},"modified":"2025-09-22T21:19:13","modified_gmt":"2025-09-22T21:19:13","slug":"la-france-reconnait-desormais-officiellement-un-etat-de-palestine","status":"publish","type":"post","link":"https:\/\/www.europesays.com\/fr\/410362\/","title":{"rendered":"La France reconna\u00eet d\u00e9sormais officiellement un \u00c9tat de Palestine"},"content":{"rendered":"<p>Alors que la guerre dans la bande de Gaza fait rage, la France a reconnu l\u2019\u00c9tat palestinien lundi, au d\u00e9but d\u2019une r\u00e9union importante aux Nations unies visant \u00e0 galvaniser le soutien \u00e0 une solution \u00e0 deux \u00c9tats au conflit au Moyen-Orient. D\u2019autres pays devraient suivre, au m\u00e9pris d\u2019Isra\u00ebl et des \u00c9tats-Unis.<\/p>\n<p>L\u2019annonce du pr\u00e9sident fran\u00e7ais Emmanuel Macron dans la salle de l\u2019Assembl\u00e9e g\u00e9n\u00e9rale des Nations unies a \u00e9t\u00e9 chaleureusement applaudie par plus de 140\u00a0dirigeants pr\u00e9sents. Mahmoud Abbas, le pr\u00e9sident palestinien, \u00e9tait pr\u00e9sent par vid\u00e9o en direct, apr\u00e8s que le gouvernement am\u00e9ricain lui a interdit d\u2019assister en personne \u00e0 la r\u00e9union des Nations unies.<\/p>\n<p>\u00abFid\u00e8le \u00e0 l\u2019engagement historique de mon pays au Proche-Orient, pour la paix entre le peuple isra\u00e9lien et le peuple palestinien, je d\u00e9clare que la France reconna\u00eet aujourd\u2019hui l\u2019\u00c9tat de Palestine\u00bb, a d\u00e9clar\u00e9 M.\u00a0Macron. La r\u00e9union et la reconnaissance \u00e9largie de l\u2019\u00c9tat palestinien ne devraient avoir que peu d\u2019impact r\u00e9el sur le terrain, o\u00f9 Isra\u00ebl m\u00e8ne une nouvelle offensive majeure dans la bande de Gaza et \u00e9tend ses colonies en Cisjordanie occup\u00e9e.<\/p>\n<p>Le pr\u00e9sident Macron a annonc\u00e9 la reconnaissance d\u2019un \u00c9tat palestinien au d\u00e9but de la r\u00e9union, au cours de laquelle plusieurs dirigeants mondiaux \u00e9taient attendus. Le pr\u00e9sident palestinien Mahmoud Abbas devait s\u2019exprimer par vid\u00e9oconf\u00e9rence, apr\u00e8s que lui et des dizaines d\u2019autres hauts responsables palestiniens se soient vu refuser des visas am\u00e9ricains pour assister \u00e0 l\u2019Assembl\u00e9e.<\/p>\n<p>Le secr\u00e9taire g\u00e9n\u00e9ral de l\u2019ONU, Antonio Guterres, a d\u00e9clar\u00e9 que \u00abl\u2019\u00c9tat palestinien est un droit, pas une r\u00e9compense pour les Palestiniens\u00bb. Cette d\u00e9claration semble r\u00e9pondre \u00e0 l\u2019argument du gouvernement isra\u00e9lien selon lequel la reconnaissance de l\u2019\u00c9tat r\u00e9compense le Hamas apr\u00e8s son attaque du 7\u00a0octobre, qui a d\u00e9clench\u00e9 la guerre dans la bande de Gaza il y a deux ans.<\/p>\n<p>Le Canada, le Royaume-Uni, l\u2019Australie et le Portugal ont reconnu l\u2019\u00c9tat de Palestine dimanche, et les Palestiniens s\u2019attendent \u00e0 ce que dix autres pays fassent de m\u00eame dans les prochains jours. Pr\u00e8s du trois quarts des 193\u00a0\u00c9tats membres de l\u2019ONU reconnaissent la Palestine, mais d\u2019importantes nations occidentales s\u2019y \u00e9taient jusqu\u2019\u00e0 r\u00e9cemment refus\u00e9es, affirmant que seules des n\u00e9gociations avec Isra\u00ebl pouvaient y mener.<\/p>\n<p>Le gouvernement du premier ministre isra\u00e9lien Benyamin N\u00e9tanyahou s\u2019opposait \u00e0 la cr\u00e9ation d\u2019un \u00c9tat palestinien avant m\u00eame le d\u00e9but de la guerre et affirme aujourd\u2019hui qu\u2019une telle d\u00e9cision vient r\u00e9compenser le Hamas, qui contr\u00f4le encore certaines parties de la bande de Gaza. Il a laiss\u00e9 entendre qu\u2019Isra\u00ebl pourrait prendre des mesures unilat\u00e9rales en r\u00e9ponse, notamment l\u2019annexion de certaines parties de la Cisjordanie, ce qui rendrait encore plus difficile la cr\u00e9ation d\u2019un \u00c9tat palestinien viable.<\/p>\n<p>Le porte-parole de l\u2019ONU, St\u00e9phane Dujarric, a balay\u00e9 ces menaces d\u2019un revers de main, affirmant que les efforts pour parvenir \u00e0 une solution \u00e0 deux \u00c9tats devaient se poursuivre, quelles que soient les actions d\u2019Isra\u00ebl. <\/p>\n<p>\u00abJe pense que nous devons \u00eatre d\u00e9termin\u00e9s \u00e0 atteindre l\u2019objectif que nous souhaitons, et nous ne pouvons pas nous laisser distraire par les menaces et l\u2019intimidation\u00bb, a-t-il soutenu.<\/p>\n<p>L\u2019administration du pr\u00e9sident am\u00e9ricain Donald Trump s\u2019oppose \u00e9galement \u00e0 la reconnaissance croissante d\u2019un \u00c9tat palestinien et lui impute la responsabilit\u00e9 de l\u2019\u00e9chec des n\u00e9gociations de cessez-le-feu avec le Hamas. L\u2019envoy\u00e9 de M.\u00a0Trump, Steve Witkoff, a quitt\u00e9 les n\u00e9gociations en juillet, et, plus t\u00f4t ce mois-ci, une frappe isra\u00e9lienne a vis\u00e9 les n\u00e9gociateurs du Hamas au Qatar, un m\u00e9diateur cl\u00e9.<\/p>\n","protected":false},"excerpt":{"rendered":"Alors que la guerre dans la bande de Gaza fait rage, la France a reconnu l\u2019\u00c9tat palestinien lundi,&hellip;\n","protected":false},"author":2,"featured_media":410363,"comment_status":"","ping_status":"","sticky":false,"template":"","format":"standard","meta":{"footnotes":""},"categories":[4],"tags":[11,1011,27,1854,4576,12,25],"class_list":{"0":"post-410362","1":"post","2":"type-post","3":"status-publish","4":"format-standard","5":"has-post-thumbnail","7":"category-france","8":"tag-actualites","9":"tag-fr","10":"tag-france","11":"tag-https-lactualite-com-sujet-international","12":"tag-https-lactualite-com-sujet-politique","13":"tag-news","14":"tag-republique-francaise"},"share_on_mastodon":{"url":"https:\/\/pubeurope.com\/@fr\/115250040838572886","error":""},"_links":{"self":[{"href":"https:\/\/www.europesays.com\/fr\/wp-json\/wp\/v2\/posts\/410362","targetHints":{"allow":["GET"]}}],"collection":[{"href":"https:\/\/www.europesays.com\/fr\/wp-json\/wp\/v2\/posts"}],"about":[{"href":"https:\/\/www.europesays.com\/fr\/wp-json\/wp\/v2\/types\/post"}],"author":[{"embeddable":true,"href":"https:\/\/www.europesays.com\/fr\/wp-json\/wp\/v2\/users\/2"}],"replies":[{"embeddable":true,"href":"https:\/\/www.europesays.com\/fr\/wp-json\/wp\/v2\/comments?post=410362"}],"version-history":[{"count":0,"href":"https:\/\/www.europesays.com\/fr\/wp-json\/wp\/v2\/posts\/410362\/revisions"}],"wp:featuredmedia":[{"embeddable":true,"href":"https:\/\/www.europesays.com\/fr\/wp-json\/wp\/v2\/media\/410363"}],"wp:attachment":[{"href":"https:\/\/www.europesays.com\/fr\/wp-json\/wp\/v2\/media?parent=410362"}],"wp:term":[{"taxonomy":"category","embeddable":true,"href":"https:\/\/www.europesays.com\/fr\/wp-json\/wp\/v2\/categories?post=410362"},{"taxonomy":"post_tag","embeddable":true,"href":"https:\/\/www.europesays.com\/fr\/wp-json\/wp\/v2\/tags?post=410362"}],"curies":[{"name":"wp","href":"https:\/\/api.w.org\/{rel}","templated":true}]}}