{"id":41037,"date":"2025-04-21T08:25:08","date_gmt":"2025-04-21T08:25:08","guid":{"rendered":"https:\/\/www.europesays.com\/fr\/41037\/"},"modified":"2025-04-21T08:25:08","modified_gmt":"2025-04-21T08:25:08","slug":"a-la-farlede-la-ptite-boutique-du-coin-celebre-les-saveurs-locales","status":"publish","type":"post","link":"https:\/\/www.europesays.com\/fr\/41037\/","title":{"rendered":"\u00c0 La Farl\u00e8de, \u00ab La P\u2019tite Boutique du coin \u00bb c\u00e9l\u00e8bre les saveurs locales"},"content":{"rendered":"<p>                    <img loading=\"lazy\" decoding=\"async\" src=\"https:\/\/www.europesays.com\/fr\/wp-content\/uploads\/2025\/04\/167f08d4933c6e0819e2a8ebd46677.jpg\" class=\"img-responsive post-image\" width=\"680\" height=\"510\" alt=\"\u00c0 La Farl\u00e8de, \u00ab La P'tite\" title=\"\u00c0 La Farl\u00e8de, \u00ab La P'tite Boutique du coin \u00bb c\u00e9l\u00e8bre les saveurs locales \"\/><\/p>\n<p class=\"chapo\">Sous l\u2019impulsion d\u00e9termin\u00e9e d\u2019Yves Palmi\u00e9ri, le maire, la Ville a intensifi\u00e9 son engagement en faveur du d\u00e9veloppement durable.<\/p>\n<p>Un d\u00e9fi municipal qui mobilise les citoyens et les scolaires pour qu\u2019ils agissent en commun face aux enjeux \u00e9cologiques.<br class=\"texte\"\/><br \/>\n\u00ab\u00a0 Cette strat\u00e9gie de transition environnementale vise \u00e0 transformer la commune en impliquant activement ses habitants. Un premier travail avec les \u00e9lus et les services municipaux a d\u00e9j\u00e0 \u00e9t\u00e9 engag\u00e9. D\u00e9sormais, c\u2019est aux citoyens et aux \u00e9l\u00e8ves de s\u2019impliquer. C\u2019est un d\u00e9fi collectif pour un avenir durable que nous avons lanc\u00e9 \u00a0\u00bb, a rappel\u00e9 <strong>Yves Palmi\u00e9ri.<\/strong><\/p>\n<p>PROMOTION DES PRODUITS LOCAUX<\/p>\n<p>\u00ab\u00a0Chacun pourra contribuer \u00e0 la transformation \u00e9cologique de notre ville et participer \u00e0 la protection de notre plan\u00e8te. Ensemble, r\u00e9g\u00e9n\u00e9rons La Farl\u00e8de pour les g\u00e9n\u00e9rations futures \u00a0\u00bb, a assur\u00e9 le premier magistrat.<br class=\"autobr\"\/><br \/>\nCette action s\u2019est, tout d\u2019abord, concr\u00e9tis\u00e9e par l\u2019inauguration de \u00ab\u00a0<strong>La P\u2019tite Boutique du coin<\/strong>\u00a0\u00bb, un nouveau lieu pour c\u00e9l\u00e9brer les saveurs locales, inaugur\u00e9e en marge du lancement de \u00ab\u00a0La Farl\u00e8de se r\u00e9g\u00e9n\u00e8re\u00a0\u00bb. Ce nouvel espace local, d\u00e9di\u00e9 aux produits du terroir, a ouvert ses portes au 1 rue de la Gare, \u00e0 l\u2019angle de l\u2019avenue de la R\u00e9publique.<br class=\"autobr\"\/><br \/>\nC\u2019est un concept innovant \u00e0 d\u00e9couvrir car \u00ab\u00a0La P\u2019tite Boutique du coin\u00a0\u00bb se veut un lieu de convivialit\u00e9 et de d\u00e9couverte, visant \u00e0 prolonger, tout au long de l\u2019ann\u00e9e, les acquis de l\u2019\u00e9v\u00e9nement phare \u00ab\u00a0Entre vignes et Coudon\u00a0\u00bb.<br class=\"autobr\"\/><br \/>\nAvec cette boutique, les visiteurs peuvent profiter d\u2019une offre riche en produits locaux propos\u00e9e par \u00ab\u00a0<strong>Le Bien ou le Malt<\/strong>\u00a0\u00bb, le locataire des lieux. La boutique ouvre trois jours par semaine et propose une s\u00e9lection de bi\u00e8res et de vins, issus des domaines viticoles locaux fid\u00e8les acteurs de la r\u00e9ussite d\u2019\u00ab\u00a0Entre vignes et Coudon\u00a0\u00bb.<br class=\"autobr\"\/><br \/>\n\u00ab\u00a0La P\u2019tite Boutique du coin\u00a0\u00bb s\u2019inscrit dans une dynamique de promotion des produits locaux et d\u2019encouragement \u00e0 la consommation responsable. Ce projet est le fruit d\u2019un Appel \u00e0 manifestation d\u2019int\u00e9r\u00eat, offrant aux commer\u00e7ants farl\u00e9dois une vitrine pour exposer leurs savoir-faire. Cet espace vient enrichir la dynamique du centre-ville et renforcer les liens entre producteurs et consommateurs\u00a0\u00bb, s\u2019est f\u00e9licit\u00e9 le maire.<\/p>\n<p>Photo de Une\u00a0: \u00a9Ville de La Farl\u00e8de<\/p>\n","protected":false},"excerpt":{"rendered":"Sous l\u2019impulsion d\u00e9termin\u00e9e d\u2019Yves Palmi\u00e9ri, le maire, la Ville a intensifi\u00e9 son engagement en faveur du d\u00e9veloppement durable.&hellip;\n","protected":false},"author":2,"featured_media":41038,"comment_status":"","ping_status":"","sticky":false,"template":"","format":"standard","meta":{"footnotes":""},"categories":[9619],"tags":[1111,11,2408,1777,674,1011,27,12,882,25,2310],"class_list":{"0":"post-41037","1":"post","2":"type-post","3":"status-publish","4":"format-standard","5":"has-post-thumbnail","7":"category-toulon","8":"tag-actu","9":"tag-actualites","10":"tag-appels-d","11":"tag-eu","12":"tag-europe","13":"tag-fr","14":"tag-france","15":"tag-news","16":"tag-provence-alpes-cote-dazur","17":"tag-republique-francaise","18":"tag-toulon"},"share_on_mastodon":{"url":"https:\/\/pubeurope.com\/@fr\/114375001958024196","error":""},"_links":{"self":[{"href":"https:\/\/www.europesays.com\/fr\/wp-json\/wp\/v2\/posts\/41037","targetHints":{"allow":["GET"]}}],"collection":[{"href":"https:\/\/www.europesays.com\/fr\/wp-json\/wp\/v2\/posts"}],"about":[{"href":"https:\/\/www.europesays.com\/fr\/wp-json\/wp\/v2\/types\/post"}],"author":[{"embeddable":true,"href":"https:\/\/www.europesays.com\/fr\/wp-json\/wp\/v2\/users\/2"}],"replies":[{"embeddable":true,"href":"https:\/\/www.europesays.com\/fr\/wp-json\/wp\/v2\/comments?post=41037"}],"version-history":[{"count":0,"href":"https:\/\/www.europesays.com\/fr\/wp-json\/wp\/v2\/posts\/41037\/revisions"}],"wp:featuredmedia":[{"embeddable":true,"href":"https:\/\/www.europesays.com\/fr\/wp-json\/wp\/v2\/media\/41038"}],"wp:attachment":[{"href":"https:\/\/www.europesays.com\/fr\/wp-json\/wp\/v2\/media?parent=41037"}],"wp:term":[{"taxonomy":"category","embeddable":true,"href":"https:\/\/www.europesays.com\/fr\/wp-json\/wp\/v2\/categories?post=41037"},{"taxonomy":"post_tag","embeddable":true,"href":"https:\/\/www.europesays.com\/fr\/wp-json\/wp\/v2\/tags?post=41037"}],"curies":[{"name":"wp","href":"https:\/\/api.w.org\/{rel}","templated":true}]}}