{"id":410371,"date":"2025-09-22T21:26:09","date_gmt":"2025-09-22T21:26:09","guid":{"rendered":"https:\/\/www.europesays.com\/fr\/410371\/"},"modified":"2025-09-22T21:26:09","modified_gmt":"2025-09-22T21:26:09","slug":"le-francais-ousmane-dembele-psg-remporte-le-ballon-dor-2025-devant-lamine-yamal-et-vitinha-eurosport","status":"publish","type":"post","link":"https:\/\/www.europesays.com\/fr\/410371\/","title":{"rendered":"Le Fran\u00e7ais Ousmane Demb\u00e9l\u00e9 (PSG) remporte le Ballon d&#039;Or 2025 devant Lamine Yamal et Vitinha &#8211; Eurosport"},"content":{"rendered":"<ol>\n<li><a href=\"https:\/\/news.google.com\/rss\/articles\/CBMi_wFBVV95cUxQd2dKam94ZTZFYmtUREV1YUpvN3F6M3pfVGR4WngxOWFSTWtZbDMwQ0FFUHA4X3NWdkNfVUluUWRUTnZjUGxQbE50cVUtclhzcUFZcFM0c1E4WjV2OTUxQ2E2MG1taTZEQy13Q2M1bE5OTEhYdGVtdXc1RU5xdE9JXzVGcDQyZXdpZ1cxT29GR0xZejdGT1FiUVZydjY2ZGJOWHFKQ3FVU0VYeWRNc0UzcGRGOF82SDVSeU5DMjM3VnlSeG9wSHFadUJpWjBzWG8xdzFubEZTWmcyejdzbkpOcHl5WDRkZVN5Z3lpSV9aSkVEbWlaTXlMdWFuQmJ4MTA?oc=5\" target=\"_blank\" rel=\"noopener\">Le Fran\u00e7ais Ousmane Demb\u00e9l\u00e9 (PSG) remporte le Ballon d&rsquo;Or 2025 devant Lamine Yamal et Vitinha<\/a>&nbsp;&nbsp;Eurosport<\/li>\n<li><a href=\"https:\/\/news.google.com\/rss\/articles\/CBMivAFBVV95cUxNMm1hYzh2MjdKR180LUM3YTA0MDNtbXdsXzJsbk5JY09nZWJyem9QbGNLU0k4dThXZzg5dXBFU0xoSWIyMXRsUXo0amxER0tGcFBhZEZYUVVEX0VjUU9XMEtlY2dkMnpPUDRVblFVTUltZHFvaWstdzV3Y2xhTmRldEFuX0ZFb1VNX0RaeEdQWjRuTVZaZ0ctM2dEZTd5NHZfWDlETnRPZUpWbFFXTE1sdnBGMVV0bHhQckRfRg?oc=5\" target=\"_blank\" rel=\"noopener\">Ballon d&rsquo;Or 2025 : le triomphe d&rsquo;Ousmane Demb\u00e9l\u00e9, sixi\u00e8me Fran\u00e7ais sacr\u00e9<\/a>&nbsp;&nbsp;L&rsquo;\u00c9quipe<\/li>\n<li><a href=\"https:\/\/news.google.com\/rss\/articles\/CBMimwJBVV95cUxOTGQyUDRsTERsQlhLNUFnZ2NnVTE0dC1mS3RGYno1bXBrenVqNnA4ZFhyTF96Tlc0UXZMRHRVdi14Z0V5RGo2MUlNbHlvdkR5QjVNVm41ZHNacDZGb1FSTkR5VlBwR0VZN29YUTA5ZVJVcnlDUksweWZTUmtHNXZQUWNuTm9WaFgwSnljbHFTY3BBbmNOaFZ2aU5IUmJMamFxX3djRjhJRnFtTXhNenBJZHVPQ3NHSThZMWVKRlp4djZlN1o4aGxaZGw0bnhQOTR2QmhNcU5zZkV6RzBlb0RDdW5hTVM2bXJoWnNzZ2VDQS1sVHh6M3pXYkNOMm52QWc0cEhPSG5lUGczaVFRYl9zUU1VaDBGX2lpb0pz?oc=5\" target=\"_blank\" rel=\"noopener\">Vitinha sur le podium, Mbapp\u00e9 7e, Vinicius d\u00e9gringole : Le classement complet du Ballon d&rsquo;Or 2025<\/a>&nbsp;&nbsp;Eurosport<\/li>\n<li><a href=\"https:\/\/news.google.com\/rss\/articles\/CBMiuAFBVV95cUxOVEpjXzY2dkFqOXRpSUlvSmg4U3lfeTU1N19jbHpHMWFIM3Z2aGE5NGNiOS1mMEVrbWswM2JpLXJ1MVF6UzZXY3RXbHg1aUd3c2dmbTF4cGFiVGNOU3pVMkdqT1hoV1ZWYzJ1NXYydWZxcnl1RTdkajdUOU81eXMxc2tyYWtvTVBjSkRZOGRfRTlINVROTXprNjhYeVdVMlJON0JlWERyXzZkYkJhMFlCTjM5U25ic045?oc=5\" target=\"_blank\" rel=\"noopener\">En direct Football. Ousmane Demb\u00e9l\u00e9 \u00e9lu Ballon d&rsquo;Or 2025 devant Lamine Yamal et Vitinha<\/a>&nbsp;&nbsp;Le Dauphin\u00e9 Lib\u00e9r\u00e9<\/li>\n<li><a href=\"https:\/\/news.google.com\/rss\/articles\/CBMi0gFBVV95cUxPTl9KTUQ3dzBHZEI0NE1DUXFCSEZSSFItLU5tZGg3dEhrX3d0dDcyYUhVRDNVSDJFMXlyazFobl9EZDFOSk4wZ0xRTFl2a0ZYQ3hMWHdRbGFpUndva2ZBZVdzWUFGd2hJeWFBaG1uSTFPUW9TdDdrdzB6TlZmSjVMV3Q4b2labmI2bmlDczI4YTZlRlVNM3B5VTlkOFE1aFBaMWp2M1dKUjFhNGNmUWoycFc5MmlKdXlDcHZ0UWJ4LVozdUZuSHZkS3RMelFqNGpDbEE?oc=5\" target=\"_blank\" rel=\"noopener\">DIRECT. Ballon d&rsquo;or 2025 : Demb\u00e9l\u00e9 sacr\u00e9 devant Yamal, 6e Fran\u00e7ais \u00e0 gagner le troph\u00e9e, le classement<\/a>&nbsp;&nbsp;Linternaute.com<\/li>\n<\/ol>\n","protected":false},"excerpt":{"rendered":"Le Fran\u00e7ais Ousmane Demb\u00e9l\u00e9 (PSG) remporte le Ballon d&rsquo;Or 2025 devant Lamine Yamal et Vitinha&nbsp;&nbsp;Eurosport Ballon d&rsquo;Or 2025&hellip;\n","protected":false},"author":2,"featured_media":395849,"comment_status":"","ping_status":"","sticky":false,"template":"","format":"standard","meta":{"footnotes":""},"categories":[1412],"tags":[1451,1452,1453,1454,1455,1011,27,60],"class_list":{"0":"post-410371","1":"post","2":"type-post","3":"status-publish","4":"format-standard","5":"has-post-thumbnail","7":"category-f1","8":"tag-f1","9":"tag-formula-1","10":"tag-formula1","11":"tag-formule-1","12":"tag-formule1","13":"tag-fr","14":"tag-france","15":"tag-sports"},"share_on_mastodon":{"url":"https:\/\/pubeurope.com\/@fr\/115250068499880773","error":""},"_links":{"self":[{"href":"https:\/\/www.europesays.com\/fr\/wp-json\/wp\/v2\/posts\/410371","targetHints":{"allow":["GET"]}}],"collection":[{"href":"https:\/\/www.europesays.com\/fr\/wp-json\/wp\/v2\/posts"}],"about":[{"href":"https:\/\/www.europesays.com\/fr\/wp-json\/wp\/v2\/types\/post"}],"author":[{"embeddable":true,"href":"https:\/\/www.europesays.com\/fr\/wp-json\/wp\/v2\/users\/2"}],"replies":[{"embeddable":true,"href":"https:\/\/www.europesays.com\/fr\/wp-json\/wp\/v2\/comments?post=410371"}],"version-history":[{"count":0,"href":"https:\/\/www.europesays.com\/fr\/wp-json\/wp\/v2\/posts\/410371\/revisions"}],"wp:featuredmedia":[{"embeddable":true,"href":"https:\/\/www.europesays.com\/fr\/wp-json\/wp\/v2\/media\/395849"}],"wp:attachment":[{"href":"https:\/\/www.europesays.com\/fr\/wp-json\/wp\/v2\/media?parent=410371"}],"wp:term":[{"taxonomy":"category","embeddable":true,"href":"https:\/\/www.europesays.com\/fr\/wp-json\/wp\/v2\/categories?post=410371"},{"taxonomy":"post_tag","embeddable":true,"href":"https:\/\/www.europesays.com\/fr\/wp-json\/wp\/v2\/tags?post=410371"}],"curies":[{"name":"wp","href":"https:\/\/api.w.org\/{rel}","templated":true}]}}