{"id":410376,"date":"2025-09-22T21:29:11","date_gmt":"2025-09-22T21:29:11","guid":{"rendered":"https:\/\/www.europesays.com\/fr\/410376\/"},"modified":"2025-09-22T21:29:11","modified_gmt":"2025-09-22T21:29:11","slug":"ballon-dor-2025-ousmane-dembele-entoure-de-charlotte-cardin-et-charlene-de-monaco-sur-le-tapis-rouge","status":"publish","type":"post","link":"https:\/\/www.europesays.com\/fr\/410376\/","title":{"rendered":"Ballon d\u2019Or 2025 : Ousmane Demb\u00e9l\u00e9 entour\u00e9 de Charlotte Cardin et Charl\u00e8ne de Monaco sur le tapis rouge"},"content":{"rendered":"<p>Le tout-Paris et la plan\u00e8te football avaient les yeux riv\u00e9s sur la c\u00e9r\u00e9monie du Ballon d\u2019Or 2025, qui s\u2019est tenue ce lundi soir \u00e0 Paris, au Th\u00e9\u00e2tre du Ch\u00e2telet. Parmi les stars les plus attendues de la soir\u00e9e : Ousmane Demb\u00e9l\u00e9, grand favori pour d\u00e9crocher le prestigieux troph\u00e9e. Mais c\u2019est autant sa pr\u00e9sence que son entourage sur le tapis rouge qui a fait couler beaucoup d\u2019encre. Car cette ann\u00e9e, le footballeur fran\u00e7ais est arriv\u00e9\u2026 seul.<\/p>\n<p>Ousmane Demb\u00e9l\u00e9, grand favori de la soir\u00e9e\u2026 et seul sur le tapis rouge<\/p>\n<p>Annonc\u00e9 comme l\u2019un des pr\u00e9tendants les plus s\u00e9rieux \u00e0 la succession de Lionel Messi au palmar\u00e8s du Ballon d\u2019Or, <strong><a href=\"https:\/\/www.public.fr\/ousmane-dembele-les-attendrissantes-images-de-sa-fille-dechainee-apres-la-victoire\" rel=\"nofollow noopener\" target=\"_blank\">Ousmane Demb\u00e9l\u00e9<\/a> a marqu\u00e9 cette \u00e9dition 2025 par une entr\u00e9e aussi remarqu\u00e9e que myst\u00e9rieuse<\/strong>. V\u00eatu d\u2019un smoking noir et d&rsquo;une chemise blanche, sobre et \u00e9l\u00e9gant, le joueur du Paris Saint-Germain a fait une apparition solo sur le tapis rouge, <strong>sans son \u00e9pouse Rima Edbouche<\/strong>, avec laquelle il partage habituellement tous ses moments forts.<\/p>\n<p>Une absence qui n\u2019a pas manqu\u00e9 de faire r\u00e9agir les observateurs pr\u00e9sents. Les raisons de cette discr\u00e9tion ? Le joueur, fid\u00e8le \u00e0 son caract\u00e8re r\u00e9serv\u00e9, <strong>n\u2019a fait aucun commentaire<\/strong>, pr\u00e9f\u00e9rant saluer rapidement les journalistes avant de rejoindre les coulisses de la c\u00e9r\u00e9monie.<\/p>\n<p>Charl\u00e8ne de Monaco et Charlotte Cardin volent la vedette<\/p>\n<p>Mais si Demb\u00e9l\u00e9 a surpris par sa solitude, <strong>ce sont surtout les personnalit\u00e9s qui l\u2019entouraient qui ont cr\u00e9\u00e9 l\u2019\u00e9v\u00e9nement<\/strong>. \u00c0 ses c\u00f4t\u00e9s, la princesse <strong>Charl\u00e8ne de Monaco<\/strong>, sublime dans une robe fourreau blanche, a foul\u00e9 le tapis rouge avec l\u2019\u00e9l\u00e9gance qu\u2019on lui conna\u00eet. Venue soutenir l\u2019\u00e9v\u00e9nement en tant qu\u2019invit\u00e9e d\u2019honneur, la femme du prince Albert II a salu\u00e9 les photographes avec un large sourire, posant quelques instants aux c\u00f4t\u00e9s de l\u2019ailier du PSG.<\/p>\n<p>Autre pr\u00e9sence remarqu\u00e9e : <strong>Charlotte Cardin<\/strong>, chanteuse canadienne et nouvelle ic\u00f4ne mode, rayonnante dans une robe longue noire \u00e0 l\u2019esth\u00e9tique minimaliste. Proche de plusieurs personnalit\u00e9s du football, la jeune artiste a \u00e9t\u00e9 invit\u00e9e par la FIFA pour un showcase priv\u00e9 durant la soir\u00e9e.<\/p>\n<p>Pluie de stars : Ronaldinho, Michou, Sakho, Figo&#8230;<\/p>\n<p>La c\u00e9r\u00e9monie du Ballon d\u2019Or est toujours l\u2019occasion de voir se croiser sportifs, artistes et c\u00e9l\u00e9brit\u00e9s du monde entier. Et cette \u00e9dition 2025 <strong>n\u2019a pas d\u00e9rog\u00e9 \u00e0 la r\u00e8gle<\/strong>. Parmi les invit\u00e9s qui ont fait sensation : la l\u00e9gende br\u00e9silienne <strong><a href=\"https:\/\/www.public.fr\/tag\/ronaldinho\" rel=\"nofollow noopener\" target=\"_blank\">Ronaldinho<\/a><\/strong>, tout sourire comme \u00e0 son habitude. L\u2019ex-footballeur portugais <strong>Luis Figo<\/strong> \u00e9tait \u00e9galement pr\u00e9sent, \u00e9l\u00e9gant et tr\u00e8s complice avec Charl\u00e8ne de Monaco lors du photocall.<\/p>\n<p>C\u00f4t\u00e9 stars fran\u00e7aises, <strong><a href=\"https:\/\/www.public.fr\/tag\/mamadou-sakho\" rel=\"nofollow noopener\" target=\"_blank\">Mamadou Sakho<\/a><\/strong> a fait une apparition tr\u00e8s remarqu\u00e9e, posant en compagnie de ses enfants, ainsi que <a href=\"https:\/\/www.public.fr\/il-y-a-eu-un-enorme-elsa-bois-et-michou-apres-la-rupture-la-terrible-epreuve\" rel=\"nofollow noopener\" target=\"_blank\"><strong>Michou<\/strong>, l&rsquo;influenceur YouTubeur<\/a> devenu incontournable sur les tapis rouges, v\u00eatu d\u2019un costume bleu \u00e9lectrique sign\u00e9 Jacquemus.<\/p>\n<p>L\u2019ambiance, entre glamour, football et moments d\u2019\u00e9motion, a conquis le public et les internautes, qui ont massivement comment\u00e9 l\u2019\u00e9v\u00e9nement en temps r\u00e9el sur les r\u00e9seaux sociaux.<\/p>\n<p>      Mentionn\u00e9s dans cet article<\/p>\n<p>      Sur le m\u00eame sujet<\/p>\n","protected":false},"excerpt":{"rendered":"Le tout-Paris et la plan\u00e8te football avaient les yeux riv\u00e9s sur la c\u00e9r\u00e9monie du Ballon d\u2019Or 2025, qui&hellip;\n","protected":false},"author":2,"featured_media":410377,"comment_status":"","ping_status":"","sticky":false,"template":"","format":"standard","meta":{"footnotes":""},"categories":[1359],"tags":[454,58,59,1011,27,2782,973,20995],"class_list":{"0":"post-410376","1":"post","2":"type-post","3":"status-publish","4":"format-standard","5":"has-post-thumbnail","7":"category-people","8":"tag-ballon-dor","9":"tag-divertissement","10":"tag-entertainment","11":"tag-fr","12":"tag-france","13":"tag-ousmane-dembele","14":"tag-people","15":"tag-tapis-rouge"},"share_on_mastodon":{"url":"https:\/\/pubeurope.com\/@fr\/115250080557136443","error":""},"_links":{"self":[{"href":"https:\/\/www.europesays.com\/fr\/wp-json\/wp\/v2\/posts\/410376","targetHints":{"allow":["GET"]}}],"collection":[{"href":"https:\/\/www.europesays.com\/fr\/wp-json\/wp\/v2\/posts"}],"about":[{"href":"https:\/\/www.europesays.com\/fr\/wp-json\/wp\/v2\/types\/post"}],"author":[{"embeddable":true,"href":"https:\/\/www.europesays.com\/fr\/wp-json\/wp\/v2\/users\/2"}],"replies":[{"embeddable":true,"href":"https:\/\/www.europesays.com\/fr\/wp-json\/wp\/v2\/comments?post=410376"}],"version-history":[{"count":0,"href":"https:\/\/www.europesays.com\/fr\/wp-json\/wp\/v2\/posts\/410376\/revisions"}],"wp:featuredmedia":[{"embeddable":true,"href":"https:\/\/www.europesays.com\/fr\/wp-json\/wp\/v2\/media\/410377"}],"wp:attachment":[{"href":"https:\/\/www.europesays.com\/fr\/wp-json\/wp\/v2\/media?parent=410376"}],"wp:term":[{"taxonomy":"category","embeddable":true,"href":"https:\/\/www.europesays.com\/fr\/wp-json\/wp\/v2\/categories?post=410376"},{"taxonomy":"post_tag","embeddable":true,"href":"https:\/\/www.europesays.com\/fr\/wp-json\/wp\/v2\/tags?post=410376"}],"curies":[{"name":"wp","href":"https:\/\/api.w.org\/{rel}","templated":true}]}}