{"id":410378,"date":"2025-09-22T21:30:30","date_gmt":"2025-09-22T21:30:30","guid":{"rendered":"https:\/\/www.europesays.com\/fr\/410378\/"},"modified":"2025-09-22T21:30:30","modified_gmt":"2025-09-22T21:30:30","slug":"decouvrez-les-10-photos-finalistes-du-concours-la-plus-belle-vue-de-paris-et-votez-pour-vos-favorites","status":"publish","type":"post","link":"https:\/\/www.europesays.com\/fr\/410378\/","title":{"rendered":"D\u00e9couvrez les 10 photos finalistes du concours\u00a0\u00ab La plus belle vue de Paris \u00bb\u00a0et votez pour vos favorites"},"content":{"rendered":"<p>Troisi\u00e8me \u00e9tape du <strong>concours photo \u00ab\u00a0La plus belle vue de Paris\u00a0\u00bb<\/strong> organis\u00e9 par l\u2019Observatoire Tour Montparnasse. Apr\u00e8s avoir s\u00e9lectionn\u00e9 les <strong>64 finalistes<\/strong> et le vote du public sur Instagram, les <strong>10 photos finalistes<\/strong> ont \u00e9t\u00e9 d\u00e9voil\u00e9es lors du vernissage de <strong>l\u2019exposition<\/strong> qui se tient actuellement au <strong>56e \u00e9tage de la Tour Montparnasse<\/strong>.<\/p>\n<p>D\u00e9sormais, c\u2019est<strong> <a href=\"https:\/\/www.tourmontparnasse56.com\/fr\/concours-photo\/\" target=\"_blank\" rel=\"noopener\">\u00e0 vous de voter<\/a> pour 3 des 10 clich\u00e9s finalistes<\/strong>, s\u00e9lectionn\u00e9s parmi des centaines de participations, offrent un regard unique sur Paris. Voici ces images accompagn\u00e9es de leur histoire. <strong>A vos votes !<\/strong><\/p>\n<p class=\"has-text-align-center\">Ce concours est organis\u00e9 par <a href=\"https:\/\/www.tourmontparnasse56.com\/fr\/\" target=\"_blank\" rel=\"noopener\">l\u2019Observatoire Paris Montparnasse<\/a>, aux c\u00f4t\u00e9s de ses partenaires <a href=\"https:\/\/phototrend.fr\" target=\"_blank\" rel=\"noopener\">Phototrend<\/a> et <a href=\"https:\/\/fr.labkorner.com\/?gad_source=1&amp;gad_campaignid=9832645811&amp;gbraid=0AAAAADjvzvxwBwzbMhVmRSQLxm1GgrWOR&amp;gclid=Cj0KCQjw58PGBhCkARIsADbDilxXpJlNVXxv5jJ5C1ThFyF_tr88wHa0LkaRYHuK9U7gb4Od49CE82IaAv2tEALw_wcB\" target=\"_blank\" rel=\"noopener\">LabKorner<\/a>.<\/p>\n<p>Paris en feu doux<\/p>\n<p><img decoding=\"async\" width=\"900\" height=\"1350\" loading=\"lazy\" src=\"https:\/\/www.europesays.com\/fr\/wp-content\/uploads\/2025\/09\/instakanis23.jpg\" alt=\"\" class=\"wp-image-249216\"  \/><strong>Anis Kabli<\/strong> \u2013 <a href=\"https:\/\/www.instagram.com\/instakanis\/\" target=\"_blank\" rel=\"noopener\">@instakanis<\/a><\/p>\n<p>\u00ab Au printemps 2025, alors que Paris s\u2019embrase de douces lumi\u00e8res, j\u2019ai captur\u00e9 ce coucher de soleil depuis la butte Bergeyre pour que le monde puisse admirer la beaut\u00e9 intemporelle de Paris. \u00bb<\/p>\n<p>Apr\u00e8s la pluie<\/p>\n<p><img decoding=\"async\" width=\"900\" height=\"1350\" loading=\"lazy\" src=\"https:\/\/www.europesays.com\/fr\/wp-content\/uploads\/2025\/09\/inseine23.jpg\" alt=\"\" class=\"wp-image-249217\"  \/><strong>Tadji Kretschmer<\/strong> \u2013 <a href=\"https:\/\/www.instagram.com\/inseinelyparis\/\" target=\"_blank\" rel=\"noopener\">@inseinelyparis<\/a><\/p>\n<p>\u00ab En me promenant dans Paris, j\u2019ai \u00e9t\u00e9 surprise par la pluie. Quand l\u2019orage s\u2019est dissip\u00e9, la lumi\u00e8re dor\u00e9e est revenue et la flaque d\u2019eau m\u2019a offert un cadeau : ce reflet \u00e9ph\u00e9m\u00e8re. \u00bb<\/p>\n<p>Lever de lune<\/p>\n<p><img decoding=\"async\" width=\"900\" height=\"1350\" loading=\"lazy\" src=\"https:\/\/www.europesays.com\/fr\/wp-content\/uploads\/2025\/09\/yoel23.jpg\" alt=\"\" class=\"wp-image-249218\"  \/><strong>Yo\u00ebl Ta\u00efeb<\/strong> \u2013 <a href=\"https:\/\/www.instagram.com\/yoeltaieb\/\" target=\"_blank\" rel=\"noopener\">@yoeltaieb<\/a><\/p>\n<p>\u00ab Ph\u00e9nom\u00e8ne c\u00e9leste r\u00e9current, le lever de pleine lune reste un \u00e9v\u00e9nement magique, en particulier lorsque ce satellite naturel de la Terre est parfaitement align\u00e9 avec l\u2019un des plus beaux monuments de Paris. \u00bb<\/p>\n<p>\u00c9l\u00e9vation pharaonique<\/p>\n<p><img decoding=\"async\" width=\"900\" height=\"1350\" loading=\"lazy\" src=\"https:\/\/www.europesays.com\/fr\/wp-content\/uploads\/2025\/09\/unfrancais23.jpg\" alt=\"\" class=\"wp-image-249219\"  \/><strong>Maxime Sellin-Forlay<\/strong> \u2013 <a href=\"https:\/\/www.instagram.com\/unfrancaisaparis\/\" target=\"_blank\" rel=\"noopener\">@unfrancaisaparis<\/a><\/p>\n<p>\u00ab Fl\u00e8che de pierre et de lumi\u00e8re, l\u2019Ob\u00e9lisque s\u2019\u00e9l\u00e8ve vers le ciel, comme une \u00e9l\u00e9vation divine suspendue entre histoire et \u00e9ternit\u00e9. \u00bb<\/p>\n<p>Trois couleurs<\/p>\n<p><img decoding=\"async\" width=\"1350\" height=\"900\" loading=\"lazy\" src=\"https:\/\/www.europesays.com\/fr\/wp-content\/uploads\/2025\/09\/vy23.jpg\" alt=\"\" class=\"wp-image-249220\"  \/><strong>Valentin Yvon<\/strong> \u2013 <a href=\"https:\/\/www.instagram.com\/vy__photography\/\" target=\"_blank\" rel=\"noopener\">@vy.photographe<\/a><\/p>\n<p>\u00ab Dans la qui\u00e9tude d\u2019un soir d\u2019ao\u00fbt 2021, la Patrouille de France r\u00e9p\u00e8te en pr\u00e9paratif des JO de 2024 une figure in\u00e9dite : leur iconique \u00e9clatement, face \u00e0 Paris. La figure ne sera finalement pas reproduite \u00bb<\/p>\n<p>Histoire de perspective<\/p>\n<p><img decoding=\"async\" width=\"900\" height=\"1350\" loading=\"lazy\" src=\"https:\/\/www.europesays.com\/fr\/wp-content\/uploads\/2025\/09\/ruben23.jpg\" alt=\"\" class=\"wp-image-249221\"  \/><strong>Daniel Cohen<\/strong> \u2013 <a href=\"https:\/\/www.instagram.com\/rubendany\/\" target=\"_blank\" rel=\"noopener\">@rubendany<\/a><\/p>\n<p>\u00ab Poser mon regard sur cette perspective de la magie parisienne, de la pyramide du Louvre derri\u00e8re moi jusqu\u2019\u00e0 l\u2019Arc de Triomphe, sublim\u00e9e par la l\u00e9g\u00e8ret\u00e9 et la po\u00e9sie de la vasque de Mathieu Lehanneur. \u00bb<\/p>\n<p>Paris \u00e9ternelle<\/p>\n<p><img decoding=\"async\" width=\"1350\" height=\"900\" loading=\"lazy\" src=\"https:\/\/www.europesays.com\/fr\/wp-content\/uploads\/2025\/09\/pierre23.jpg\" alt=\"\" class=\"wp-image-249222\"  \/><strong>Pierre Pineau<\/strong> \u2013 <a href=\"https:\/\/www.instagram.com\/pierrepineau5\/?hl=fr\" target=\"_blank\" rel=\"noopener\">@pierrepineau5<\/a><\/p>\n<p>\u00ab Dans ce ciel nocturne, sa pr\u00e9sence demeure. \u00c0 ma Maman, qui aimait tant cette couleur. \u00bb<\/p>\n<p>Fl\u00e2nerie parisienne<\/p>\n<p><img decoding=\"async\" width=\"900\" height=\"1350\" loading=\"lazy\" src=\"https:\/\/www.europesays.com\/fr\/wp-content\/uploads\/2025\/09\/vincent.jpg\" alt=\"\" class=\"wp-image-249223\"  \/><strong>Vincent-Fran\u00e7ois Drappier<\/strong> \u2013 <a href=\"https:\/\/www.instagram.com\/vincentfdrappier\/\" target=\"_blank\" rel=\"noopener\">@vincentfdrappier<\/a><\/p>\n<p>\u00ab Paris en juillet\u2026 le soir tombe et je d\u00e9ambule rue de Rivoli tel un opportuniste, profitant des jeux de lumi\u00e8re du coucher de soleil. \u00bb<\/p>\n<p>Sous la lanterne d\u2019or, 2024<\/p>\n<p><img decoding=\"async\" width=\"900\" height=\"1350\" loading=\"lazy\" src=\"https:\/\/www.europesays.com\/fr\/wp-content\/uploads\/2025\/09\/bysammy23.jpg\" alt=\"\" class=\"wp-image-249224\"  \/><strong>Sammy Royal<\/strong> \u2013 <a href=\"https:\/\/www.instagram.com\/bysammyroyal\/\" target=\"_blank\" rel=\"noopener\">@bysammyroyal<\/a><\/p>\n<p>\u00ab J\u2019ai eu l\u2019occasion de pouvoir prendre cette photo depuis la lanterne situ\u00e9e au sommet de l\u2019Institut de France. Un moment rare pour immortaliser Paris \u00e0 l\u2019heure dor\u00e9e depuis ce point de vue unique. \u00bb<\/p>\n<p>LA FILLE AUX FLEURS, 2025<\/p>\n<p><img decoding=\"async\" width=\"900\" height=\"1350\" loading=\"lazy\" src=\"https:\/\/www.europesays.com\/fr\/wp-content\/uploads\/2025\/09\/imzefyr.jpg\" alt=\"\" class=\"wp-image-249225\"  \/><strong>Logan Louboutin<\/strong> \u2013 <a href=\"https:\/\/www.instagram.com\/imzefyr\/?hl=fr\" target=\"_blank\" rel=\"noopener\">@imzefyr<\/a><\/p>\n<p>\u00ab Une douce lumi\u00e8re se refl\u00e9tant sur l\u2019architecture parisienne et une silhouette romantique face \u00e0 l\u2019imprenable vue sur les hauteurs de Paris. La beaut\u00e9 d\u2019un moment impr\u00e9vu qui n\u2019a dur\u00e9 que quelques secondes. \u00bb<\/p>\n<p>Votez pour vos photos favorites<\/p>\n<p>Ces dix clich\u00e9s sont expos\u00e9s \u00e0 l\u2019Observatoire de la Tour Montparnasse. Vous pouvez d\u00e9couvrir l\u2019exposition et voter pour vos trois photos favorites en suivant <a href=\"https:\/\/www.tourmontparnasse56.com\/fr\/concours-photo\/\" target=\"_blank\" rel=\"noreferrer noopener\">ce lien<\/a>.<\/p>\n<p>Pour rappel, le vote du public est ouvert jusqu\u2019au 9 octobre, avec l\u2019annonce des laur\u00e9ats le 10 octobre sur le compte Instagram de l\u2019Observatoire Paris Montparnasse.<\/p>\n<p>\t\t\t\t\t\t\t\t\t<script async src=\"\/\/www.instagram.com\/embed.js\"><\/script><\/p>\n","protected":false},"excerpt":{"rendered":"Troisi\u00e8me \u00e9tape du concours photo \u00ab\u00a0La plus belle vue de Paris\u00a0\u00bb organis\u00e9 par l\u2019Observatoire Tour Montparnasse. Apr\u00e8s avoir&hellip;\n","protected":false},"author":2,"featured_media":410379,"comment_status":"","ping_status":"","sticky":false,"template":"","format":"standard","meta":{"footnotes":""},"categories":[1358],"tags":[47,1348,1384,1385,39645,33942,1386,58,59,11615,1011,27,39646],"class_list":{"0":"post-410378","1":"post","2":"type-post","3":"status-publish","4":"format-standard","5":"has-post-thumbnail","7":"category-arts-et-design","8":"tag-actualite","9":"tag-arts","10":"tag-arts-and-design","11":"tag-arts-et-design","12":"tag-concours-instagram","13":"tag-concours-photo","14":"tag-design","15":"tag-divertissement","16":"tag-entertainment","17":"tag-featured","18":"tag-fr","19":"tag-france","20":"tag-observatoire-paris-montparnasse"},"share_on_mastodon":{"url":"https:\/\/pubeurope.com\/@fr\/115250085015775379","error":""},"_links":{"self":[{"href":"https:\/\/www.europesays.com\/fr\/wp-json\/wp\/v2\/posts\/410378","targetHints":{"allow":["GET"]}}],"collection":[{"href":"https:\/\/www.europesays.com\/fr\/wp-json\/wp\/v2\/posts"}],"about":[{"href":"https:\/\/www.europesays.com\/fr\/wp-json\/wp\/v2\/types\/post"}],"author":[{"embeddable":true,"href":"https:\/\/www.europesays.com\/fr\/wp-json\/wp\/v2\/users\/2"}],"replies":[{"embeddable":true,"href":"https:\/\/www.europesays.com\/fr\/wp-json\/wp\/v2\/comments?post=410378"}],"version-history":[{"count":0,"href":"https:\/\/www.europesays.com\/fr\/wp-json\/wp\/v2\/posts\/410378\/revisions"}],"wp:featuredmedia":[{"embeddable":true,"href":"https:\/\/www.europesays.com\/fr\/wp-json\/wp\/v2\/media\/410379"}],"wp:attachment":[{"href":"https:\/\/www.europesays.com\/fr\/wp-json\/wp\/v2\/media?parent=410378"}],"wp:term":[{"taxonomy":"category","embeddable":true,"href":"https:\/\/www.europesays.com\/fr\/wp-json\/wp\/v2\/categories?post=410378"},{"taxonomy":"post_tag","embeddable":true,"href":"https:\/\/www.europesays.com\/fr\/wp-json\/wp\/v2\/tags?post=410378"}],"curies":[{"name":"wp","href":"https:\/\/api.w.org\/{rel}","templated":true}]}}