{"id":410382,"date":"2025-09-22T21:32:12","date_gmt":"2025-09-22T21:32:12","guid":{"rendered":"https:\/\/www.europesays.com\/fr\/410382\/"},"modified":"2025-09-22T21:32:12","modified_gmt":"2025-09-22T21:32:12","slug":"une-soiree-chemsex-avec-slimane-un-chroniqueur-de-quotidien-se-lache-en-direct-et-cest-violent","status":"publish","type":"post","link":"https:\/\/www.europesays.com\/fr\/410382\/","title":{"rendered":"\u201cUne soir\u00e9e chemsex avec Slimane\u201d, un chroniqueur de Quotidien se l\u00e2che en direct et c\u2019est violent"},"content":{"rendered":"<p data-start=\"642\" data-end=\"894\">Ce lundi 22 septembre, le<br \/>\nplateau de <a href=\"https:\/\/www.closermag.fr\/politique\/cest-sensuel-emmanuel-macron-se-lache-ces-images-pas-vues-devoilees-dans-quotidien-3581670\" rel=\"nofollow noopener\" target=\"_blank\"><br \/>\nQuotidien<\/a> a connu un<br \/>\nmoment t\u00e9l\u00e9vis\u00e9 comme seul GuiHome sait les provoquer. \u00c0 21h10, le<br \/>\nchroniqueur belge a fait une entr\u00e9e pour le moins th\u00e9\u00e2trale : robe<br \/>\nde mari\u00e9e blanche, essouffl\u00e9, courant vers <a href=\"https:\/\/www.closermag.fr\/people\/ramzy-bedia-ne-se-remet-pas-du-changement-physique-de-yann-barthes-il-perd-totalement-le-fil-de-linterview-3580534\" rel=\"nofollow noopener\" target=\"_blank\"><br \/>\nYann Barth\u00e8s<\/a>.<\/p>\n<p data-start=\"896\" data-end=\"1380\">Et plut\u00f4t que de calmer le jeu,<br \/>\nil a choisi de frapper fort. \u201cOh, Yann ! Oh, Yann ! Oh, bonsoir Yann, je suis tellement<br \/>\ncontent de vous revoir. Touchez-moi la main, j\u2019ai cru que je ne<br \/>\nvous reverrais jamais ! Je sais ce que vous vous d\u00eetes, que<br \/>\n<strong>je reviens d\u2019une soir\u00e9e chemsex<\/strong> avec les potes de<br \/>\n<a href=\"https:\/\/www.closermag.fr\/politique\/bruno-retailleau-cette-supposee-soiree-chemsex-qui-pourrait-lui-causer-du-tort-indirectement-3581184\" rel=\"nofollow noopener\" target=\"_blank\"><br \/>\n[Bruno] Retailleau<\/a> et <a href=\"https:\/\/www.closermag.fr\/people\/slimane-metamorphose-le-chanteur-tres-discret-depuis-les-accusations-contre-lui-devoile-une-photo-impressionnante-3557202\" rel=\"nofollow noopener\" target=\"_blank\"><br \/>\nSlimane<\/a>. Mais pas du tout, j\u2019ai une autre explication.\u201d Un<br \/>\nd\u00e9marrage \u00e0 la fois burlesque et brutal, qui a fig\u00e9 le public avant<br \/>\nde d\u00e9clencher quelques rires nerveux.<\/p>\n<p>Slimane condamn\u00e9 pour<br \/>\nharc\u00e8lement<\/p>\n<p data-start=\"1166\" data-end=\"1460\">Si la sortie de GuiHome a fait<br \/>\nr\u00e9agir, c\u2019est aussi parce que Slimane est au c\u0153ur de l\u2019actualit\u00e9<br \/>\njudiciaire. Le 16 septembre dernier, le tribunal judiciaire de<br \/>\nSaint-\u00c9tienne l\u2019a <a href=\"https:\/\/www.closermag.fr\/people\/slimane-accuse-de-harcelement-sexuel-coup-de-tonnerre-le-verdict-est-tombe-apres-laffaire-3580162\" rel=\"nofollow noopener\" target=\"_blank\"><br \/>\ncondamn\u00e9<\/a> \u00e0 <strong data-start=\"1354\" data-end=\"1379\">10 000<br \/>\neuros d\u2019amende<\/strong>, dont 3 000 avec sursis, pour <a href=\"https:\/\/www.closermag.fr\/people\/slimane-accuse-dagression-sexuelle-des-elements-presentes-pendant-sa-garde-a-vue-mais-une-audition-compliquee-3512975\" rel=\"nofollow noopener\" target=\"_blank\"><br \/>\nharc\u00e8lement<\/a> sur un technicien lors d\u2019un concert.<\/p>\n<p data-start=\"1462\" data-end=\"1741\">Certaines plaintes pour<br \/>\nagression sexuelle ont \u00e9t\u00e9 class\u00e9es sans suite, mais cette<br \/>\ncondamnation, relay\u00e9e par Le<br \/>\nMonde et TF1 Info, a marqu\u00e9 une \u00e9tape dans les affaires<br \/>\nentourant le chanteur. Autant dire que l\u2019allusion de GuiHome a<br \/>\ntrouv\u00e9 un \u00e9cho particulier aupr\u00e8s du public.<\/p>\n<p>Paul<br \/>\nde Saint Sernin revient sur son clash avec Nicolas Bedos<\/p>\n<p data-start=\"1811\" data-end=\"2226\">Ce soir, les deux invit\u00e9s du<br \/>\njour \u00e9taient l&rsquo;humoriste <a href=\"https:\/\/www.closermag.fr\/tv_tele_realite\/ton-pere-cest-un-voleur-tres-en-forme-paul-de-saint-sernin-sen-prend-a-louis-sarkozy-3541980\" rel=\"nofollow noopener\" target=\"_blank\"><br \/>\nPaul de Saint Sernin<\/a> et son fr\u00e8re, Guillaume. L\u2019humoriste de 34<br \/>\nans, connu comme le \u201csniper\u201d de Quelle \u00e9poque ! sur France 2, a \u00e9voqu\u00e9 son \u00e9change<br \/>\ntendu avec Nicolas Bedos en mai dernier. Sur le plateau, il avait<br \/>\nlanc\u00e9 \u00e0 l\u2019\u00e9crivain : \u201cL\u2019argent r\u00e9colt\u00e9 gr\u00e2ce \u00e0 la vente de ce livre va \u00eatre<br \/>\nrevers\u00e9 \u00e0 une association de victimes. <strong>Tu ne le sais pas,<br \/>\nje viens de le d\u00e9cider.\u201d<\/strong> Une pique qui avait glac\u00e9<br \/>\nl\u2019atmosph\u00e8re.<\/p>\n<p data-start=\"2228\" data-end=\"2512\">Dans Quotidien, il a confi\u00e9 : \u201cUn jour, je raconterai la vraie histoire parce<br \/>\nqu\u2019il y a beaucoup plus que cette simple s\u00e9quence. (\u2026) J\u2019\u00e9tais mal<br \/>\n\u00e0 l\u2019aise, mais je devais dire quelque chose. Sinon, aux yeux des<br \/>\ngens, le sniper se tait face \u00e0 un condamn\u00e9 pour agression<br \/>\nsexuelle.\u201d Il reconna\u00eet avoir improvis\u00e9 sous pression :<br \/>\n\u201cEn une demi-seconde,<br \/>\n<strong>tu dois trouver une sortie.<\/strong> (\u2026) C\u2019\u00e9tait ma mani\u00e8re<br \/>\nde penser aux victimes.\u201d Malgr\u00e9 la g\u00eane, il dit avoir retenu<br \/>\nle positif : \u201cQuand je suis<br \/>\nsorti du plateau, beaucoup de femmes de l\u2019\u00e9quipe m\u2019ont remerci\u00e9.<br \/>\nC\u2019\u00e9tait une exp\u00e9rience sociale.\u201d<\/p>\n","protected":false},"excerpt":{"rendered":"Ce lundi 22 septembre, le plateau de Quotidien a connu un moment t\u00e9l\u00e9vis\u00e9 comme seul GuiHome sait les&hellip;\n","protected":false},"author":2,"featured_media":410383,"comment_status":"","ping_status":"","sticky":false,"template":"","format":"standard","meta":{"footnotes":""},"categories":[1356],"tags":[11109,548,12232,58,59,1011,27,1404,9055,252,1364,1405],"class_list":{"0":"post-410382","1":"post","2":"type-post","3":"status-publish","4":"format-standard","5":"has-post-thumbnail","7":"category-television","8":"tag-accusations","9":"tag-article-simple","10":"tag-clash","11":"tag-divertissement","12":"tag-entertainment","13":"tag-fr","14":"tag-france","15":"tag-quotidien","16":"tag-slimane","17":"tag-television","18":"tag-tv","19":"tag-yann-barthes"},"share_on_mastodon":{"url":"https:\/\/pubeurope.com\/@fr\/115250092236381722","error":""},"_links":{"self":[{"href":"https:\/\/www.europesays.com\/fr\/wp-json\/wp\/v2\/posts\/410382","targetHints":{"allow":["GET"]}}],"collection":[{"href":"https:\/\/www.europesays.com\/fr\/wp-json\/wp\/v2\/posts"}],"about":[{"href":"https:\/\/www.europesays.com\/fr\/wp-json\/wp\/v2\/types\/post"}],"author":[{"embeddable":true,"href":"https:\/\/www.europesays.com\/fr\/wp-json\/wp\/v2\/users\/2"}],"replies":[{"embeddable":true,"href":"https:\/\/www.europesays.com\/fr\/wp-json\/wp\/v2\/comments?post=410382"}],"version-history":[{"count":0,"href":"https:\/\/www.europesays.com\/fr\/wp-json\/wp\/v2\/posts\/410382\/revisions"}],"wp:featuredmedia":[{"embeddable":true,"href":"https:\/\/www.europesays.com\/fr\/wp-json\/wp\/v2\/media\/410383"}],"wp:attachment":[{"href":"https:\/\/www.europesays.com\/fr\/wp-json\/wp\/v2\/media?parent=410382"}],"wp:term":[{"taxonomy":"category","embeddable":true,"href":"https:\/\/www.europesays.com\/fr\/wp-json\/wp\/v2\/categories?post=410382"},{"taxonomy":"post_tag","embeddable":true,"href":"https:\/\/www.europesays.com\/fr\/wp-json\/wp\/v2\/tags?post=410382"}],"curies":[{"name":"wp","href":"https:\/\/api.w.org\/{rel}","templated":true}]}}