{"id":410398,"date":"2025-09-22T21:41:13","date_gmt":"2025-09-22T21:41:13","guid":{"rendered":"https:\/\/www.europesays.com\/fr\/410398\/"},"modified":"2025-09-22T21:41:13","modified_gmt":"2025-09-22T21:41:13","slug":"larmee-israelienne-annonce-quun-projectile-a-ete-tire-de-gaza-ville","status":"publish","type":"post","link":"https:\/\/www.europesays.com\/fr\/410398\/","title":{"rendered":"l&rsquo;arm\u00e9e isra\u00e9lienne annonce qu&rsquo;un projectile a \u00e9t\u00e9 tir\u00e9 de Gaza-ville"},"content":{"rendered":"<p class=\"mb-4 text-lg md:leading-8 break-words\">L&rsquo;arm\u00e9e isra\u00e9lienne a annonc\u00e9 ce lundi 22 septembre avoir intercept\u00e9 un projectile tir\u00e9 depuis la ville de Gaza, o\u00f9 elle m\u00e8ne une offensive visant \u00e0 \u00e9liminer le Hamas et <a href=\"https:\/\/fr.news.yahoo.com\/benjamin-netanyahu-annonce-quisra%C3%ABl-entend-145926705.html\" data-ylk=\"slk:prendre le contr\u00f4le de ce secteur;elm:context_link;itc:0;sec:content-canvas;outcm:mb_qualified_link;_E:mb_qualified_link;ct:story;\" class=\"link  yahoo-link\" target=\"_blank\" rel=\"noopener\">prendre le contr\u00f4le de ce secteur<\/a>.<\/p>\n<p class=\"mb-4 text-lg md:leading-8 break-words\">\u00ab\u00a0Un projectile tir\u00e9 depuis la zone de la ville de Gaza a \u00e9t\u00e9 intercept\u00e9 par l&rsquo;arm\u00e9e de l&rsquo;air isra\u00e9lienne\u00a0\u00bb, a-t-elle indiqu\u00e9 dans un communiqu\u00e9.<\/p>\n<p class=\"mb-4 text-lg md:leading-8 break-words\">Elle avait auparavant pr\u00e9cis\u00e9 que le tir visait le secteur de Nahal Oz, pr\u00e8s de la fronti\u00e8re avec la bande de Gaza. Ce tir n&rsquo;a pas \u00e9t\u00e9 revendiqu\u00e9.<\/p>\n<p>\u00ab\u00a0Les gens sont oblig\u00e9s de fuir\u00a0\u00bb<\/p>\n<p class=\"mb-4 text-lg md:leading-8 break-words\">Une habitante de Gaza-ville a signal\u00e9 des bombardements \u00ab\u00a0intenses\u00a0\u00bb lundi, pr\u00e8s d&rsquo;une semaine apr\u00e8s le d\u00e9but, le 16 septembre, de l&rsquo;offensive isra\u00e9lienne sur cette ville, le plus grand centre urbain du territoire palestinien.<\/p>\n<p class=\"mb-4 text-lg md:leading-8 break-words\">\u00ab\u00a0Les bombardements sont intenses, avec des avions, des chars et des tirs de drones continus\u00a0\u00bb, a d\u00e9crit cette Gazaouie, Saja Al-Kharoubi, 26 ans, qui vit dans le quartier d&rsquo;Al-Daraj.<\/p>\n<p class=\"mb-4 text-lg md:leading-8 break-words\">\u00ab\u00a0Les gens sont oblig\u00e9s de fuir, mais o\u00f9 pouvons-nous aller? Nous n&rsquo;avons pas d&rsquo;argent, pas m\u00eame pour les transports. La situation est tr\u00e8s dangereuse, partout\u00a0\u00bb, a-t-elle d\u00e9clar\u00e9.<\/p>\n<p class=\"mb-4 text-lg md:leading-8 break-words\">Des images tourn\u00e9es lundi par l&rsquo;AFP montrent des nuages de fum\u00e9e s&rsquo;\u00e9lever au-dessus de la ville de Gaza, d&rsquo;o\u00f9 des Palestiniens fuient vers le sud en emportant quelques affaires.<\/p>\n<p>Plus de 550.000 personnes ont fui le secteur<\/p>\n<p class=\"mb-4 text-lg md:leading-8 break-words\">L&rsquo;arm\u00e9e isra\u00e9lienne a affirm\u00e9 dimanche que <a href=\"https:\/\/fr.news.yahoo.com\/d%C3%A9fense-civile-gaza-annonce-450-201243674.html\" data-ylk=\"slk:plus de 550.000 personnes avaient d\u00e9j\u00e0 fui le secteur;elm:context_link;itc:0;sec:content-canvas;outcm:mb_qualified_link;_E:mb_qualified_link;ct:story;\" class=\"link  yahoo-link\" target=\"_blank\" rel=\"noopener\">plus de 550.000 personnes avaient d\u00e9j\u00e0 fui le secteur<\/a>. L&rsquo;ONU avait estim\u00e9 fin ao\u00fbt qu&rsquo;environ un million de personnes y vivaient, souvent d\u00e9j\u00e0 d\u00e9plac\u00e9es \u00e0 plusieurs reprises par les combats et bombardements.<\/p>\n<p class=\"mb-4 text-lg md:leading-8 break-words\">Dans un message pour le Nouvel an juif, le Premier ministre isra\u00e9lien, Benjamin Netanyahu, a promis de continuer \u00e0 \u00ab\u00a0prendre l&rsquo;avantage sur (nos) ennemis\u00a0\u00bb pendant l&rsquo;ann\u00e9e \u00e0 venir.<\/p>\n<p class=\"mb-4 text-lg md:leading-8 break-words\">\u00ab\u00a0Nous sommes d\u00e9termin\u00e9s \u00e0 atteindre tous les objectifs de notre guerre: non seulement \u00e0 Gaza, non seulement en parvenant \u00e0 l&rsquo;\u00e9limination du Hamas, en assurant la lib\u00e9ration de nos otages et en veillant \u00e0 ce que Gaza ne constitue plus une menace pour Isra\u00ebl, mais aussi sur d&rsquo;autres fronts\u00a0\u00bb, a-t-il d\u00e9clar\u00e9, cit\u00e9 par un communiqu\u00e9.<\/p>\n<p class=\"mb-4 text-lg md:leading-8 break-words\">La guerre dans la bande de Gaza a \u00e9t\u00e9 d\u00e9clench\u00e9e le 7 octobre 2023 par l&rsquo;attaque du Hamas sur le sol isra\u00e9lien, qui a entra\u00een\u00e9 la mort de 1.219 personnes, en majorit\u00e9 des civils, selon un bilan \u00e9tabli \u00e0 partir de donn\u00e9es officielles.<\/p>\n<p class=\"mb-4 text-lg md:leading-8 break-words\">L&rsquo;offensive isra\u00e9lienne men\u00e9e en repr\u00e9sailles sur Gaza a fait 65.344 morts, en majorit\u00e9 des civils, selon les chiffres du minist\u00e8re de la Sant\u00e9 du gouvernement du Hamas, jug\u00e9s fiables par l&rsquo;ONU.<\/p>\n<p class=\"mb-4 text-lg md:leading-8 break-words\"><a href=\"https:\/\/www.bfmtv.com\/international\/moyen-orient\/palestine\/la-situation-est-tres-dangereuse-l-armee-israelienne-annonce-qu-un-projectile-a-ete-tire-de-gaza-ville_AD-202509220677.html#xtor=AL-68\" rel=\"nofollow noopener\" target=\"_blank\" data-ylk=\"slk:Article original publi\u00e9 sur BFMTV.com;elm:context_link;itc:0;sec:content-canvas\" class=\"link \">Article original publi\u00e9 sur BFMTV.com<\/a><\/p>\n","protected":false},"excerpt":{"rendered":"L&rsquo;arm\u00e9e isra\u00e9lienne a annonc\u00e9 ce lundi 22 septembre avoir intercept\u00e9 un projectile tir\u00e9 depuis la ville de Gaza,&hellip;\n","protected":false},"author":2,"featured_media":385993,"comment_status":"","ping_status":"","sticky":false,"template":"","format":"standard","meta":{"footnotes":""},"categories":[5],"tags":[11,1011,27,665,3519,14,20288,1913,12,28],"class_list":{"0":"post-410398","1":"post","2":"type-post","3":"status-publish","4":"format-standard","5":"has-post-thumbnail","7":"category-international","8":"tag-actualites","9":"tag-fr","10":"tag-france","11":"tag-gaza","12":"tag-hamas","13":"tag-international","14":"tag-la-bande-de-gaza","15":"tag-la-ville","16":"tag-news","17":"tag-world"},"share_on_mastodon":{"url":"https:\/\/pubeurope.com\/@fr\/115250127618676148","error":""},"_links":{"self":[{"href":"https:\/\/www.europesays.com\/fr\/wp-json\/wp\/v2\/posts\/410398","targetHints":{"allow":["GET"]}}],"collection":[{"href":"https:\/\/www.europesays.com\/fr\/wp-json\/wp\/v2\/posts"}],"about":[{"href":"https:\/\/www.europesays.com\/fr\/wp-json\/wp\/v2\/types\/post"}],"author":[{"embeddable":true,"href":"https:\/\/www.europesays.com\/fr\/wp-json\/wp\/v2\/users\/2"}],"replies":[{"embeddable":true,"href":"https:\/\/www.europesays.com\/fr\/wp-json\/wp\/v2\/comments?post=410398"}],"version-history":[{"count":0,"href":"https:\/\/www.europesays.com\/fr\/wp-json\/wp\/v2\/posts\/410398\/revisions"}],"wp:featuredmedia":[{"embeddable":true,"href":"https:\/\/www.europesays.com\/fr\/wp-json\/wp\/v2\/media\/385993"}],"wp:attachment":[{"href":"https:\/\/www.europesays.com\/fr\/wp-json\/wp\/v2\/media?parent=410398"}],"wp:term":[{"taxonomy":"category","embeddable":true,"href":"https:\/\/www.europesays.com\/fr\/wp-json\/wp\/v2\/categories?post=410398"},{"taxonomy":"post_tag","embeddable":true,"href":"https:\/\/www.europesays.com\/fr\/wp-json\/wp\/v2\/tags?post=410398"}],"curies":[{"name":"wp","href":"https:\/\/api.w.org\/{rel}","templated":true}]}}