{"id":410411,"date":"2025-09-22T21:48:18","date_gmt":"2025-09-22T21:48:18","guid":{"rendered":"https:\/\/www.europesays.com\/fr\/410411\/"},"modified":"2025-09-22T21:48:18","modified_gmt":"2025-09-22T21:48:18","slug":"un-ado-de-17-ans-meurt-apres-avoir-ete-frappe-a-la-tete-par-une-helice","status":"publish","type":"post","link":"https:\/\/www.europesays.com\/fr\/410411\/","title":{"rendered":"Un ado de 17\u00a0ans meurt apr\u00e8s avoir \u00e9t\u00e9 frapp\u00e9 \u00e0 la t\u00eate par une h\u00e9lice"},"content":{"rendered":"<p>Un adolescent de 17\u00a0ans est d\u00e9c\u00e9d\u00e9 dans un accident de bateau,\u00a0dans la baie de Bandol (Var), samedi 20\u00a0septembre 2025. Apr\u00e8s avoir perdu le contr\u00f4le de son semi-rigide, la victime est tomb\u00e9e \u00e0 l\u2019eau et a \u00e9t\u00e9 percut\u00e9e par l\u2019embarcation <strong>\u00ab\u00a0devenue incontr\u00f4lable\u00a0\u00bb<\/strong>, indique\u00a0 <a href=\"https:\/\/www.bfmtv.com\/var\/un-adolescent-chute-dans-l-eau-au-large-de-bandol-et-meurt-percute-par-son-bateau-devenu-incontrolable_AN-202509200252.html\" target=\"_blank\" rel=\"nofollow noopener\">BFM Var<\/a> \u00a0faisant r\u00e9f\u00e9rence \u00e0 un communiqu\u00e9 publi\u00e9 par\u00a0La pr\u00e9fecture maritime de M\u00e9diterran\u00e9e.<\/p>\n<p>Le jeune homme \u00e9tait accompagn\u00e9 d\u2019un adulte de 43\u00a0ans lors de\u00a0sa sortie en mer. Aux alentours de 10\u00a0h\u00a020,\u00a0le centre r\u00e9gional op\u00e9rationnel de surveillance et de sauvetage de M\u00e9diterran\u00e9e\u00a0(Cross Med) a \u00e9t\u00e9 alert\u00e9 de la chute des deux hommes. Une importante op\u00e9ration de sauvetage a donc \u00e9t\u00e9 mise en place, pr\u00e9cise\u00a0 <a href=\"https:\/\/france3-regions.franceinfo.fr\/provence-alpes-cote-d-azur\/var\/mort-d-un-jeune-homme-de-17-ans-percute-par-son-bateau-apres-une-perte-de-controle-du-semi-rigide-et-une-chute-dans-l-eau-3220181.html\" target=\"_blank\" rel=\"nofollow noopener\">France 3\u00a0Provence-Alpes-C\u00f4te d&rsquo;Azur<\/a> .<\/p>\n<p>\n                Nous avons bloqu\u00e9 l\u2019affichage de ce contenu pour respecter vos choix en mati\u00e8re de cookies.<br \/>En cliquant sur \u00abConsulter\u00bb, vous acceptez le d\u00e9p\u00f4t de cookies par des services de r\u00e9seaux sociaux tels que Twitter.<br \/>\n                Consulter\n            <\/p>\n<blockquote class=\"twitter-tweet\" wp_automatic_readability=\"4.1714285714286\">\n<p lang=\"fr\" dir=\"ltr\"><a href=\"https:\/\/twitter.com\/hashtag\/Communiqu%C3%A9DePresse?src=hash&amp;ref_src=twsrc%5Etfw\" rel=\"nofollow noopener\" target=\"_blank\">#Communiqu\u00e9DePresse<\/a> |Une personne d\u00e9c\u00e9d\u00e9e \u00e0 la suite d\u2019un accident de navire en baie de Bandol (83) <a href=\"https:\/\/t.co\/sIknxQUAYV\" rel=\"nofollow\">pic.twitter.com\/sIknxQUAYV<\/a><\/p>\n<p>\u2014 Pr\u00e9fecture maritime de la M\u00e9diterran\u00e9e (@Premarmed) <a href=\"https:\/\/twitter.com\/Premarmed\/status\/1969376707359486180?ref_src=twsrc%5Etfw\" rel=\"nofollow noopener\" target=\"_blank\">September 20, 2025<\/a><\/p><\/blockquote>\n<p>L\u2019adulte rep\u00each\u00e9 par un plaisancier<\/p>\n<p>Si le quadrag\u00e9naire a pu \u00eatre secouru par un plaisancier, l\u2019adolescent a \u00e9t\u00e9 retrouv\u00e9 par le SDIS en arr\u00eat cardio-respiratoire. La victime a \u00e9t\u00e9 ramen\u00e9e sur la terre ferme et pris en charge par le SMUR, compl\u00e8te\u00a0 <a href=\"https:\/\/www.varmatin.com\/faits-divers\/un-jeune-homme-decede-durant-une-sortie-en-semi-rigide-en-baie-de-bandol-1002769\" target=\"_blank\" rel=\"nofollow noopener\">Var Matin<\/a> . Les secours n\u2019ont pas r\u00e9ussi \u00e0 le r\u00e9animer et le jeune homme est d\u00e9c\u00e9d\u00e9 vers 11\u00a0h.<\/p>\n<p>Selon un responsable de la SNSM de Bandol, la vitesse pourrait avoir provoqu\u00e9 l\u2019accident.\u00a0<strong>\u00ab\u00a0Le plus jeune pilotait et ils ont \u00e9t\u00e9 \u00e9ject\u00e9s. Et puis le bateau fou\u2026 L\u2019h\u00e9lice l\u2019a percut\u00e9 au niveau de la t\u00eate\u00a0\u00bb<\/strong>, a-t-il d\u00e9crit. Une enqu\u00eate a \u00e9t\u00e9 ouverte et confi\u00e9e \u00e0 la gendarmerie maritime pour d\u00e9terminer les circonstances exactes de cet accident, a annonc\u00e9 la pr\u00e9fecture.<\/p>\n<p>\u00a0<\/p>\n<p>\t\t<script async src=\"https:\/\/platform.twitter.com\/widgets.js\" charset=\"utf-8\"><\/script><\/p>\n","protected":false},"excerpt":{"rendered":"Un adolescent de 17\u00a0ans est d\u00e9c\u00e9d\u00e9 dans un accident de bateau,\u00a0dans la baie de Bandol (Var), samedi 20\u00a0septembre&hellip;\n","protected":false},"author":2,"featured_media":410412,"comment_status":"","ping_status":"","sticky":false,"template":"","format":"standard","meta":{"footnotes":""},"categories":[9619],"tags":[9273,1111,11,7366,1764,9657,2883,1777,674,1011,27,11731,54166,5479,12,882,25,17643,2310],"class_list":{"0":"post-410411","1":"post","2":"type-post","3":"status-publish","4":"format-standard","5":"has-post-thumbnail","7":"category-toulon","8":"tag-9273","9":"tag-actu","10":"tag-actualites","11":"tag-ado","12":"tag-ans","13":"tag-draguignan","14":"tag-ete","15":"tag-eu","16":"tag-europe","17":"tag-fr","18":"tag-france","19":"tag-frappe","20":"tag-helice","21":"tag-meurt","22":"tag-news","23":"tag-provence-alpes-cote-dazur","24":"tag-republique-francaise","25":"tag-tete","26":"tag-toulon"},"share_on_mastodon":{"url":"https:\/\/pubeurope.com\/@fr\/115250154989189861","error":""},"_links":{"self":[{"href":"https:\/\/www.europesays.com\/fr\/wp-json\/wp\/v2\/posts\/410411","targetHints":{"allow":["GET"]}}],"collection":[{"href":"https:\/\/www.europesays.com\/fr\/wp-json\/wp\/v2\/posts"}],"about":[{"href":"https:\/\/www.europesays.com\/fr\/wp-json\/wp\/v2\/types\/post"}],"author":[{"embeddable":true,"href":"https:\/\/www.europesays.com\/fr\/wp-json\/wp\/v2\/users\/2"}],"replies":[{"embeddable":true,"href":"https:\/\/www.europesays.com\/fr\/wp-json\/wp\/v2\/comments?post=410411"}],"version-history":[{"count":0,"href":"https:\/\/www.europesays.com\/fr\/wp-json\/wp\/v2\/posts\/410411\/revisions"}],"wp:featuredmedia":[{"embeddable":true,"href":"https:\/\/www.europesays.com\/fr\/wp-json\/wp\/v2\/media\/410412"}],"wp:attachment":[{"href":"https:\/\/www.europesays.com\/fr\/wp-json\/wp\/v2\/media?parent=410411"}],"wp:term":[{"taxonomy":"category","embeddable":true,"href":"https:\/\/www.europesays.com\/fr\/wp-json\/wp\/v2\/categories?post=410411"},{"taxonomy":"post_tag","embeddable":true,"href":"https:\/\/www.europesays.com\/fr\/wp-json\/wp\/v2\/tags?post=410411"}],"curies":[{"name":"wp","href":"https:\/\/api.w.org\/{rel}","templated":true}]}}