{"id":410417,"date":"2025-09-22T21:51:15","date_gmt":"2025-09-22T21:51:15","guid":{"rendered":"https:\/\/www.europesays.com\/fr\/410417\/"},"modified":"2025-09-22T21:51:15","modified_gmt":"2025-09-22T21:51:15","slug":"une-plaque-a-montpellier-un-drapeau-a-grabels","status":"publish","type":"post","link":"https:\/\/www.europesays.com\/fr\/410417\/","title":{"rendered":"une plaque \u00e0 Montpellier, un drapeau \u00e0 Grabels"},"content":{"rendered":"<p>            Par<br \/>\n        <strong><br \/>\n            <a href=\"https:\/\/actu.fr\/auteur\/c-nithard\" title=\"Consulter tous les articles de C\u00e9dric Nithard\" target=\"_blank\" rel=\"noopener\">C\u00e9dric Nithard<\/a><br \/>\n        <\/strong><\/p>\n<p>        Publi\u00e9 le<\/p>\n<p>            22 sept. 2025 \u00e0 18h20        <\/p>\n<p>Ce lundi 22 septembre \u00e0 New York, en marge de l\u2019assembl\u00e9e g\u00e9n\u00e9rale de l\u2019ONU tandis que la France copr\u00e9side avec l\u2019Arabie Saoudite un sommet pour relancer la solution \u00e0 deux \u00e9tats, Emmanuel Macron va annoncer, <strong>la reconnaissance de l\u2019\u00c9tat palestinien par la France<\/strong>. \u00c0 midi, 52 maires de villes en France ont <strong>hiss\u00e9 des drapeaux palestiniens<\/strong> sur le fronton de leur mairie \u00e0 l\u2019instar de celui de <strong>Grabels<\/strong>, l\u2019Insoumis <strong>Ren\u00e9 Revol<\/strong>. \u00c0 <strong>Montpellier<\/strong>, le Socialiste <strong>Micha\u00ebl Delafosse<\/strong> et les partenaires \u00e9cologistes et communistes de sa majorit\u00e9 ont fait <strong>un choix diff\u00e9rent<\/strong> tout en saluant la d\u00e9cision du pr\u00e9sident de la R\u00e9publique. Deux gauches, deux styles\u2026\u00a0<\/p>\n<p>Un drapeau \u00e0 Grabels<\/p>\n<p class=\" wall-content\">Il y a quelques semaines, le Premier secr\u00e9taire du Parti socialiste Olivier Faure avait appel\u00e9 les maires \u00e0 hisser un drapeau palestinien ce lundi 22 septembre. Ce \u00e0 quoi s\u2019\u00e9tait oppos\u00e9 le ministre de l\u2019Int\u00e9rieur d\u00e9missionnaire Bruno Retailleau passant des consignes aux pr\u00e9fets pour notamment faire respecter le principe de neutralit\u00e9 du service public. \u00c0 midi, un peu plus d\u2019une cinquantaine de mairie voyaient le dit drapeau flotter comme \u00e0 Grabels faisant ainsi \u00e9cho \u00e0 la reconnaissance de l\u2019\u00c9tat palestinien par la France annonc\u00e9e par Emmanuel Macron. \u00ab\u00a0Un signal fort pour que cesse le g\u00e9nocide en cours contre le peuple palestinien et pour qu\u2019un v\u00e9ritable processus de paix s\u2019engage, fond\u00e9 sur la coexistence de deux \u00c9tats disposant de garanties mutuelles de s\u00e9curit\u00e9\u00a0\u00bb salue ainsi Ren\u00e9 Revol qui pour \u00ab\u00a0honorer cet \u00e9v\u00e9nement historique\u00a0\u00bb a donc hiss\u00e9 le drapeau de la Palestine aux c\u00f4t\u00e9s du drapeau national.<\/p>\n<p class=\" wall-content\">\n<p class=\" wall-content\">Apr\u00e8s avoir \u00e9crit au maire Ren\u00e9 Revol pour \u00ab\u00a0lui demander de renoncer au pavoisement\u00a0\u00bb qu\u2019il avait annonc\u00e9 dans la presse, le pr\u00e9fet de l\u2019H\u00e9rault Fran\u00e7ois-Xavier Lauch, constatant que l\u2019\u00e9dile n\u2019avait pas d\u00e9vi\u00e9 de sa position, a saisi le tribunal administratif de Montpellier qui rendu sa d\u00e9cision dans l\u2019apr\u00e8s-midi. La d\u00e9cision allant dans le sens du pr\u00e9fet, ce dernier a demand\u00e9 \u00e0 Ren\u00e9 Revol de retirer le drapeau.<\/p>\n<p class=\" wall-content\">Pas du genre \u00e0 se laisser intimer ce genre de consigne, l\u2019Insoumis a fait savoir que \u00ab\u00a0le drapeau palestinien continuera de flotter sur la maison commune durant toute la journ\u00e9e du 22 septembre\u00a0\u00bb. Ren\u00e9 Revol d\u00e9fendant : \u00ab\u00a0L\u2019argument avanc\u00e9 de la \u00ab\u00a0neutralit\u00e9 du service public\u00a0\u00bb est fallacieux. Lorsque j\u2019ai accueilli le maire palestinien de Bethl\u00e9em au printemps dernier, le drapeau palestinien a \u00e9t\u00e9 d\u00e9ploy\u00e9 pour honorer sa visite. De m\u00eame le lendemain de l\u2019invasion de l\u2019Ukraine par la Russie, nous avons install\u00e9 le drapeau ukrainien dans le cadre d\u2019un large mouvement de solidarit\u00e9 des Grabellois. Le consigne du ministre de l\u2019Int\u00e9rieur contredit de fait la position diplomatique de la France et ne peut donc avoir aucune l\u00e9gitimit\u00e9\u00a0\u00bb.<\/p>\n<p>Une plaque \u00e0 Montpellier<\/p>\n<p class=\" wall-content\">C\u2019est peut-\u00eatre pour \u00e9viter ce genre d\u2019\u00e9changes avec le pr\u00e9fet que Micha\u00ebl Delafosse a choisi une autre voie. Le Socialiste, pas vraiment sur la m\u00eame ligne, n\u2019allait pas non plus suivre la consigne d\u2019Olivier Faure. Consigne, qui plus est, applaudie des deux mains par Jean-Luc M\u00e9lenchon. Pas question non plus de froisser la communaut\u00e9 juive en hissant le drapeau palestinien tandis que les portraits des otages de l\u2019attaque du 7 octobre apparaissent toujours dans le hall de l\u2019H\u00f4tel de Ville. Attach\u00e9 \u00e0 une solution \u00e0 deux \u00e9tats, Micha\u00ebl Delafosse a opt\u00e9 pour un tout autre choix\u2026 dans une \u00e9tonnante discr\u00e9tion : une photo et un communiqu\u00e9 de presse.<\/p>\n<p>Vid\u00e9os : en ce moment sur Actu<\/p>\n<p class=\" wall-content\">Entour\u00e9 de la d\u00e9put\u00e9 Fanny Dombre-Coste et du conseiller d\u00e9partemental J\u00e9r\u00f4me Moynier, de Clare Hart, d\u00e9l\u00e9gu\u00e9 au rayonnement international de la M\u00e9tropole de Montpellier mais \u00e9galement d\u2019\u00e9lus des composantes de sa majorit\u00e9 l\u2019\u00e9cologiste Bruno Paternot et les communistes Clara Gimenez et Herv\u00e9 Martin, Micha\u00ebl Delafosse a d\u00e9voil\u00e9 ce lundi, sans la pr\u00e9sence de la presse, une plaque sur laquelle est inscrit : \u00ab\u00a0Montpellier salue ce jour la reconnaissance par la France de l\u2019\u00c9tat de Palestine. La paix entre les deux \u00e9tats se construit par le droit. 22 septembre 2024\u00a0\u00bb. Celle-ci sera install\u00e9e dans la semaine sur l\u2019esplanade Charles de Gaulle au pied de l\u2019olivier plant\u00e9 en symbole de la paix en 2008 par la maire H\u00e9l\u00e8ne Mandroux et l\u2019\u00e9lu communiste Michel Passet devant la statue en hommage \u00e0 Jean Jaur\u00e8s.<\/p>\n<p>Votre r\u00e9gion, votre actu !<\/p>\n<p>Recevez chaque jour les infos qui comptent pour vous.<\/p>\n<p>\t<a href=\"https:\/\/actu.fr\/newsletter\" class=\"ac-btn ac-btn--corner ac-btn--medium ac-btn--blue800\" target=\"_blank\" rel=\"noopener\">S&rsquo;incrire<\/a><\/p>\n<p class=\" wall-content\">\u00ab\u00a0La d\u00e9cision du Pr\u00e9sident de la R\u00e9publique d\u2019annoncer la reconnaissance de la Palestine par la France en marge de l\u2019Assembl\u00e9e g\u00e9n\u00e9rale annuelle des Nations unies est historique et s\u2019inscrit dans la tradition diplomatique de notre pays en faveur du dialogue entre Isra\u00e9liens et Palestiniens et de la paix au Proche-Orient. Le 4 mars 1982, Fran\u00e7ois Mitterrand \u00e9tait ainsi le premier chef d\u2019\u00e9tat fran\u00e7ais \u00e0 prendre la parole devant les parlementaires de la Knesset \u00e0 J\u00e9rusalem. \u00ab Le dialogue suppose la reconnaissance pr\u00e9alable et mutuelle \u00bb avait-il alors d\u00e9clar\u00e9 dans son discours. C\u2019est ce dialogue que s\u2019efforce de cultiver Montpellier,\u00a0 jumel\u00e9e avec Tib\u00e9riade, capitale de la Galil\u00e9e en Isra\u00ebl, et depuis 2012 avec Bethl\u00e9em, en Palestine. Depuis cette date, le drapeau palestinien flotte d\u00e8s l\u2019entr\u00e9e \u00e0 la Maison des relations internationales et de nombreuses coop\u00e9rations sont men\u00e9es avec des municipalit\u00e9s palestiniennes\u00a0\u00bb rappelle un communiqu\u00e9 \u00e9tonnamment laconique. Au-del\u00e0 du symbolique, un drapeau pour un geste m\u00e9diatique, une plaque pour s\u2019inscrire dans le temps. Deux gauches, deux styles\u2026<\/p>\n<p class=\" wall-content\">Personnalisez votre actualit\u00e9 en ajoutant vos villes et m\u00e9dias en favori avec <a href=\"https:\/\/moncompte.actu.fr\" title=\"D\u00e9couvez Mon Actu\" rel=\"nofollow noopener\" data-trk=\"{&quot;cta&quot;:{&quot;action&quot;:&quot;https:\\\/\\\/moncompte.actu.fr&quot;,&quot;category&quot;:&quot;mon compte&quot;,&quot;from&quot;:&quot;article footer&quot;,&quot;name&quot;:&quot;Mon actu&quot;,&quot;type&quot;:&quot;cta&quot;}}\" target=\"_blank\">Mon Actu<\/a>.<\/p>\n","protected":false},"excerpt":{"rendered":"Par C\u00e9dric Nithard Publi\u00e9 le 22 sept. 2025 \u00e0 18h20 Ce lundi 22 septembre \u00e0 New York, en&hellip;\n","protected":false},"author":2,"featured_media":410418,"comment_status":"","ping_status":"","sticky":false,"template":"","format":"standard","meta":{"footnotes":""},"categories":[9599],"tags":[1111,11,1777,674,1011,27,5643,2208,12,2680,316,25],"class_list":{"0":"post-410417","1":"post","2":"type-post","3":"status-publish","4":"format-standard","5":"has-post-thumbnail","7":"category-montpellier","8":"tag-actu","9":"tag-actualites","10":"tag-eu","11":"tag-europe","12":"tag-fr","13":"tag-france","14":"tag-guerre-israel-hamas","15":"tag-montpellier","16":"tag-news","17":"tag-occitanie","18":"tag-politique","19":"tag-republique-francaise"},"share_on_mastodon":{"url":"https:\/\/pubeurope.com\/@fr\/115250166923365968","error":""},"_links":{"self":[{"href":"https:\/\/www.europesays.com\/fr\/wp-json\/wp\/v2\/posts\/410417","targetHints":{"allow":["GET"]}}],"collection":[{"href":"https:\/\/www.europesays.com\/fr\/wp-json\/wp\/v2\/posts"}],"about":[{"href":"https:\/\/www.europesays.com\/fr\/wp-json\/wp\/v2\/types\/post"}],"author":[{"embeddable":true,"href":"https:\/\/www.europesays.com\/fr\/wp-json\/wp\/v2\/users\/2"}],"replies":[{"embeddable":true,"href":"https:\/\/www.europesays.com\/fr\/wp-json\/wp\/v2\/comments?post=410417"}],"version-history":[{"count":0,"href":"https:\/\/www.europesays.com\/fr\/wp-json\/wp\/v2\/posts\/410417\/revisions"}],"wp:featuredmedia":[{"embeddable":true,"href":"https:\/\/www.europesays.com\/fr\/wp-json\/wp\/v2\/media\/410418"}],"wp:attachment":[{"href":"https:\/\/www.europesays.com\/fr\/wp-json\/wp\/v2\/media?parent=410417"}],"wp:term":[{"taxonomy":"category","embeddable":true,"href":"https:\/\/www.europesays.com\/fr\/wp-json\/wp\/v2\/categories?post=410417"},{"taxonomy":"post_tag","embeddable":true,"href":"https:\/\/www.europesays.com\/fr\/wp-json\/wp\/v2\/tags?post=410417"}],"curies":[{"name":"wp","href":"https:\/\/api.w.org\/{rel}","templated":true}]}}