{"id":410425,"date":"2025-09-22T21:57:18","date_gmt":"2025-09-22T21:57:18","guid":{"rendered":"https:\/\/www.europesays.com\/fr\/410425\/"},"modified":"2025-09-22T21:57:18","modified_gmt":"2025-09-22T21:57:18","slug":"gnocchis-pates-pizzas-a-rennes-mezzo-di-pasta-propose-des-plats-italiens","status":"publish","type":"post","link":"https:\/\/www.europesays.com\/fr\/410425\/","title":{"rendered":"Gnocchis, p\u00e2tes, pizzas\u2026 \u00e0 Rennes, Mezzo di Pasta propose des plats italiens"},"content":{"rendered":"<p>Des classiques de la cuisine italienne dans un point de restauration rapide, telle est l\u2019id\u00e9e de Mezzo di pasta, qui a ouvert, fin ao\u00fbt, au centre commercial E.Leclerc de Cleunay \u00e0 Rennes (<a href=\"https:\/\/www.ouest-france.fr\/bretagne\/ille-et-vilaine\/\" target=\"_blank\" rel=\"noopener\">Ille-et-Vilaine<\/a>).<\/p>\n<p>Ici, le concept est simple\u00a0: <strong>\u00ab\u00a0Les clients sont mis \u00e0 contribution\u00a0\u00bb<\/strong>, font savoir Sonia et J\u00e9r\u00e9my Grasser, les g\u00e9rants. Tout d\u2019abord, ils doivent choisir la taille de leurs \u00ab\u00a0pasta-cup\u00a0\u00bb (petite, standard ou maxi). <strong>\u00ab\u00a0Ensuite pour accompagner les p\u00e2tes ils pourront opter pour une sauce chaude ou froide parmi les dix propositions. \u00c0 savoir quatre fromages, bolognaise, poivre\u2026\u00a0\u00bb<\/strong> \u00c0 moins d\u2019\u00eatre tent\u00e9 par les gnocchis ou tortellinis.<\/p>\n<p><a href=\"https:\/\/www.ouest-france.fr\/economie\/commerce\/rennes\/\" target=\"_blank\" rel=\"noopener\">Suivez l\u2019actualit\u00e9 des commerces rennais<\/a><\/p>\n<\/p>\n<p>Une dizaine de pizzas au choix<\/p>\n<p>Autre proposition de la maison\u00a0: des salades mais surtout des pizzas au nombre de dix, dont la pizza margherita \u00e0 8,40\u00a0\u20ac. \u00a0Elles sont r\u00e9alis\u00e9es sur place, \u00e0 la demande et sous les yeux des clients\u00a0. Celle qui fait un tabac\u00a0: la capra al miele \u00e0 base de cr\u00e8me fra\u00eeche, mozzarella, ch\u00e8vres et miel. Ouvert du lundi au samedi de 11\u00a0h \u00e0 21\u00a0h. Fermeture plus tardive les soirs de match au Roazhon parc.<\/p>\n<p><strong>Mezzo di pasta<\/strong>, centre commercial de Cleunay, rue Jules Vall\u00e8s en face des la station-service, restauration sur place, \u00e0 emporter ou en livraison. T\u00e9l.\u00a002\u00a059\u00a016\u00a034\u00a076<\/p>\n<p>\u00a0<\/p>\n","protected":false},"excerpt":{"rendered":"Des classiques de la cuisine italienne dans un point de restauration rapide, telle est l\u2019id\u00e9e de Mezzo di&hellip;\n","protected":false},"author":2,"featured_media":410426,"comment_status":"","ping_status":"","sticky":false,"template":"","format":"standard","meta":{"footnotes":""},"categories":[2821],"tags":[1111,11,829,47655,1777,674,1011,27,54167,54169,54168,12,29389,19803,21444,35359,6088,584,25],"class_list":{"0":"post-410425","1":"post","2":"type-post","3":"status-publish","4":"format-standard","5":"has-post-thumbnail","7":"category-rennes","8":"tag-actu","9":"tag-actualites","10":"tag-bretagne","11":"tag-di","12":"tag-eu","13":"tag-europe","14":"tag-fr","15":"tag-france","16":"tag-gnocchis","17":"tag-italiens","18":"tag-mezzo","19":"tag-news","20":"tag-pasta","21":"tag-pates","22":"tag-pizzas","23":"tag-plats","24":"tag-propose","25":"tag-rennes","26":"tag-republique-francaise"},"share_on_mastodon":{"url":"https:\/\/pubeurope.com\/@fr\/115250190515430392","error":""},"_links":{"self":[{"href":"https:\/\/www.europesays.com\/fr\/wp-json\/wp\/v2\/posts\/410425","targetHints":{"allow":["GET"]}}],"collection":[{"href":"https:\/\/www.europesays.com\/fr\/wp-json\/wp\/v2\/posts"}],"about":[{"href":"https:\/\/www.europesays.com\/fr\/wp-json\/wp\/v2\/types\/post"}],"author":[{"embeddable":true,"href":"https:\/\/www.europesays.com\/fr\/wp-json\/wp\/v2\/users\/2"}],"replies":[{"embeddable":true,"href":"https:\/\/www.europesays.com\/fr\/wp-json\/wp\/v2\/comments?post=410425"}],"version-history":[{"count":0,"href":"https:\/\/www.europesays.com\/fr\/wp-json\/wp\/v2\/posts\/410425\/revisions"}],"wp:featuredmedia":[{"embeddable":true,"href":"https:\/\/www.europesays.com\/fr\/wp-json\/wp\/v2\/media\/410426"}],"wp:attachment":[{"href":"https:\/\/www.europesays.com\/fr\/wp-json\/wp\/v2\/media?parent=410425"}],"wp:term":[{"taxonomy":"category","embeddable":true,"href":"https:\/\/www.europesays.com\/fr\/wp-json\/wp\/v2\/categories?post=410425"},{"taxonomy":"post_tag","embeddable":true,"href":"https:\/\/www.europesays.com\/fr\/wp-json\/wp\/v2\/tags?post=410425"}],"curies":[{"name":"wp","href":"https:\/\/api.w.org\/{rel}","templated":true}]}}