{"id":410437,"date":"2025-09-22T22:03:15","date_gmt":"2025-09-22T22:03:15","guid":{"rendered":"https:\/\/www.europesays.com\/fr\/410437\/"},"modified":"2025-09-22T22:03:15","modified_gmt":"2025-09-22T22:03:15","slug":"commerce-le-dimanche-un-accord-sera-t-il-signe-a-nantes-entre-syndicats-et-patronat","status":"publish","type":"post","link":"https:\/\/www.europesays.com\/fr\/410437\/","title":{"rendered":"Commerce le dimanche\u00a0: un accord sera-t-il sign\u00e9 \u00e0 Nantes entre syndicats et patronat\u00a0?"},"content":{"rendered":"<tr wp_automatic_readability=\"5.8846153846154\">\n<td valign=\"middle\" align=\"center\" class=\"col-logo\" wp_automatic_readability=\"5\">\n    <img decoding=\"async\" src=\"https:\/\/maville.com\/design\/images\/logo-of-monetise.svg?version=20130627\" alt=\"logo Ouest-France\" height=\"66\"\/><\/p>\n<p>Contenu r\u00e9serv\u00e9 aux abonn\u00e9s<\/p>\n<\/td>\n<td class=\"col-titre\">\n\t\t\tLundi 22 septembre 2025 19:43<br \/>\n\t\t\t<a class=\"icon-bulle sizeL count\" href=\"#ancreAvis\"><br \/>\n\t&#8230;<br \/>\n<\/a><\/td>\n<\/tr>\n<p>\t\t<a class=\"mavillebox2 elmt-photo\" href=\"https:\/\/maville.com\/photosmvi\/2025\/09\/22\/P35479092D6987846G.jpg\" title=\" Pour se refaire une sant\u00e9, les organisations patronales voudraient quatre dimanches en 2026.  \u00a9  archives  &lt;!--TAG-BLC credit--&gt;\" rel=\"galerie_actu noopener\" target=\"_blank\"><br \/>\n\t<img decoding=\"async\" src=\"https:\/\/www.europesays.com\/fr\/wp-content\/uploads\/2025\/09\/P35479092D6987846G_crop_640-330_.jpg\" alt=\"photo  pour se refaire une sant\u00e9, les organisations patronales voudraient quatre dimanches en 2026.  \u00a9  archives \"\/><br \/>\n\t1<br \/>\n<\/a><\/p>\n<p class=\"elmt-legende\"> Pour se refaire une sant\u00e9, les organisations patronales voudraient quatre dimanches en 2026.  \u00a9  archives  <\/p>\n<p>\t\tLes patrons veulent quatre ouvertures le dimanche avant No\u00ebl 2026, les syndicats en conc\u00e8dent trois. Le bras de fer aboutira-t-il \u00e0 un accord comme chaque ann\u00e9e\u00a0? Faute d\u2019entente, ce sont les maires de la m\u00e9tropole qui auront le dernier mot.<\/p>\n<p><b>Cet article est r\u00e9serv\u00e9 aux abonn\u00e9s<\/b><\/p>\n<p>Pour un acc\u00e8s imm\u00e9diat, abonnez-vous<\/p>\n<p><b>1\u00e8re semaine offerte<\/b><\/p>\n<p>\t\t Marylise COURAUD. \u00a0\u00a0<br \/>\n\t\tOuest-France<\/p>\n<p>Retrouvez d&rsquo;autres actus sur la commune de :<\/p>\n<p>\t\t&#13;<\/p>\n","protected":false},"excerpt":{"rendered":"Contenu r\u00e9serv\u00e9 aux abonn\u00e9s Lundi 22 septembre 2025 19:43 &#8230; 1 Pour se refaire une sant\u00e9, les organisations&hellip;\n","protected":false},"author":2,"featured_media":410438,"comment_status":"","ping_status":"","sticky":false,"template":"","format":"standard","meta":{"footnotes":""},"categories":[2818],"tags":[743,1111,11,215,6664,1777,674,1011,27,766,12,32226,2636,25,21195,3789,3427],"class_list":{"0":"post-410437","1":"post","2":"type-post","3":"status-publish","4":"format-standard","5":"has-post-thumbnail","7":"category-nantes","8":"tag-accord","9":"tag-actu","10":"tag-actualites","11":"tag-commerce","12":"tag-dimanche","13":"tag-eu","14":"tag-europe","15":"tag-fr","16":"tag-france","17":"tag-nantes","18":"tag-news","19":"tag-patronat","20":"tag-pays-de-la-loire","21":"tag-republique-francaise","22":"tag-sera-t-il","23":"tag-signe","24":"tag-syndicats"},"share_on_mastodon":{"url":"https:\/\/pubeurope.com\/@fr\/115250215015509805","error":""},"_links":{"self":[{"href":"https:\/\/www.europesays.com\/fr\/wp-json\/wp\/v2\/posts\/410437","targetHints":{"allow":["GET"]}}],"collection":[{"href":"https:\/\/www.europesays.com\/fr\/wp-json\/wp\/v2\/posts"}],"about":[{"href":"https:\/\/www.europesays.com\/fr\/wp-json\/wp\/v2\/types\/post"}],"author":[{"embeddable":true,"href":"https:\/\/www.europesays.com\/fr\/wp-json\/wp\/v2\/users\/2"}],"replies":[{"embeddable":true,"href":"https:\/\/www.europesays.com\/fr\/wp-json\/wp\/v2\/comments?post=410437"}],"version-history":[{"count":0,"href":"https:\/\/www.europesays.com\/fr\/wp-json\/wp\/v2\/posts\/410437\/revisions"}],"wp:featuredmedia":[{"embeddable":true,"href":"https:\/\/www.europesays.com\/fr\/wp-json\/wp\/v2\/media\/410438"}],"wp:attachment":[{"href":"https:\/\/www.europesays.com\/fr\/wp-json\/wp\/v2\/media?parent=410437"}],"wp:term":[{"taxonomy":"category","embeddable":true,"href":"https:\/\/www.europesays.com\/fr\/wp-json\/wp\/v2\/categories?post=410437"},{"taxonomy":"post_tag","embeddable":true,"href":"https:\/\/www.europesays.com\/fr\/wp-json\/wp\/v2\/tags?post=410437"}],"curies":[{"name":"wp","href":"https:\/\/api.w.org\/{rel}","templated":true}]}}