{"id":410441,"date":"2025-09-22T22:05:12","date_gmt":"2025-09-22T22:05:12","guid":{"rendered":"https:\/\/www.europesays.com\/fr\/410441\/"},"modified":"2025-09-22T22:05:12","modified_gmt":"2025-09-22T22:05:12","slug":"a-bordeaux-la-ligne-a-du-tramway-interrompue-cinq-nuits-consecutives","status":"publish","type":"post","link":"https:\/\/www.europesays.com\/fr\/410441\/","title":{"rendered":"\u00e0 Bordeaux, la ligne A du tramway interrompue cinq nuits cons\u00e9cutives"},"content":{"rendered":"<p>            Par<br \/>\n        <strong><br \/>\n            <a href=\"https:\/\/actu.fr\/auteur\/juliette-cardinale\" title=\"Consulter tous les articles de Juliette Cardinale\" rel=\"nofollow noopener\" target=\"_blank\">Juliette Cardinale<\/a><br \/>\n        <\/strong><\/p>\n<p>        Publi\u00e9 le<\/p>\n<p>            22 sept. 2025 \u00e0 16h06        <\/p>\n<p>Attention, il faudra anticiper ses d\u00e9placements en tram <a href=\"https:\/\/actu.fr\/bordeaux\/\" rel=\"nofollow noopener\" target=\"_blank\">\u00e0 Bordeaux<\/a> cette semaine du 22 au 26\u00a0septembre 2025. Des travaux de nuit ont lieu <strong>sur la ligne de tram A<\/strong>, entra\u00eenant des interruptions du trafic dans les deux sens \u00e0 partir de 21h30 et jusqu\u2019\u00e0 la fin du service.<\/p>\n<p>Deux phases de travaux<\/p>\n<p class=\" wall-content\">Les <a href=\"https:\/\/actu.fr\/tag\/travaux\" rel=\"nofollow noopener\" target=\"_blank\">travaux<\/a> de maintenance auront lieu dans un premier temps <strong>du lundi 22 au mercredi 24 septembre inclus. <\/strong>Ils concernent la portion entre Sainte-Catherine et La Gardette \/ Floirac Dravemont.<\/p>\n<p class=\" wall-content\">Les <strong>derniers d\u00e9parts<\/strong> auront alors lieu aux heures suivantes\u2009:<\/p>\n<ul class=\" wall-content\">\n<li>de Dravemont vers Le Haillan Rostand \u00e0 20h57,<\/li>\n<li>de La Gardette vers A\u00e9roport \u00e0 20h46,<\/li>\n<li>de Le Haillan Rostand vers La Gardette \u00e0 19h56,<\/li>\n<li>et d\u2019A\u00e9roport vers Dravemont \u00e0 20h04.<\/li>\n<\/ul>\n<p class=\" wall-content\">Les travaux continueront les deux nuits suivantes, les <strong>jeudi\u00a025 et vendredi 26\u00a0septembre inclus. <\/strong>La <a href=\"https:\/\/actu.fr\/tag\/circulation\" rel=\"nofollow noopener\" target=\"_blank\">circulation<\/a> sera alors coup\u00e9e entre l\u2019arr\u00eat Buttini\u00e8re et les terminus La Gardette \/ Floirac Dravemont.<\/p>\n<p class=\" wall-content\">Les <strong>derniers d\u00e9parts<\/strong> auront lieu aux heures suivantes\u2009:<\/p>\n<ul class=\" wall-content\">\n<li>de Dravemont vers Le Haillan Rostand \u00e0 21h17,<\/li>\n<li>de La Gardette vers A\u00e9roport \u00e0 21h06,<\/li>\n<li>de Le Haillan Rostand vers La Gardette \u00e0 19h56,<\/li>\n<li>et d\u2019A\u00e9roport vers Dravemont \u00e0 20h04.<\/li>\n<\/ul>\n<p>Votre r\u00e9gion, votre actu !<\/p>\n<p>Recevez chaque jour les infos qui comptent pour vous.<\/p>\n<p>\t<a href=\"https:\/\/actu.fr\/newsletter\" class=\"ac-btn ac-btn--corner ac-btn--medium ac-btn--blue800\" rel=\"nofollow noopener\" target=\"_blank\">S&rsquo;incrire<\/a><\/p>\n<p class=\" wall-content\">Des <strong>bus relais<\/strong> assureront les trajets, \u00e0 une fr\u00e9quence de 10\u00a0minutes sur le tronc commun, et 20\u00a0minutes sur les branches.<\/p>\n<p class=\" wall-content\">Personnalisez votre actualit\u00e9 en ajoutant vos villes et m\u00e9dias en favori avec <a href=\"https:\/\/moncompte.actu.fr\" title=\"D\u00e9couvez Mon Actu\" rel=\"nofollow noopener\" data-trk=\"{&quot;cta&quot;:{&quot;action&quot;:&quot;https:\\\/\\\/moncompte.actu.fr&quot;,&quot;category&quot;:&quot;mon compte&quot;,&quot;from&quot;:&quot;article footer&quot;,&quot;name&quot;:&quot;Mon actu&quot;,&quot;type&quot;:&quot;cta&quot;}}\" target=\"_blank\">Mon Actu<\/a>.<\/p>\n","protected":false},"excerpt":{"rendered":"Par Juliette Cardinale Publi\u00e9 le 22 sept. 2025 \u00e0 16h06 Attention, il faudra anticiper ses d\u00e9placements en tram&hellip;\n","protected":false},"author":2,"featured_media":410442,"comment_status":"","ping_status":"","sticky":false,"template":"","format":"standard","meta":{"footnotes":""},"categories":[2817],"tags":[1111,11,1997,1777,674,1011,27,12,2219,25,104,7952,2803,2086],"class_list":{"0":"post-410441","1":"post","2":"type-post","3":"status-publish","4":"format-standard","5":"has-post-thumbnail","7":"category-bordeaux","8":"tag-actu","9":"tag-actualites","10":"tag-bordeaux","11":"tag-eu","12":"tag-europe","13":"tag-fr","14":"tag-france","15":"tag-news","16":"tag-nouvelle-aquitaine","17":"tag-republique-francaise","18":"tag-societe","19":"tag-tbm","20":"tag-transport","21":"tag-travaux"},"share_on_mastodon":{"url":"https:\/\/pubeurope.com\/@fr\/115250221765311907","error":""},"_links":{"self":[{"href":"https:\/\/www.europesays.com\/fr\/wp-json\/wp\/v2\/posts\/410441","targetHints":{"allow":["GET"]}}],"collection":[{"href":"https:\/\/www.europesays.com\/fr\/wp-json\/wp\/v2\/posts"}],"about":[{"href":"https:\/\/www.europesays.com\/fr\/wp-json\/wp\/v2\/types\/post"}],"author":[{"embeddable":true,"href":"https:\/\/www.europesays.com\/fr\/wp-json\/wp\/v2\/users\/2"}],"replies":[{"embeddable":true,"href":"https:\/\/www.europesays.com\/fr\/wp-json\/wp\/v2\/comments?post=410441"}],"version-history":[{"count":0,"href":"https:\/\/www.europesays.com\/fr\/wp-json\/wp\/v2\/posts\/410441\/revisions"}],"wp:featuredmedia":[{"embeddable":true,"href":"https:\/\/www.europesays.com\/fr\/wp-json\/wp\/v2\/media\/410442"}],"wp:attachment":[{"href":"https:\/\/www.europesays.com\/fr\/wp-json\/wp\/v2\/media?parent=410441"}],"wp:term":[{"taxonomy":"category","embeddable":true,"href":"https:\/\/www.europesays.com\/fr\/wp-json\/wp\/v2\/categories?post=410441"},{"taxonomy":"post_tag","embeddable":true,"href":"https:\/\/www.europesays.com\/fr\/wp-json\/wp\/v2\/tags?post=410441"}],"curies":[{"name":"wp","href":"https:\/\/api.w.org\/{rel}","templated":true}]}}