{"id":410450,"date":"2025-09-22T22:12:30","date_gmt":"2025-09-22T22:12:30","guid":{"rendered":"https:\/\/www.europesays.com\/fr\/410450\/"},"modified":"2025-09-22T22:12:30","modified_gmt":"2025-09-22T22:12:30","slug":"municipales-2026-a-lille-roger-vicot-se-retire-de-la-course-au-beffroi-voici-pourquoi","status":"publish","type":"post","link":"https:\/\/www.europesays.com\/fr\/410450\/","title":{"rendered":"Municipales 2026 \u00e0 Lille. Roger Vicot se retire de la course au beffroi : voici pourquoi"},"content":{"rendered":"<p>            Par<br \/>\n        <strong><br \/>\n            <a href=\"https:\/\/actu.fr\/auteur\/nicolas-demollien\" title=\"Consulter tous les articles de Nicolas Demollien\" rel=\"nofollow noopener\" target=\"_blank\">Nicolas Demollien<\/a><br \/>\n        <\/strong><\/p>\n<p>        Publi\u00e9 le<\/p>\n<p>            22 sept. 2025 \u00e0 11h57        <\/p>\n<p>Sa <b>d\u00e9cision a officiellement \u00e9t\u00e9 annonc\u00e9e<\/b> ce lundi 22 septembre 2025. Le <b>d\u00e9put\u00e9 Roger Vicot<\/b>, ancien maire de <a href=\"https:\/\/actu.fr\/tag\/lomme\" rel=\"nofollow noopener\" target=\"_blank\">Lomme<\/a>, a annonc\u00e9 officiellement son r<b>etrait de la course<\/b> \u00e0 l\u2019<a href=\"https:\/\/actu.fr\/tag\/municipales-2026\" rel=\"nofollow noopener\" target=\"_blank\">\u00e9lection municipale<\/a> de <a href=\"https:\/\/actu.fr\/hauts-de-france\/lille_59350\" rel=\"nofollow noopener\" target=\"_blank\">Lille<\/a> (Nord). Il <b>se rallie au maire Arnaud Deslandes<\/b>. Rappelons que les militants du <a href=\"https:\/\/actu.fr\/tag\/parti-socialiste-ps\" rel=\"nofollow noopener\" target=\"_blank\">parti socialiste (PS)<\/a> devaient voter prochainement pour d\u00e9signer leur candidat au beffroi.<\/p>\n<p>Pourquoi Roger Vicot se retire de la course aux municipales \u00e0 Lille ?<\/p>\n<p class=\" wall-content\">C\u2019est une surprise car Roger Vicot avait <a href=\"https:\/\/actu.fr\/hauts-de-france\/lille_59350\/mairie-de-lille-roger-vicot-lance-sa-candidature-martine-aubry-reagit_60137521.html\" rel=\"nofollow noopener\" target=\"_blank\">clairement affich\u00e9 ses ambitions<\/a> ces derni\u00e8res semaines, allant jusqu\u2019\u00e0 provoquer le courroux de l\u2019ancienne maire <a href=\"https:\/\/actu.fr\/tag\/martine-aubry\" rel=\"nofollow noopener\" target=\"_blank\">Martine Aubry<\/a>.<\/p>\n<p class=\" wall-content\">Mais c\u2019est <b>un sondage command\u00e9 par le PS<\/b> qui <b>a tout fait basculer<\/b>. \u00ab\u00a0Nous attendions les r\u00e9sultats et je m\u2019\u00e9tais engag\u00e9 \u00e0 retirer ma candidature si je me trouvais dans ce sondage <b>derri\u00e8re Arnaud Deslandes<\/b>. Je vous annonce donc que je la retire ma candidature\u00a0\u00bb.<\/p>\n<p class=\" wall-content\">Roger Vicot, qui se pr\u00e9parait \u00ab\u00a0depuis deux ans\u00a0\u00bb, assure qu\u2019il reste dans la course, mais en soutien de l\u2019actuel maire de Lille. \u00ab\u00a0Je suis debout, fi\u00e8rement. <b>Je prends cette d\u00e9cision en pleine conscience<\/b>. Je me dois de respecter mon engagement et je ferai mon maximum pour que les socialistes l\u2019emportent \u00e0 Lille, \u00e0 <a href=\"https:\/\/actu.fr\/tag\/lomme\" rel=\"nofollow noopener\" target=\"_blank\">Lomme<\/a> et \u00e0 <a href=\"https:\/\/actu.fr\/tag\/hellemes\" rel=\"nofollow noopener\" target=\"_blank\">Hellemmes<\/a>\u00ab\u00a0, insiste le d\u00e9put\u00e9.<\/p>\n<p class=\" wall-content\">Evidemment, l\u2019\u00e9lu assume ce qu\u2019il a fait jusqu\u2019\u00e0 maintenant. Mais il le dit et le r\u00e9p\u00e8te : \u00ab\u00a0Je me retire, je ne m\u2019efface pas. Je ferai tout, \u00e0 la place qui est la mienne, peut-\u00eatre pas celle que j\u2019aurais souhait\u00e9e, mais je ferai tout pour que les socialistes soient vainqueurs\u00a0\u00bb.<\/p>\n<p class=\" wall-content\">Pr\u00e9sent, Arnaud Deslandes salue cette \u00ab\u00a0<b>d\u00e9cision courageuse<\/b>\u00a0\u00bb et souhaite d\u00e9sormais travailler avec Roger Vicot autour d\u2019un rassemblement.<\/p>\n<p class=\" wall-content\">Walid Hanna, secr\u00e9taire de la section de Lille du PS, a lou\u00e9 \u00ab\u00a0une d\u00e9cision qui fait passer l\u2019int\u00e9r\u00eat g\u00e9n\u00e9ral devant l\u2019int\u00e9r\u00eat particulier\u00a0\u00bb. Et d\u2019ajouter : \u00ab\u00a0Les <b>militants \u00e9taient un peu partag\u00e9s<\/b> parce qu\u2019ils avaient de l\u2019affection pour les deux\u00a0\u00bb.<\/p>\n<p>Votre r\u00e9gion, votre actu !<\/p>\n<p>Recevez chaque jour les infos qui comptent pour vous.<\/p>\n<p>\t<a href=\"https:\/\/actu.fr\/newsletter\" class=\"ac-btn ac-btn--corner ac-btn--medium ac-btn--blue800\" rel=\"nofollow noopener\" target=\"_blank\">S&rsquo;incrire<\/a><\/p>\n<p class=\" wall-content\">C\u2019est donc finalement un sondage qui aura d\u00e9partag\u00e9 les deux hommes. Mais Walid Hanna ne souhaite pas en donner les r\u00e9sultats dans le d\u00e9tail : \u00ab\u00a0Il appartient au PS\u00a0\u00bb.<\/p>\n<p>Et maintenant ?\u00a0<\/p>\n<p class=\" wall-content\">Les militants socialistes vont tout de m\u00eame se r\u00e9unir pour d\u00e9signer le candidat \u00e0 la mairie de Lille m\u00eame si le r\u00e9sultat ne fait d\u00e9sormais plus de doute. La date du 6 novembre \u00e9tait annonc\u00e9e. Une r\u00e9union organis\u00e9e ce mardi 23 septembre 2025 pourrait aboutir \u00e0 une date avanc\u00e9e.<\/p>\n<p class=\" wall-content\">Arnaud Deslandes est en tout cas en ordre de marche et avance en coulisse. Sa <b>volont\u00e9 est de r\u00e9unir la gauche<\/b>. \u00ab\u00a0La porte est ouverte aux <a href=\"https:\/\/actu.fr\/tag\/la-france-insoumise-lfi\" rel=\"nofollow noopener\" target=\"_blank\">Insoumis<\/a> ainsi qu\u2019\u00e0 toute la gauche pour que nous travaillions ensemble\u00a0\u00bb. Il assure m\u00eame \u00eatre pr\u00eat \u00e0 construire \u00ab\u00a0une liste d\u2019union de la gauche d\u00e8s le premier tour\u00a0\u00bb.<\/p>\n<p class=\" wall-content\">Mais pour le moment, \u00ab\u00a0les\u00a0Insoumis refusent les discussions\u00a0\u00bb. Changeront ils d\u2019avis ? Affaire \u00e0 suivre.<\/p>\n<p class=\" wall-content\"><b>Avec Margot Nicod\u00e8me<\/b><\/p>\n<p class=\" wall-content\">Personnalisez votre actualit\u00e9 en ajoutant vos villes et m\u00e9dias en favori avec <a href=\"https:\/\/moncompte.actu.fr\" title=\"D\u00e9couvez Mon Actu\" rel=\"nofollow noopener\" data-trk=\"{&quot;cta&quot;:{&quot;action&quot;:&quot;https:\\\/\\\/moncompte.actu.fr&quot;,&quot;category&quot;:&quot;mon compte&quot;,&quot;from&quot;:&quot;article footer&quot;,&quot;name&quot;:&quot;Mon actu&quot;,&quot;type&quot;:&quot;cta&quot;}}\" target=\"_blank\">Mon Actu<\/a>.<\/p>\n","protected":false},"excerpt":{"rendered":"Par Nicolas Demollien Publi\u00e9 le 22 sept. 2025 \u00e0 11h57 Sa d\u00e9cision a officiellement \u00e9t\u00e9 annonc\u00e9e ce lundi&hellip;\n","protected":false},"author":2,"featured_media":410451,"comment_status":"","ping_status":"","sticky":false,"template":"","format":"standard","meta":{"footnotes":""},"categories":[2815],"tags":[1111,11,1777,674,1011,27,811,1307,3434,12,4484,316,25],"class_list":{"0":"post-410450","1":"post","2":"type-post","3":"status-publish","4":"format-standard","5":"has-post-thumbnail","7":"category-lille","8":"tag-actu","9":"tag-actualites","10":"tag-eu","11":"tag-europe","12":"tag-fr","13":"tag-france","14":"tag-hauts-de-france","15":"tag-lille","16":"tag-municipales-2026","17":"tag-news","18":"tag-parti-socialiste-ps","19":"tag-politique","20":"tag-republique-francaise"},"share_on_mastodon":{"url":"https:\/\/pubeurope.com\/@fr\/115250249368447097","error":""},"_links":{"self":[{"href":"https:\/\/www.europesays.com\/fr\/wp-json\/wp\/v2\/posts\/410450","targetHints":{"allow":["GET"]}}],"collection":[{"href":"https:\/\/www.europesays.com\/fr\/wp-json\/wp\/v2\/posts"}],"about":[{"href":"https:\/\/www.europesays.com\/fr\/wp-json\/wp\/v2\/types\/post"}],"author":[{"embeddable":true,"href":"https:\/\/www.europesays.com\/fr\/wp-json\/wp\/v2\/users\/2"}],"replies":[{"embeddable":true,"href":"https:\/\/www.europesays.com\/fr\/wp-json\/wp\/v2\/comments?post=410450"}],"version-history":[{"count":0,"href":"https:\/\/www.europesays.com\/fr\/wp-json\/wp\/v2\/posts\/410450\/revisions"}],"wp:featuredmedia":[{"embeddable":true,"href":"https:\/\/www.europesays.com\/fr\/wp-json\/wp\/v2\/media\/410451"}],"wp:attachment":[{"href":"https:\/\/www.europesays.com\/fr\/wp-json\/wp\/v2\/media?parent=410450"}],"wp:term":[{"taxonomy":"category","embeddable":true,"href":"https:\/\/www.europesays.com\/fr\/wp-json\/wp\/v2\/categories?post=410450"},{"taxonomy":"post_tag","embeddable":true,"href":"https:\/\/www.europesays.com\/fr\/wp-json\/wp\/v2\/tags?post=410450"}],"curies":[{"name":"wp","href":"https:\/\/api.w.org\/{rel}","templated":true}]}}