{"id":410452,"date":"2025-09-22T22:13:12","date_gmt":"2025-09-22T22:13:12","guid":{"rendered":"https:\/\/www.europesays.com\/fr\/410452\/"},"modified":"2025-09-22T22:13:12","modified_gmt":"2025-09-22T22:13:12","slug":"a-marseille-le-foyer-inclusif-saint-raphael-14e-souffle-ses-70-bougies-avec-le-cardinal-aveline","status":"publish","type":"post","link":"https:\/\/www.europesays.com\/fr\/410452\/","title":{"rendered":"\u00c0 Marseille, le foyer inclusif Saint-Rapha\u00ebl (14e) souffle ses 70 bougies avec le cardinal Aveline"},"content":{"rendered":"<p>Des bougies et un h\u00e9ritage. Le centre Saint-Rapha\u00ebl (14e) a f\u00eat\u00e9 son 70e anniversaire <a href=\"https:\/\/www.laprovence.com\/article\/faits-divers-justice\/20574487931785\/revelations-dabus-sexuels-au-sein-de-larcheveche-de-marseille-le-cardinal-jean-marc-aveline-contraint-de-se-justifier\" target=\"_blank\" rel=\"noopener\">en pr\u00e9sence du cardinal Jean-Marc Aveline<\/a>, archev\u00eaque de Marseille. Une centaine de personnes ont particip\u00e9 \u00e0 l\u2019\u00e9v\u00e9nement r\u00e9unissant <a href=\"https:\/\/www.laprovence.com\/article\/region\/2610454528221214\/18-septembre-a-marseille-le-college-josephine-baker-mobilise-pour-ses-eleves-en-situation-de-handicap\" target=\"_blank\" rel=\"noopener\">les pensionnaires en situation de handicap<\/a>, leurs familles, les salari\u00e9s de la <a href=\"https:\/\/www.laprovence.com\/article\/edition-marseille\/3230539\/saint-jean-de-dieu-et-les-necessiteux.html\" target=\"_blank\" rel=\"noopener\">fondation Saint-Jean de Dieu<\/a>\u00a0et des b\u00e9n\u00e9voles. L\u2019occasion de rappeler que l\u2019int\u00e9gration de personnes vuln\u00e9rables est une responsabilit\u00e9 et une r\u00e9ussite collectives.<\/p>\n<p>\u00ab\u00a0Je me sens utile et valoris\u00e9e\u00a0\u00bb<\/p>\n<p>Apr\u00e8s un office religieux au cours duquel le cardinal Aveline a rappel\u00e9 que \u00ab\u00a0personne ne devrait \u00eatre laiss\u00e9 dans l\u2019obscurit\u00e9\u00a0\u00bb, en r\u00e9f\u00e9rence \u00e0 l\u2019archange Rapha\u00ebl qui gu\u00e9rit la c\u00e9cit\u00e9 dans l\u2019Ancien Testament et a donn\u00e9 son nom au centre, la direction de ce dernier a fait le bilan de l\u2019institution.<\/p>\n<p>70 places accessibles chaque ann\u00e9e aux personnes atteintes par un handicap mental dont 60 en internat et 10 en accueil de jour. Ces derniers sont encadr\u00e9s par 50 salari\u00e9s et 10 b\u00e9n\u00e9voles qui se sont joints \u00e0 la f\u00eate. La sp\u00e9cificit\u00e9 du centre est l\u2019inclusion, avec 31\u00a0r\u00e9sidents qui b\u00e9n\u00e9ficient d\u2019une convention de partenariat pour un stage ou du b\u00e9n\u00e9volat.<\/p>\n<p>\u00ab\u00a0En faisant l\u2019accueil physique et t\u00e9l\u00e9phonique pour l&#8230;<\/p>\n","protected":false},"excerpt":{"rendered":"Des bougies et un h\u00e9ritage. Le centre Saint-Rapha\u00ebl (14e) a f\u00eat\u00e9 son 70e anniversaire en pr\u00e9sence du cardinal&hellip;\n","protected":false},"author":2,"featured_media":410453,"comment_status":"","ping_status":"","sticky":false,"template":"","format":"standard","meta":{"footnotes":""},"categories":[2814],"tags":[17,1111,11,54170,1777,674,14267,1011,27,9060,884,12,882,16,25,25271,2407,50698],"class_list":{"0":"post-410452","1":"post","2":"type-post","3":"status-publish","4":"format-standard","5":"has-post-thumbnail","7":"category-marseille","8":"tag-17","9":"tag-actu","10":"tag-actualites","11":"tag-bougies","12":"tag-eu","13":"tag-europe","14":"tag-foyer","15":"tag-fr","16":"tag-france","17":"tag-inclusif","18":"tag-marseille","19":"tag-news","20":"tag-provence-alpes-cote-dazur","21":"tag-region","22":"tag-republique-francaise","23":"tag-saint-raphael","24":"tag-ses","25":"tag-souffle"},"share_on_mastodon":{"url":"https:\/\/pubeurope.com\/@fr\/115250253277093379","error":""},"_links":{"self":[{"href":"https:\/\/www.europesays.com\/fr\/wp-json\/wp\/v2\/posts\/410452","targetHints":{"allow":["GET"]}}],"collection":[{"href":"https:\/\/www.europesays.com\/fr\/wp-json\/wp\/v2\/posts"}],"about":[{"href":"https:\/\/www.europesays.com\/fr\/wp-json\/wp\/v2\/types\/post"}],"author":[{"embeddable":true,"href":"https:\/\/www.europesays.com\/fr\/wp-json\/wp\/v2\/users\/2"}],"replies":[{"embeddable":true,"href":"https:\/\/www.europesays.com\/fr\/wp-json\/wp\/v2\/comments?post=410452"}],"version-history":[{"count":0,"href":"https:\/\/www.europesays.com\/fr\/wp-json\/wp\/v2\/posts\/410452\/revisions"}],"wp:featuredmedia":[{"embeddable":true,"href":"https:\/\/www.europesays.com\/fr\/wp-json\/wp\/v2\/media\/410453"}],"wp:attachment":[{"href":"https:\/\/www.europesays.com\/fr\/wp-json\/wp\/v2\/media?parent=410452"}],"wp:term":[{"taxonomy":"category","embeddable":true,"href":"https:\/\/www.europesays.com\/fr\/wp-json\/wp\/v2\/categories?post=410452"},{"taxonomy":"post_tag","embeddable":true,"href":"https:\/\/www.europesays.com\/fr\/wp-json\/wp\/v2\/tags?post=410452"}],"curies":[{"name":"wp","href":"https:\/\/api.w.org\/{rel}","templated":true}]}}