{"id":410466,"date":"2025-09-22T22:20:15","date_gmt":"2025-09-22T22:20:15","guid":{"rendered":"https:\/\/www.europesays.com\/fr\/410466\/"},"modified":"2025-09-22T22:20:15","modified_gmt":"2025-09-22T22:20:15","slug":"des-elus-ecologistes-accrochent-un-drapeau-palestinien-sur-lhotel-de-ville-de-paris","status":"publish","type":"post","link":"https:\/\/www.europesays.com\/fr\/410466\/","title":{"rendered":"Des \u00e9lus \u00e9cologistes accrochent un drapeau palestinien sur l\u2019H\u00f4tel de Ville de Paris"},"content":{"rendered":"<p class=\"mb-4 text-lg md:leading-8 break-words\"><strong>Reconnaissance &#8211; En r\u00e9ponse \u00e0 l\u2019interdiction brandie par Bruno Retailleau, les \u00e9lus \u00e9cologistes du Conseil de Paris ont accroch\u00e9 le drapeau depuis la fen\u00eatre de leur bureau<\/strong><\/p>\n<p class=\"mb-4 text-lg md:leading-8 break-words\">L\u2019affichage des drapeaux palestinien et isra\u00e9lien sur la <a href=\"https:\/\/www.20minutes.fr\/dossier\/tour_eiffel?at_medium=RSS%20feed&amp;at_campaign=ynews&amp;utm_source=yahoo&amp;utm_medium=rss&amp;utm_campaign=news_feed&amp;utm_content=in_article_link\" rel=\"nofollow noopener\" target=\"_blank\" data-ylk=\"slk:tour Eiffel;elm:context_link;itc:0;sec:content-canvas\" class=\"link \">tour Eiffel<\/a> n\u2019aura pas suffi. Quelques heures avant le discours de reconnaissance de l\u2019Etat palestinien devant les <a href=\"https:\/\/www.20minutes.fr\/monde\/onu\/?at_medium=RSS%20feed&amp;at_campaign=ynews&amp;utm_source=yahoo&amp;utm_medium=rss&amp;utm_campaign=news_feed&amp;utm_content=in_article_link\" rel=\"nofollow noopener\" target=\"_blank\" data-ylk=\"slk:Nations Unies;elm:context_link;itc:0;sec:content-canvas\" class=\"link \">Nations Unies<\/a> par <a href=\"https:\/\/www.20minutes.fr\/politique\/emmanuel-macron\/?at_medium=RSS%20feed&amp;at_campaign=ynews&amp;utm_source=yahoo&amp;utm_medium=rss&amp;utm_campaign=news_feed&amp;utm_content=in_article_link\" rel=\"nofollow noopener\" target=\"_blank\" data-ylk=\"slk:Emmanuel Macron;elm:context_link;itc:0;sec:content-canvas\" class=\"link \">Emmanuel Macron<\/a>, des \u00e9lus \u00e9cologistes ont tenu \u00e0 r\u00e9agir \u00e0 l\u2019interdiction prononc\u00e9e par le ministre de l\u2019Int\u00e9rieur, <a href=\"https:\/\/www.20minutes.fr\/dossier\/bruno_retailleau?at_medium=RSS%20feed&amp;at_campaign=ynews&amp;utm_source=yahoo&amp;utm_medium=rss&amp;utm_campaign=news_feed&amp;utm_content=in_article_link\" rel=\"nofollow noopener\" target=\"_blank\" data-ylk=\"slk:Bruno Retailleau;elm:context_link;itc:0;sec:content-canvas\" class=\"link \">Bruno Retailleau<\/a>, d\u2019afficher le drapeau de la Palestine sur les frontons des h\u00f4tels de ville.<\/p>\n<p class=\"mb-4 text-lg md:leading-8 break-words\">En repr\u00e9sailles, les \u00e9lus verts de la Ville de Paris ont brandi, ce lundi \u00e0 18 heures, le drapeau en question depuis la fen\u00eatre de leur bureau donnant sur le parvis. \u00ab Interdire l\u2019affichage du drapeau palestinien est une faute politique et morale d\u2019une gravit\u00e9 extr\u00eame. Dans ce contexte, la d\u00e9cision de Bruno Retailleau est gravissime, humainement, politiquement et diplomatiquement \u00bb, expliquent-ils dans un communiqu\u00e9 diffus\u00e9 quelques minutes avant leur action.<\/p>\n<p class=\"mb-4 text-lg md:leading-8 break-words\">\u00ab Aujourd\u2019hui, nous avons rendu hommage aux victimes civiles palestiniennes, contre l\u2019interdiction de Bruno Retailleau de hisser le drapeau palestinien. Paris est le symbole de la paix, la capitale de la paix, nous avions \u00e0 c\u0153ur que Paris ait enfin un mot \u00e0 l\u2019endroit du peuple palestinien. \u00bb a ajout\u00e9 Fatoumata Kon\u00e9, Pr\u00e9sidente du groupe \u00ab \u00c9cologiste de Paris \u00bb au Conseil de Paris.<\/p>\n<p class=\"mb-4 text-lg md:leading-8 break-words\"><a href=\"https:\/\/www.20minutes.fr\/paris\/4174593-20250922-gaza-elus-ecologistes-accrochent-drapeau-palestinien-hotel-ville-paris?at_medium=RSS%20feed&amp;at_campaign=ynews&amp;utm_source=yahoo&amp;utm_medium=rss&amp;utm_campaign=news_feed&amp;utm_content=read_more_link&quot;\" rel=\"nofollow noopener\" target=\"_blank\" data-ylk=\"slk:Lire la suite sur 20minutes;elm:context_link;itc:0;sec:content-canvas\" class=\"link \">Lire la suite sur 20minutes<\/a><\/p>\n<p>\u00c0 lire aussi :<br \/><a href=\"https:\/\/www.20minutes.fr\/monde\/israel\/4173107-20250915-gaza-olivier-faure-appelle-hisser-drapeau-palestinien-mairies-22-septembre?at_medium=RSS%20feed&amp;at_campaign=ynews&amp;utm_source=yahoo&amp;utm_medium=rss&amp;utm_campaign=news_feed&amp;utm_content=related_content_link\" rel=\"nofollow noopener\" target=\"_blank\" data-ylk=\"slk:Gaza : Olivier Faure appelle \u00e0 hisser le drapeau palestinien sur les mairies le 22 septembre, le RN s&#039;offusque;elm:context_link;itc:0;sec:content-canvas\" class=\"link \">Gaza : Olivier Faure appelle \u00e0 hisser le drapeau palestinien sur les mairies le 22 septembre, le RN s&rsquo;offusque<\/a><br \/><a href=\"https:\/\/www.20minutes.fr\/societe\/4167625-20250812-paris-evacuation-migrants-dont-150-enfants-campaient-devant-hotel-ville?at_medium=RSS%20feed&amp;at_campaign=ynews&amp;utm_source=yahoo&amp;utm_medium=rss&amp;utm_campaign=news_feed&amp;utm_content=related_content_link\" rel=\"nofollow noopener\" target=\"_blank\" data-ylk=\"slk:Paris : Evacuation des migrants, dont 150 d\u2019enfants, qui campaient devant l\u2019H\u00f4tel de Ville;elm:context_link;itc:0;sec:content-canvas\" class=\"link \">Paris : Evacuation des migrants, dont 150 d\u2019enfants, qui campaient devant l\u2019H\u00f4tel de Ville<\/a><\/p>\n","protected":false},"excerpt":{"rendered":"Reconnaissance &#8211; En r\u00e9ponse \u00e0 l\u2019interdiction brandie par Bruno Retailleau, les \u00e9lus \u00e9cologistes du Conseil de Paris ont&hellip;\n","protected":false},"author":2,"featured_media":410467,"comment_status":"","ping_status":"","sticky":false,"template":"","format":"standard","meta":{"footnotes":""},"categories":[1888],"tags":[1111,1928,11,1927,1013,2617,54171,54173,1777,674,1011,27,12,1926,626,1925,25,54172],"class_list":{"0":"post-410466","1":"post","2":"type-post","3":"status-publish","4":"format-standard","5":"has-post-thumbnail","7":"category-paris","8":"tag-actu","9":"tag-actu-paris","10":"tag-actualites","11":"tag-actualites-paris","12":"tag-bruno-retailleau","13":"tag-conseil-de-paris","14":"tag-drapeau-de-la-palestine","15":"tag-elus-verts","16":"tag-eu","17":"tag-europe","18":"tag-fr","19":"tag-france","20":"tag-news","21":"tag-news-paris","22":"tag-paris","23":"tag-paris-news","24":"tag-republique-francaise","25":"tag-symbole-de-la-paix"},"share_on_mastodon":{"url":"https:\/\/pubeurope.com\/@fr\/115250280858996161","error":""},"_links":{"self":[{"href":"https:\/\/www.europesays.com\/fr\/wp-json\/wp\/v2\/posts\/410466","targetHints":{"allow":["GET"]}}],"collection":[{"href":"https:\/\/www.europesays.com\/fr\/wp-json\/wp\/v2\/posts"}],"about":[{"href":"https:\/\/www.europesays.com\/fr\/wp-json\/wp\/v2\/types\/post"}],"author":[{"embeddable":true,"href":"https:\/\/www.europesays.com\/fr\/wp-json\/wp\/v2\/users\/2"}],"replies":[{"embeddable":true,"href":"https:\/\/www.europesays.com\/fr\/wp-json\/wp\/v2\/comments?post=410466"}],"version-history":[{"count":0,"href":"https:\/\/www.europesays.com\/fr\/wp-json\/wp\/v2\/posts\/410466\/revisions"}],"wp:featuredmedia":[{"embeddable":true,"href":"https:\/\/www.europesays.com\/fr\/wp-json\/wp\/v2\/media\/410467"}],"wp:attachment":[{"href":"https:\/\/www.europesays.com\/fr\/wp-json\/wp\/v2\/media?parent=410466"}],"wp:term":[{"taxonomy":"category","embeddable":true,"href":"https:\/\/www.europesays.com\/fr\/wp-json\/wp\/v2\/categories?post=410466"},{"taxonomy":"post_tag","embeddable":true,"href":"https:\/\/www.europesays.com\/fr\/wp-json\/wp\/v2\/tags?post=410466"}],"curies":[{"name":"wp","href":"https:\/\/api.w.org\/{rel}","templated":true}]}}