{"id":410472,"date":"2025-09-22T22:23:17","date_gmt":"2025-09-22T22:23:17","guid":{"rendered":"https:\/\/www.europesays.com\/fr\/410472\/"},"modified":"2025-09-22T22:23:17","modified_gmt":"2025-09-22T22:23:17","slug":"incursions-de-drones-russes-en-pologne-la-population-demunie-face-a-la-menace","status":"publish","type":"post","link":"https:\/\/www.europesays.com\/fr\/410472\/","title":{"rendered":"Incursions de drones russes en Pologne: la population d\u00e9munie face \u00e0 la menace"},"content":{"rendered":"<p><a class=\"m-item-image m-item-image--1x1 o-podcast-header__image\" href=\"https:\/\/www.rfi.fr\/fr\/podcasts\/reportage-international\/\" title=\"Reportage international\" data-article-item-link=\"\" aria-hidden=\"true\" tabindex=\"-1\" target=\"_blank\" rel=\"noopener\"><\/p>\n<p><img decoding=\"async\" fetchpriority=\"high\" src=\"https:\/\/www.europesays.com\/fr\/wp-content\/uploads\/2025\/09\/carre-3000-reportage-international.jpg\"   width=\"480\" height=\"480\" alt=\"Image carr\u00e9e\" loading=\"eager\" class=\"a-img \"\/><br \/>\n                                <\/a>                <\/p>\n<p class=\"t-content__chapo\">\n                                                Les repr\u00e9sentants des 32 pays de l&rsquo;Otan vont se r\u00e9unir ce mardi matin, \u00e0 Bruxelles, \u00e0 la demande de l&rsquo;Estonie, apr\u00e8s une incursion russe vendredi dans l&rsquo;espace a\u00e9rien de ce pays balte. En Pologne aussi, la situation inqui\u00e8te. Quelques jours seulement apr\u00e8s l\u2019incursion de 21\u00a0drones russes dans l\u2019espace a\u00e9rien polonais, les alarmes ont retenti dans la petite ville de Che\u0142m lorsque les drones russes se sont dangereusement rapproch\u00e9s de la r\u00e9gion. La ville est situ\u00e9e \u00e0 peine \u00e0 25 kilom\u00e8tres de la fronti\u00e8re avec l\u2019Ukraine et l\u2019alerte a r\u00e9v\u00e9l\u00e9 le manque de pr\u00e9paration des habitants face \u00e0 ce genre de menaces. RFI a rencontr\u00e9 ces citoyens qui ignorent comment se comporter en situation de crise.                    <\/p>\n<p><img decoding=\"async\" fetchpriority=\"low\" src=\"https:\/\/www.europesays.com\/fr\/wp-content\/uploads\/2025\/09\/Cette-semaine-Hubert-Trusiuk-a-rec\u0327u-la-visite-de-plusieurs-habitants-venus-faire-expertiser-leur-ca.jpeg\"   width=\"1024\" height=\"576\" alt=\"Cette semaine, Hubert Trusiuk a rec\u0327u la visite de plusieurs habitants venus faire expertiser leur cave pour savoir si elle pourrait faire office d'abri antiae\u0301rien.\" loading=\"eager\" class=\"a-img \"\/><\/p>\n<p>                Cette semaine, Hubert Trusiuk a rec\u0327u la visite de plusieurs habitants venus faire expertiser leur cave pour savoir si elle pourrait faire office d&rsquo;abri antiae\u0301rien.                \u00a9 Adrien Sarlat \/ RFI            <\/p>\n","protected":false},"excerpt":{"rendered":"Les repr\u00e9sentants des 32 pays de l&rsquo;Otan vont se r\u00e9unir ce mardi matin, \u00e0 Bruxelles, \u00e0 la demande&hellip;\n","protected":false},"author":2,"featured_media":410473,"comment_status":"","ping_status":"","sticky":false,"template":"","format":"standard","meta":{"footnotes":""},"categories":[1591],"tags":[11,554,674,1887,12,2437,2436,1885,1886,132,220],"class_list":{"0":"post-410472","1":"post","2":"type-post","3":"status-publish","4":"format-standard","5":"has-post-thumbnail","7":"category-russie","8":"tag-actualites","9":"tag-defense","10":"tag-europe","11":"tag-federation-de-russie","12":"tag-news","13":"tag-pologne","14":"tag-reportage-international","15":"tag-russia","16":"tag-russian-federation","17":"tag-russie","18":"tag-ukraine"},"share_on_mastodon":{"url":"https:\/\/pubeurope.com\/@fr\/115250293480179890","error":""},"_links":{"self":[{"href":"https:\/\/www.europesays.com\/fr\/wp-json\/wp\/v2\/posts\/410472","targetHints":{"allow":["GET"]}}],"collection":[{"href":"https:\/\/www.europesays.com\/fr\/wp-json\/wp\/v2\/posts"}],"about":[{"href":"https:\/\/www.europesays.com\/fr\/wp-json\/wp\/v2\/types\/post"}],"author":[{"embeddable":true,"href":"https:\/\/www.europesays.com\/fr\/wp-json\/wp\/v2\/users\/2"}],"replies":[{"embeddable":true,"href":"https:\/\/www.europesays.com\/fr\/wp-json\/wp\/v2\/comments?post=410472"}],"version-history":[{"count":0,"href":"https:\/\/www.europesays.com\/fr\/wp-json\/wp\/v2\/posts\/410472\/revisions"}],"wp:featuredmedia":[{"embeddable":true,"href":"https:\/\/www.europesays.com\/fr\/wp-json\/wp\/v2\/media\/410473"}],"wp:attachment":[{"href":"https:\/\/www.europesays.com\/fr\/wp-json\/wp\/v2\/media?parent=410472"}],"wp:term":[{"taxonomy":"category","embeddable":true,"href":"https:\/\/www.europesays.com\/fr\/wp-json\/wp\/v2\/categories?post=410472"},{"taxonomy":"post_tag","embeddable":true,"href":"https:\/\/www.europesays.com\/fr\/wp-json\/wp\/v2\/tags?post=410472"}],"curies":[{"name":"wp","href":"https:\/\/api.w.org\/{rel}","templated":true}]}}