{"id":410474,"date":"2025-09-22T22:24:46","date_gmt":"2025-09-22T22:24:46","guid":{"rendered":"https:\/\/www.europesays.com\/fr\/410474\/"},"modified":"2025-09-22T22:24:46","modified_gmt":"2025-09-22T22:24:46","slug":"en-direct-guerre-en-ukraine-les-etats-unis-promettent-de-defendre-chaque-centimetre-du-territoire-de-lotan","status":"publish","type":"post","link":"https:\/\/www.europesays.com\/fr\/410474\/","title":{"rendered":"En direct, guerre en Ukraine \u2013 Les Etats-Unis promettent \u00abde d\u00e9fendre chaque centim\u00e8tre du territoire de l\u2019OTAN\u00bb"},"content":{"rendered":"<p>        22 septembre \u00e0 19:59<\/p>\n<p>      L\u2019ambassadeur am\u00e9ricain \u00e0 l\u2019ONU promet \u00abde d\u00e9fendre chaque centim\u00e8tre du territoire de l\u2019OTAN\u00bb<\/p>\n<p>              <a tabindex=\"-1\" title=\"Le Temps avec l\u2019AFP\" href=\"https:\/\/www.letemps.ch\/profil\/le-temps-avec-l-afp\" target=\"_blank\" rel=\"noopener\"><\/p>\n<p>                    <img decoding=\"async\" src=\"https:\/\/www.europesays.com\/fr\/wp-content\/uploads\/2025\/04\/1744691829_537_small.jpeg\" class=\"lazy\" alt=\"\"\/><\/p>\n<p><\/a>        <\/p>\n<p>Les \u00c9tats-Unis promettent lundi de d\u00e9fendre \u00abchaque centim\u00e8tre du territoire de l\u2019OTAN\u00bb, au cours d\u2019un Conseil de s\u00e9curit\u00e9 de l\u2019ONU convoqu\u00e9 par l\u2019Estonie apr\u00e8s l\u2019incursion d\u2019avions russes dans son espace a\u00e9rien, le troisi\u00e8me incident en dix jours visant des pays voisins de la Russie.<\/p>\n<p>\u00abAu moment o\u00f9 le pr\u00e9sident Trump et les \u00c9tats-Unis\u00bb tentent de \u00abmettre fin \u00e0 cette guerre atroce entre la Russie et l\u2019Ukraine, nous nous attendons \u00e0 ce que la Russie cherche des moyens de d\u00e9sescalade, et non \u00e0 prendre le risque d\u2019une extension du conflit\u00bb, a lanc\u00e9 le nouvel ambassadeur des Etats-Unis aupr\u00e8s de l\u2019ONU, Mike Waltz.<\/p>\n<p>        22 septembre \u00e0 14:50<\/p>\n<p>      Vladimir Poutine propose de prolonger d\u2019un an le trait\u00e9 New Start<\/p>\n<p>              <a tabindex=\"-1\" title=\"Le Temps avec l\u2019AFP\" href=\"https:\/\/www.letemps.ch\/profil\/le-temps-avec-l-afp\" target=\"_blank\" rel=\"noopener\"><\/p>\n<p>                    <img decoding=\"async\" src=\"https:\/\/www.europesays.com\/fr\/wp-content\/uploads\/2025\/04\/1744691829_537_small.jpeg\" class=\"lazy\" alt=\"\"\/><\/p>\n<p><\/a>        <\/p>\n<p>Le pr\u00e9sident russe Vladimir Poutine a propos\u00e9 lundi de prolonger d\u2019un an les termes du trait\u00e9 de d\u00e9sarmement nucl\u00e9aire New Start conclu entre la Russie et les Etats-Unis. Cet accord doit expirer en f\u00e9vrier prochain.<\/p>\n<p>\u00abLa Russie est pr\u00eate, apr\u00e8s le 5\u00a0f\u00e9vrier 2026, \u00e0 continuer de respecter les restrictions quantitatives centrales pr\u00e9vues par le trait\u00e9 Start\u00bb, a-t-il d\u00e9clar\u00e9 lors d\u2019une r\u00e9union t\u00e9l\u00e9vis\u00e9e. \u00abPar la suite, sur la base d\u2019une analyse de la situation, nous prendrons une d\u00e9cision concernant le maintien ult\u00e9rieur de ces restrictions volontaires\u00bb, a-t-il ajout\u00e9.<\/p>\n<p>\u00abNous pensons que cette mesure ne sera viable que si les Etats-Unis agissent de mani\u00e8re analogue et ne prennent pas de mesures qui sapent ou violent le ratio actuel de capacit\u00e9s de dissuasion\u00bb, a poursuivi le pr\u00e9sident russe.<\/p>\n<p><strong>Explication:<\/strong> Le trait\u00e9 New Start, dernier accord de ma\u00eetrise des armements liant Washington et Moscou, limite chaque partie \u00e0 1550 ogives strat\u00e9giques offensives d\u00e9ploy\u00e9es. L\u2019accord pr\u00e9voit notamment un m\u00e9canisme de v\u00e9rifications, m\u00eame si celles-ci sont interrompues depuis que Moscou a suspendu sa participation il y a deux ans.<\/p>\n<p>        22 septembre \u00e0 12:17<\/p>\n<p>      Les pays de l\u2019OTAN aggravent les tensions par leurs accusations \u00abinfond\u00e9es\u00bb, selon Moscou<\/p>\n<p>              <a tabindex=\"-1\" title=\"Le Temps avec l\u2019AFP\" href=\"https:\/\/www.letemps.ch\/profil\/le-temps-avec-l-afp\" target=\"_blank\" rel=\"noopener\"><\/p>\n<p>                    <img decoding=\"async\" src=\"https:\/\/www.europesays.com\/fr\/wp-content\/uploads\/2025\/04\/1744691829_537_small.jpeg\" class=\"lazy\" alt=\"\"\/><\/p>\n<p><\/a>        <\/p>\n<p>Le Kremlin a accus\u00e9 lundi les pays de l\u2019OTAN d\u2019aggraver les tensions avec leurs accusations \u00abinfond\u00e9es\u00bb selon lesquelles la Russie a viol\u00e9 certains de leurs espaces a\u00e9riens, l\u2019Estonie ayant affirm\u00e9 la semaine derni\u00e8re que des avions de chasse avaient survol\u00e9 son territoire.<\/p>\n<p>\u00abNous consid\u00e9rons ces d\u00e9clarations comme vides de sens, infond\u00e9es et s\u2019inscrivant dans la continuit\u00e9 d\u2019une politique compl\u00e8tement effr\u00e9n\u00e9e qui consiste \u00e0 attiser les tensions et \u00e0 provoquer un climat de confrontation\u00bb, a affirm\u00e9 le porte-parole du Kremlin, Dmitri Peskov, interrog\u00e9 sur les accusations du pays balte lors de son briefing quotidien auquel participait notamment l\u2019AFP.<\/p>\n<p>        22 septembre \u00e0 11:54<\/p>\n<p>      La Russie recrute de jeunes \u00e9tudiants et des femmes migrantes pour assembler ses drones kamikazes<\/p>\n<p>              <a tabindex=\"-1\" title=\"Camille Pagella\" href=\"https:\/\/www.letemps.ch\/profil\/camille-pagella\" target=\"_blank\" rel=\"noopener\"><\/p>\n<p>                    <img decoding=\"async\" src=\"https:\/\/www.europesays.com\/fr\/wp-content\/uploads\/2025\/04\/1744195150_499_small.jpeg\" class=\"lazy\" alt=\"\"\/><\/p>\n<p><\/a>        <\/p>\n<p>A coups de podcasts, de vid\u00e9os et de partenariats, l\u2019usine russe de drones d\u2019Alabuga redouble d\u2019efforts pour attirer des travailleuses d\u2019Afrique, d\u2019Asie et d\u2019Am\u00e9rique latine via un programme trompeur. Des images satellites r\u00e9v\u00e8lent la construction de nouveau dortoirs.<\/p>\n<p>\u25baLire l&rsquo;article dans son int\u00e9gralit\u00e9 <a href=\"https:\/\/www.letemps.ch\/monde\/europe\/la-russie-recrute-de-jeunes-etudiants-et-des-femmes-migrantes-pour-assembler-ses-drones-kamikazes\" rel=\"nofollow noopener\" target=\"_blank\">ici<\/a><\/p>\n<p>  <a class=\"glightbox\" href=\"https:\/\/www.letemps.ch\/placeholder.png\" data-type=\"image\" data-description=\"\" data- target=\"_blank\" rel=\"noopener\"><\/p>\n<p>      <img decoding=\"async\" class=\"lazy\" title=\"\" alt=\"\" src=\"https:\/\/www.europesays.com\/fr\/wp-content\/uploads\/2025\/09\/1758579886_241_medium.jpeg\"\/><\/p>\n<p>  <\/a><\/p>\n<p>        22 septembre \u00e0 10:45<\/p>\n<p>      Suite aux incursions russes en Estonie, l\u2019OTAN va se r\u00e9unir mardi matin<\/p>\n<p>              <a tabindex=\"-1\" title=\"Le Temps avec l\u2019AFP\" href=\"https:\/\/www.letemps.ch\/profil\/le-temps-avec-l-afp\" target=\"_blank\" rel=\"noopener\"><\/p>\n<p>                    <img decoding=\"async\" src=\"https:\/\/www.europesays.com\/fr\/wp-content\/uploads\/2025\/04\/1744691829_537_small.jpeg\" class=\"lazy\" alt=\"\"\/><\/p>\n<p><\/a>        <\/p>\n<p>Les repr\u00e9sentants des 32 pays de l\u2019OTAN vont se r\u00e9unir mardi matin \u00e0 Bruxelles, \u00e0 la demande de l\u2019Estonie, apr\u00e8s une incursion russe vendredi dans l\u2019espace a\u00e9rien de ce pays balte, a indiqu\u00e9 lundi un responsable de l\u2019Alliance.<\/p>\n<p>Cette r\u00e9union du Conseil de l\u2019Atlantique nord (NAC), au niveau des ambassadeurs, aura lieu dans le cadre de l\u2019article 4 du trait\u00e9 de l\u2019OTAN, qui pr\u00e9voit des consultations entre alli\u00e9s en cas de menace sur l\u2019un de ses membres.<\/p>\n<p><strong>Pour rappel:<\/strong> Vendredi, trois avions de combat russes sont entr\u00e9s dans l\u2019espace a\u00e9rien estonien et y sont rest\u00e9s pendant 12\u00a0minutes, d\u00e9clenchant des protestations de l\u2019OTAN et de l\u2019Union europ\u00e9enne contre une nouvelle \u00abprovocation\u00bb russe, tandis que Moscou a d\u00e9menti toute violation.<\/p>\n<p>Le Conseil de s\u00e9curit\u00e9 de l\u2019ONU doit de son c\u00f4t\u00e9 se r\u00e9unir lundi \u00aben r\u00e9ponse \u00e0 la violation flagrante de l\u2019espace a\u00e9rien estonien par la Russie\u00bb, avait annonc\u00e9 le minist\u00e8re estonien des Affaires \u00e9trang\u00e8res vendredi.<\/p>\n<p>        22 septembre \u00e0 10:37<br \/>\n          <strong>Carte<\/strong><\/p>\n<p>      156 affrontements ont eu lieu dimanche entre les soldats ukrainiens et russes<\/p>\n<p>              <a tabindex=\"-1\" title=\"Le Temps\" href=\"https:\/\/www.letemps.ch\/profil\/le-temps\" target=\"_blank\" rel=\"noopener\"><\/p>\n<p>                    <img decoding=\"async\" src=\"https:\/\/www.europesays.com\/fr\/wp-content\/uploads\/2025\/04\/1744691829_934_small.jpeg\" class=\"lazy\" alt=\"\"\/><\/p>\n<p><\/a>        <\/p>\n<p>L\u2019\u00e9tat-major ukrainien annonce qu\u2019au cours des derni\u00e8res 24\u00a0heures, 156 affrontements ont eu lieu avec l\u2019arm\u00e9e russe. Dans le m\u00eame <a href=\"https:\/\/x.com\/GeneralStaffUA\/status\/1969992033218576618\" rel=\"nofollow noopener\" target=\"_blank\">post sur X<\/a>, l\u2019arm\u00e9e ukrainienne annonce avoir d\u00e9nombr\u00e9 49\u00a0assauts russes \u00e0 divers endroits.<\/p>\n<p>        22 septembre \u00e0 07:18<\/p>\n<p>      Trois morts au moins dans un bombardement russe sur Zaporijjia<\/p>\n<p>              <a tabindex=\"-1\" title=\"Le Temps avec l\u2019AFP\" href=\"https:\/\/www.letemps.ch\/profil\/le-temps-avec-l-afp\" target=\"_blank\" rel=\"noopener\"><\/p>\n<p>                    <img decoding=\"async\" src=\"https:\/\/www.europesays.com\/fr\/wp-content\/uploads\/2025\/04\/1744691829_537_small.jpeg\" class=\"lazy\" alt=\"\"\/><\/p>\n<p><\/a>        <\/p>\n<p>Au moins trois personnes ont \u00e9t\u00e9 tu\u00e9es dans un bombardement a\u00e9rien russe sur la ville de Zaporijjia, dans le sud de l&rsquo;Ukraine, ont annonc\u00e9 ce matin les autorit\u00e9s. Ce bombardement a \u00e9galement fait deux bless\u00e9s, dont un se trouve dans un \u00e9tat grave, a \u00e9crit sur Telegram le chef de l&rsquo;administration r\u00e9gionale de Zaporijjia, Ivan Fedorov, ajoutant que le corps d&rsquo;une femme avait \u00e9t\u00e9 extrait des d\u00e9combres. D&rsquo;autres attaques russes dans la nuit d&rsquo;hier \u00e0 aujourd&rsquo;hui ont fait un bless\u00e9 \u00e0 Kiev, et un autre \u00e0 Soumy, selon des responsables locaux.<\/p>\n<p>        22 septembre \u00e0 03:58<\/p>\n<p>      Une attaque de drones ukrainienne fait trois morts et 16 bless\u00e9s en Crim\u00e9e<\/p>\n<p>              <a tabindex=\"-1\" title=\"Le Temps avec l\u2019AFP\" href=\"https:\/\/www.letemps.ch\/profil\/le-temps-avec-l-afp\" target=\"_blank\" rel=\"noopener\"><\/p>\n<p>                    <img decoding=\"async\" src=\"https:\/\/www.europesays.com\/fr\/wp-content\/uploads\/2025\/04\/1744691829_537_small.jpeg\" class=\"lazy\" alt=\"\"\/><\/p>\n<p><\/a>        <\/p>\n<p>Trois personnes ont \u00e9t\u00e9 tu\u00e9es et 16 bless\u00e9es dimanche en Crim\u00e9e, p\u00e9ninsule du sud de l\u2019Ukraine annex\u00e9e par Moscou, lors d\u2019une attaque de drones ukrainienne dimanche soir, a indiqu\u00e9 le dirigeant local.<\/p>\n<p>\u00abSelon les donn\u00e9es actualis\u00e9es, trois personnes ont \u00e9t\u00e9 tu\u00e9es et seize bless\u00e9es \u00e0 la suite d\u2019une attaque de drones dans la r\u00e9gion de la ville de Foros\u00bb, a \u00e9crit sur Telegram Sergue\u00ef Axionov, pr\u00e9cisant que le sanatorium et une \u00e9cole de cette station baln\u00e9aire ont \u00e9t\u00e9 endommag\u00e9s lors de l\u2019attaque.<\/p>\n<p>De son c\u00f4t\u00e9, le minist\u00e8re russe de la D\u00e9fense avait plus t\u00f4t fait \u00e9tat de deux morts et 15 bless\u00e9s dans ce qu\u2019il a qualifi\u00e9 \u00abd\u2019attaque terroriste d\u00e9lib\u00e9r\u00e9e contre des cibles civiles\u00bb.<\/p>\n","protected":false},"excerpt":{"rendered":"22 septembre \u00e0 19:59 L\u2019ambassadeur am\u00e9ricain \u00e0 l\u2019ONU promet \u00abde d\u00e9fendre chaque centim\u00e8tre du territoire de l\u2019OTAN\u00bb Les&hellip;\n","protected":false},"author":2,"featured_media":410475,"comment_status":"","ping_status":"","sticky":false,"template":"","format":"standard","meta":{"footnotes":""},"categories":[1590],"tags":[11,1777,674,4438,12,132,220],"class_list":{"0":"post-410474","1":"post","2":"type-post","3":"status-publish","4":"format-standard","5":"has-post-thumbnail","7":"category-ukraine","8":"tag-actualites","9":"tag-eu","10":"tag-europe","11":"tag-free","12":"tag-news","13":"tag-russie","14":"tag-ukraine"},"share_on_mastodon":{"url":"https:\/\/pubeurope.com\/@fr\/115250300920276259","error":""},"_links":{"self":[{"href":"https:\/\/www.europesays.com\/fr\/wp-json\/wp\/v2\/posts\/410474","targetHints":{"allow":["GET"]}}],"collection":[{"href":"https:\/\/www.europesays.com\/fr\/wp-json\/wp\/v2\/posts"}],"about":[{"href":"https:\/\/www.europesays.com\/fr\/wp-json\/wp\/v2\/types\/post"}],"author":[{"embeddable":true,"href":"https:\/\/www.europesays.com\/fr\/wp-json\/wp\/v2\/users\/2"}],"replies":[{"embeddable":true,"href":"https:\/\/www.europesays.com\/fr\/wp-json\/wp\/v2\/comments?post=410474"}],"version-history":[{"count":0,"href":"https:\/\/www.europesays.com\/fr\/wp-json\/wp\/v2\/posts\/410474\/revisions"}],"wp:featuredmedia":[{"embeddable":true,"href":"https:\/\/www.europesays.com\/fr\/wp-json\/wp\/v2\/media\/410475"}],"wp:attachment":[{"href":"https:\/\/www.europesays.com\/fr\/wp-json\/wp\/v2\/media?parent=410474"}],"wp:term":[{"taxonomy":"category","embeddable":true,"href":"https:\/\/www.europesays.com\/fr\/wp-json\/wp\/v2\/categories?post=410474"},{"taxonomy":"post_tag","embeddable":true,"href":"https:\/\/www.europesays.com\/fr\/wp-json\/wp\/v2\/tags?post=410474"}],"curies":[{"name":"wp","href":"https:\/\/api.w.org\/{rel}","templated":true}]}}