{"id":41048,"date":"2025-04-21T08:32:08","date_gmt":"2025-04-21T08:32:08","guid":{"rendered":"https:\/\/www.europesays.com\/fr\/41048\/"},"modified":"2025-04-21T08:32:08","modified_gmt":"2025-04-21T08:32:08","slug":"eric-piolle-toujours-conteste-un-second-tour-pour-le-maire-de-grenoble","status":"publish","type":"post","link":"https:\/\/www.europesays.com\/fr\/41048\/","title":{"rendered":"Eric Piolle toujours contest\u00e9, un second tour pour le maire de Grenoble"},"content":{"rendered":"<p>\t\t\t\t\t\t\t\t\t\t\t<img loading=\"lazy\" decoding=\"async\" width=\"1110\" title=\"Porte-parole des Ecologistes : Eric Piolle toujours contest\u00e9, un second tour pour le maire de Grenoble\" class=\"img-fluid not_lzld mb-3\" src=\"https:\/\/www.europesays.com\/fr\/wp-content\/uploads\/2025\/04\/1110x624_porte-parole-des-ecologistes-eric-piolle-toujours-conteste-un-second-tour-pour-le-maire-de-\" alt=\"Porte-parole des Ecologistes : Eric Piolle toujours contest\u00e9, un second tour pour le maire de Grenoble\" itemprop=\"image\" height=\"624\"\/>\t\t\t\t\t\t\t\t\t\t\t\t<\/p>\n<p>Porte-parole des Ecologistes : Eric Piolle toujours contest\u00e9, un second tour pour le maire de Grenoble &#8211; DR<\/p>\n<p itemprop=\"description\"><strong>Marine Tondelier a \u00e9t\u00e9 largement r\u00e9\u00e9lue secr\u00e9taire g\u00e9n\u00e9rale des Ecologistes au premier tour des \u00e9lections internes du parti.<\/strong><\/p>\n<p>Avec 73% des voix, elle a pu compter sur un soutien fort des adh\u00e9rents.<\/p>\n<p>Et les autres postes \u00e0 responsabilit\u00e9s des Ecologistes ont \u00e9galement trouv\u00e9 preneur d\u00e8s le premier tour. Tous, sauf un. Il s&rsquo;agit du poste de porte-parole homme, que convoitait Eric Piolle contre l&rsquo;avis de Marine Tondelier avec laquelle le maire de Grenoble est en froid.<\/p>\n<p>Avec 37% des suffrages, Eric Piolle n&rsquo;a obtenu que 329 voix d&rsquo;avance sur Guillaume Hedouin, conseiller r\u00e9gional de Normandie et favori de Tondelier qui r\u00e9clame un \u00e9lu rural pour l&rsquo;accompagner.<\/p>\n<p>Oblig\u00e9 de se plier \u00e0 un second tour humiliant cette semaine, Eric Piolle parviendra-t-il \u00e0 s&rsquo;imposer malgr\u00e9 les b\u00e2tons que sa secr\u00e9taire g\u00e9n\u00e9rale lui met dans les roues ?<\/p>\n<p>En coulisses, c&rsquo;est la pr\u00e9paration de l&rsquo;\u00e9lection pr\u00e9sidentielle 2027 qui se joue. Puisqu&rsquo;il ne sera plus maire de Grenoble \u00e0 l&rsquo;issue de son second mandat en 2026, Eric Piolle a d\u00e9sormais des ambitions nationales. Or, le poste de porte-parole lui conf\u00e8re l&rsquo;assurance de multiplier les apparitions dans les m\u00e9dias \u00e0 Paris ces prochaines ann\u00e9es. Ce que Marine Tondelier, qui vise \u00e9galement l&rsquo;Elys\u00e9e, voit d&rsquo;un tr\u00e8s mauvais oeil.<\/p>\n<blockquote class=\"twitter-tweet\"><p>&#13;<\/p>\n<p dir=\"ltr\" lang=\"fr\">\ud83c\udf3b Merci aux adh\u00e9rent\u00b7es \u00e9cologistes qui m\u2019ont port\u00e9 en t\u00eate du 1er tour de l\u2019\u00e9lection du porte-parole homme, avec 37% des voix !<\/p>\n<p>F\u00e9licitations \u00e0 <a href=\"https:\/\/twitter.com\/marinetondelier?ref_src=twsrc%5Etfw\" target=\"_blank\" rel=\"noopener\">@marinetondelier<\/a> pour sa r\u00e9\u00e9lection. Bravo \u00e0 <a href=\"https:\/\/twitter.com\/aminataniakate?ref_src=twsrc%5Etfw\" target=\"_blank\" rel=\"noopener\">@aminataniakate<\/a> r\u00e9\u00e9lue porte-parole, ainsi qu\u2019aux autres candidat\u00b7es. <a href=\"https:\/\/t.co\/XArhUtAhIj\">pic.twitter.com\/XArhUtAhIj<\/a><\/p>\n<p>&#13;<br \/>\n\u2014 \u00c9ric Piolle (@EricPiolle) <a href=\"https:\/\/twitter.com\/EricPiolle\/status\/1913648006240358693?ref_src=twsrc%5Etfw\" target=\"_blank\" rel=\"noopener\">April 19, 2025<\/a><\/p><\/blockquote>\n<p>\t\t\t\t\t\t\t\t\t\t\t\t\t\t\t\t\t\t\t<script async src=\"https:\/\/platform.twitter.com\/widgets.js\" charset=\"utf-8\"><\/script><\/p>\n","protected":false},"excerpt":{"rendered":"Porte-parole des Ecologistes : Eric Piolle toujours contest\u00e9, un second tour pour le maire de Grenoble &#8211; DR&hellip;\n","protected":false},"author":2,"featured_media":41049,"comment_status":"","ping_status":"","sticky":false,"template":"","format":"standard","meta":{"footnotes":""},"categories":[9566],"tags":[1111,11,7733,8279,2430,7736,650,7734,2889,2263,1777,674,1011,27,2731,8280,6417,1114,108,4662,12,3725,1825,25,7737],"class_list":{"0":"post-41048","1":"post","2":"type-post","3":"status-publish","4":"format-standard","5":"has-post-thumbnail","7":"category-grenoble","8":"tag-actu","9":"tag-actualites","10":"tag-alpes","11":"tag-alpes1","12":"tag-auvergne-rhone-alpes","13":"tag-cds","14":"tag-cinema","15":"tag-ecoute","16":"tag-emission","17":"tag-equipe","18":"tag-eu","19":"tag-europe","20":"tag-fr","21":"tag-france","22":"tag-grenoble","23":"tag-haute","24":"tag-information","25":"tag-infos","26":"tag-isere","27":"tag-journal","28":"tag-news","29":"tag-podcast","30":"tag-radio","31":"tag-republique-francaise","32":"tag-winamp"},"share_on_mastodon":{"url":"https:\/\/pubeurope.com\/@fr\/114375029301871848","error":""},"_links":{"self":[{"href":"https:\/\/www.europesays.com\/fr\/wp-json\/wp\/v2\/posts\/41048","targetHints":{"allow":["GET"]}}],"collection":[{"href":"https:\/\/www.europesays.com\/fr\/wp-json\/wp\/v2\/posts"}],"about":[{"href":"https:\/\/www.europesays.com\/fr\/wp-json\/wp\/v2\/types\/post"}],"author":[{"embeddable":true,"href":"https:\/\/www.europesays.com\/fr\/wp-json\/wp\/v2\/users\/2"}],"replies":[{"embeddable":true,"href":"https:\/\/www.europesays.com\/fr\/wp-json\/wp\/v2\/comments?post=41048"}],"version-history":[{"count":0,"href":"https:\/\/www.europesays.com\/fr\/wp-json\/wp\/v2\/posts\/41048\/revisions"}],"wp:featuredmedia":[{"embeddable":true,"href":"https:\/\/www.europesays.com\/fr\/wp-json\/wp\/v2\/media\/41049"}],"wp:attachment":[{"href":"https:\/\/www.europesays.com\/fr\/wp-json\/wp\/v2\/media?parent=41048"}],"wp:term":[{"taxonomy":"category","embeddable":true,"href":"https:\/\/www.europesays.com\/fr\/wp-json\/wp\/v2\/categories?post=41048"},{"taxonomy":"post_tag","embeddable":true,"href":"https:\/\/www.europesays.com\/fr\/wp-json\/wp\/v2\/tags?post=41048"}],"curies":[{"name":"wp","href":"https:\/\/api.w.org\/{rel}","templated":true}]}}