{"id":410480,"date":"2025-09-22T22:27:14","date_gmt":"2025-09-22T22:27:14","guid":{"rendered":"https:\/\/www.europesays.com\/fr\/410480\/"},"modified":"2025-09-22T22:27:14","modified_gmt":"2025-09-22T22:27:14","slug":"retour-dans-le-rouge-pour-les-voitures-doccasion-en-allemagne","status":"publish","type":"post","link":"https:\/\/www.europesays.com\/fr\/410480\/","title":{"rendered":"Retour dans le rouge pour les voitures d&rsquo;occasion en Allemagne"},"content":{"rendered":"<p>Le rythme des transactions de voitures d&rsquo;occasion en Allemagne a subi un ralentissement de 4,4 % en ao\u00fbt 2025, selon les donn\u00e9es des autorit\u00e9s comp\u00e9tentes, \u00e0 quelque 514 100 unit\u00e9s. Une contre-performance qui fait basculer le march\u00e9 dans le n\u00e9gatif \u00e0 l&rsquo;entame du dernier quadrimestre.<\/p>\n<p>En Allemagne, les grandes marques domestiques ont toutes perdu du volume sur le march\u00e9 des occasions en ao\u00fbt 2025. \u00a9BMW Group<\/p>\n<p>Le mois d&rsquo;ao\u00fbt 2025 va laisser des traces sur le <a href=\"https:\/\/journalauto.com\/tag\/marche\/\" target=\"_blank\" rel=\"noopener\">march\u00e9<\/a> des <a href=\"https:\/\/journalauto.com\/tag\/voiture-doccasion\/\" target=\"_blank\" rel=\"noopener\">voitures d&rsquo;occasion<\/a> en <a href=\"https:\/\/journalauto.com\/tag\/allemagne\/\" target=\"_blank\" rel=\"noopener\">Allemagne<\/a>. Selon les autorit\u00e9s f\u00e9d\u00e9rales, le nombre de reventes a faibli de 4,4 % par rapport \u00e0 l&rsquo;ann\u00e9e derni\u00e8re pour terminer la p\u00e9riode avec 514 122 unit\u00e9s au compteur.<\/p>\n<p>\u00a0<\/p>\n<p>\u00c0 force d&rsquo;encha\u00eener les d\u00e9convenues, le pays a fini par revenir dans le rouge. En effet, au terme des huit premiers mois, l&rsquo;Allemagne pointe \u00e0 4 391 639, soit 0,1 % de moins que le score enregistr\u00e9 \u00e0 la m\u00eame p\u00e9riode l&rsquo;an pass\u00e9.<\/p>\n<p>\u00a0<\/p>\n<p>Des leaders dans le dur<\/p>\n<p>\u00a0<\/p>\n<p>En ao\u00fbt, les dix principales marques du march\u00e9 ont \u00e9t\u00e9 boud\u00e9es par les consommateurs. Des gammes comme celles d&rsquo;Opel et de BMW ont accus\u00e9 respectivement -6,6 % (\u00e0 46 200 unit\u00e9s) et -5,7 % (\u00e0 40 500 unit\u00e9s). Chez les import\u00e9es, Skoda (-5,8 %, sous la barre des 22 600 unit\u00e9s), Renault (-8,8 %, \u00e0 16 000 unit\u00e9s) et Hyundai (-13,6 %, \u00e0 14 300 unit\u00e9s) ont \u00e9t\u00e9 particuli\u00e8rement impact\u00e9es.<\/p>\n<p>\u00a0<\/p>\n<p>Il faut \u00e9largir au top 20 pour trouver de tr\u00e8s rares progressions. Alors, la belle surprise vient de Peugeot. Au cours du dernier mois \u00e9coul\u00e9, la marque au lion a fr\u00f4l\u00e9 les 12 900 unit\u00e9s, soit 2,8 % de remises en circulation suppl\u00e9mentaires par rapport \u00e0 2024. De mani\u00e8re plus anecdotique, Citro\u00ebn (+0,2 %, \u00e0 8 200 unit\u00e9s) et Dacia (+0,5 %, \u00e0 6 130 unit\u00e9s) ont elles aussi am\u00e9lior\u00e9 leur performance.<\/p>\n<p>\u00a0<\/p>\n<p><img loading=\"lazy\" decoding=\"async\" class=\"alignnone wp-image-219213\" src=\"data:image\/svg+xml,%3Csvg%20xmlns=\" http:=\"\" alt=\"\" width=\"500\" height=\"758\" data-lazy- data-lazy- data-lazy-src=\"https:\/\/www.europesays.com\/fr\/wp-content\/uploads\/2025\/09\/okkmq-top-20-volume-vo-par-marque-.png\" data-mwl-img-id=\"219213\"\/><\/p>\n<p>\u00a0<\/p>\n<p><img loading=\"lazy\" decoding=\"async\" class=\"alignnone wp-image-219212\" src=\"data:image\/svg+xml,%3Csvg%20xmlns=\" http:=\"\" alt=\"\" width=\"500\" height=\"757\" data-lazy- data-lazy- data-lazy-src=\"https:\/\/www.europesays.com\/fr\/wp-content\/uploads\/2025\/09\/BsSHz-top-20-volume-vo-par-marque.png\" data-mwl-img-id=\"219212\"\/><\/p>\n<p>\u00a0<\/p>\n<p>L&rsquo;essence prend l&rsquo;eau<\/p>\n<p>\u00a0<\/p>\n<p>Ce d\u00e9ficit du march\u00e9 des voitures d&rsquo;occasion s&rsquo;explique par ailleurs par une d\u00e9faillance des moteurs thermiques. En ao\u00fbt 2025, \u00e0 peine plus de 296 000 voitures \u00e0 moteur essence ont \u00e9t\u00e9 acquises, soit un retrait de 7 % sur un an. Depuis le d\u00e9but de l&rsquo;ann\u00e9e, le total est donn\u00e9 \u00e0 2,516 millions d&rsquo;unit\u00e9s, en recul de 2,7 %.<\/p>\n<p>\u00a0<\/p>\n<p>La tendance est sensiblement la m\u00eame pour les moteurs diesel. Avec 134 836 voitures d&rsquo;occasion acquises le mois dernier, la cadence a chut\u00e9 de 8,8 %. Cela ram\u00e8ne le segment \u00e0 1,215 million de transactions, soit une perte nette de 5,2 %. Pourtant, de l&rsquo;autre c\u00f4t\u00e9 du Rhin, seules les voitures \u00e2g\u00e9es de 65 \u00e0 79 mois ont connu une dynamique favorable (+2,7 %), ce qui aurait d\u00fb avantager les \u00ab\u00a0anciennes\u00a0\u00bb motorisations.<\/p>\n<p>\u00a0<\/p>\n<p>\u00a0<\/p>\n<p>\u00c0\u00a0vrai dire, <a href=\"https:\/\/journalauto.com\/data-center\/le-marche-allemand-entretient-sa-dynamique-electrique\/\" target=\"_blank\" rel=\"noopener\">comme en concession pour les voitures neuves<\/a>, les consommateurs allemands se tournent vers des alternatives \u00e9lectriques en tous genres. D&rsquo;une ann\u00e9e \u00e0 l&rsquo;autre, ce sont 10 000 hybrides d&rsquo;occasion de plus qui ont \u00e9t\u00e9 \u00e9coul\u00e9es en ao\u00fbt pour faire monter la barre \u00e0 59 000 unit\u00e9s (+19,1 %). Ce qui s&rsquo;av\u00e8re un peu en de\u00e7\u00e0 de la tendance 2025 qui veut que le segment progresse de 25,3 %, \u00e0 plus de 482 100 transactions cumul\u00e9es.<\/p>\n<p>\u00a0<\/p>\n<p>Pour ce qui concerne les voitures \u00e9lectriques d&rsquo;occasion, elles ont s\u00e9duit pratiquement 20 000 acheteurs le mois dernier. Elles ont ainsi gagn\u00e9 12,2 %. Les compteurs indiquent une performance bien plus impressionnante \u00e0 l&rsquo;\u00e9chelle des huit premiers mois. En cumulant d\u00e9j\u00e0 144 400 transactions, elles bondissent de 36,2 % sur un an.<\/p>\n<p>Vous devez activer le javacript et la gestion des cookies pour b\u00e9n\u00e9ficier de toutes les fonctionnalit\u00e9s.<\/p>\n","protected":false},"excerpt":{"rendered":"Le rythme des transactions de voitures d&rsquo;occasion en Allemagne a subi un ralentissement de 4,4 % en ao\u00fbt&hellip;\n","protected":false},"author":2,"featured_media":410481,"comment_status":"","ping_status":"","sticky":false,"template":"","format":"standard","meta":{"footnotes":""},"categories":[1587],"tags":[11,672,1804,1805,1803,1777,674,1801,2089,12,1802,11918],"class_list":{"0":"post-410480","1":"post","2":"type-post","3":"status-publish","4":"format-standard","5":"has-post-thumbnail","7":"category-allemagne","8":"tag-actualites","9":"tag-allemagne","10":"tag-bundesrepublik-deutschland","11":"tag-de","12":"tag-deutschland","13":"tag-eu","14":"tag-europe","15":"tag-germany","16":"tag-marche","17":"tag-news","18":"tag-republique-federale-dallemagne","19":"tag-voiture-doccasion"},"share_on_mastodon":{"url":"https:\/\/pubeurope.com\/@fr\/115250308348364425","error":""},"_links":{"self":[{"href":"https:\/\/www.europesays.com\/fr\/wp-json\/wp\/v2\/posts\/410480","targetHints":{"allow":["GET"]}}],"collection":[{"href":"https:\/\/www.europesays.com\/fr\/wp-json\/wp\/v2\/posts"}],"about":[{"href":"https:\/\/www.europesays.com\/fr\/wp-json\/wp\/v2\/types\/post"}],"author":[{"embeddable":true,"href":"https:\/\/www.europesays.com\/fr\/wp-json\/wp\/v2\/users\/2"}],"replies":[{"embeddable":true,"href":"https:\/\/www.europesays.com\/fr\/wp-json\/wp\/v2\/comments?post=410480"}],"version-history":[{"count":0,"href":"https:\/\/www.europesays.com\/fr\/wp-json\/wp\/v2\/posts\/410480\/revisions"}],"wp:featuredmedia":[{"embeddable":true,"href":"https:\/\/www.europesays.com\/fr\/wp-json\/wp\/v2\/media\/410481"}],"wp:attachment":[{"href":"https:\/\/www.europesays.com\/fr\/wp-json\/wp\/v2\/media?parent=410480"}],"wp:term":[{"taxonomy":"category","embeddable":true,"href":"https:\/\/www.europesays.com\/fr\/wp-json\/wp\/v2\/categories?post=410480"},{"taxonomy":"post_tag","embeddable":true,"href":"https:\/\/www.europesays.com\/fr\/wp-json\/wp\/v2\/tags?post=410480"}],"curies":[{"name":"wp","href":"https:\/\/api.w.org\/{rel}","templated":true}]}}