{"id":410490,"date":"2025-09-22T22:32:15","date_gmt":"2025-09-22T22:32:15","guid":{"rendered":"https:\/\/www.europesays.com\/fr\/410490\/"},"modified":"2025-09-22T22:32:15","modified_gmt":"2025-09-22T22:32:15","slug":"la-france-reconnait-letat-de-palestine-ce-quil-faut-retenir-du-discours-demmanuel-macron-a-lonu","status":"publish","type":"post","link":"https:\/\/www.europesays.com\/fr\/410490\/","title":{"rendered":"\u00ab\u00a0La France reconna\u00eet l&rsquo;\u00c9tat de Palestine\u00a0\u00bb : ce qu&rsquo;il faut retenir du discours d&rsquo;Emmanuel Macron \u00e0 l&rsquo;ONU"},"content":{"rendered":"<ul class=\"jsx-862013697 ArticleChapo__List\">\n<li class=\"jsx-862013697 ArticleChapo__List_Item flex\">Emmanuel Macron a reconnu lundi l&rsquo;\u00c9tat de Palestine \u00e0 la tribune de l&rsquo;ONU.<\/li>\n<li class=\"jsx-862013697 ArticleChapo__List_Item flex\">\u00ab\u00a0Le temps de la paix est venu\u00a0\u00bb, a annonc\u00e9 le pr\u00e9sident fran\u00e7ais, tout en d\u00e9taillant les \u00e9tapes futures.<\/li>\n<\/ul>\n<p><a href=\"https:\/\/www.tf1info.fr\/actualite\/la-france-va-reconnaitre-l-etat-de-palestine-14321\/\" rel=\"noopener\" class=\"jsx-484472199 Link jsx-1428418400 jsx-554215408\" target=\"_blank\"><\/p>\n<p style=\"font-weight:400\" class=\"jsx-1837267516\">Suivez la couverture compl\u00e8te<\/p>\n<p style=\"font-weight:800\" class=\"jsx-1837267516\">La France reconna\u00eet l&rsquo;\u00c9tat de Palestine<\/p>\n<p><\/a><\/p>\n<p data-module=\"article-paragraph\" class=\"jsx-3046738180 Paragraph Paragraph__End\">\u00ab\u00a0La France reconna\u00eet aujourd&rsquo;hui l&rsquo;\u00c9tat de Palestine\u00a0\u00bb. Une phrase et un symbole fort pour l&rsquo;Hexagone alors qu&rsquo;Emmanuel Macron a officialis\u00e9 la position de Paris sur cette question, lundi 22 septembre, \u00e0 la tribune de l&rsquo;ONU. Pendant pr\u00e8s de 30 minutes, le pr\u00e9sident fran\u00e7ais s&rsquo;est exprim\u00e9 sur le conflit isra\u00e9lo-palestinien et la solution \u00e0 deux \u00c9tats d\u00e9fendue par une grande partie de la communaut\u00e9 internationale. Voici ce qu&rsquo;il faut retenir.<\/p>\n<p data-module=\"article-paragraph\" class=\"jsx-3046738180 Paragraph Paragraph__End\">D\u00e8s les premi\u00e8res secondes de son intervention, le chef de l&rsquo;\u00c9tat a choisi les mots de l&rsquo;urgence pour qualifier la situation au Proche-Orient. \u00ab\u00a0Le temps est venu de lib\u00e9rer les otages. Le temps est venu d&rsquo;arr\u00eater la guerre. Le temps de la paix est venu \u00ab\u00a0, a-t-il de nombreuses fois martel\u00e9. Une paix pour laquelle \u00ab\u00a0nous sommes \u00e0 quelques instants de ne plus pouvoir la saisir\u00a0\u00bb, a-t-il averti. D&rsquo;autant que pour le locataire de l&rsquo;\u00c9lys\u00e9e, plus rien \u00ab\u00a0n&rsquo;impose la guerre \u00e0 Gaza\u00a0\u00bb, alors que l&rsquo;enclave palestinienne est soumise \u00e0 d&rsquo;intenses <a href=\"https:\/\/www.tf1info.fr\/international\/guerre-israel-hamas-qu-est-ce-que-l-urbicide-cette-notion-utilisee-pour-designer-la-situation-a-gaza-2395416.html\" target=\"_blank\" rel=\"noopener\">bombardements de l&rsquo;arm\u00e9e isra\u00e9lienne<\/a> depuis deux ans et les attaques terroristes du Hamas le 7 octobre 2023. Une situation qui exige de ne \u00ab\u00a0plus attendre\u00a0\u00bb, a-t-il par ailleurs d\u00e9clar\u00e9.<\/p>\n<blockquote class=\"jsx-2786790838 Quote__Text\"><p>Nous avons failli \u00e0 b\u00e2tir une paix juste et durable<\/p><\/blockquote>\n<p>Emmanuel Macron<\/p>\n<p data-module=\"article-paragraph\" class=\"jsx-3046738180 Paragraph Paragraph__End\">Apr\u00e8s les constats, le chef de l&rsquo;\u00c9tat n&rsquo;a pas h\u00e9sit\u00e9 \u00e0 pointer <a href=\"https:\/\/www.tf1info.fr\/international\/proche-orient-l-assemblee-generale-de-l-onu-nations-unies-soutient-un-futur-etat-palestinien-israel-gaza-2394294.html\" target=\"_blank\" rel=\"noopener\">l&rsquo;\u00e9chec de la communaut\u00e9 internationale<\/a> dans la r\u00e9solution du conflit. \u00ab\u00a0La promesse d&rsquo;un \u00c9tat arabe reste inachev\u00e9e. Nous avons failli \u00e0 b\u00e2tir une paix juste et durable au Proche-Orient\u00a0\u00bb, a-t-il regrett\u00e9.<\/p>\n<p>Le \u00ab\u00a0deuxi\u00e8me temps\u00a0\u00bb<\/p>\n<p data-module=\"article-paragraph\" class=\"jsx-3046738180 Paragraph Paragraph__End\">Emmanuel Macron a longuement esquiss\u00e9 lors de son discours les grandes lignes de ce qu&rsquo;il consid\u00e8re comme \u00e9tant le deuxi\u00e8me temps de la reconnaissance, \u00ab\u00a0celui de la stabilisation et de la reconstruction de Gaza\u00a0\u00bb.\u00a0L&rsquo;occasion de rappeler les engagements pris par l&rsquo;Autorit\u00e9 palestinienne (AP), dirig\u00e9e par Mahmoud Abbas, mais d\u00e9savou\u00e9e dans les urnes \u00e0 Gaza, o\u00f9 elle n&rsquo;a plus aucun pouvoir. \u00a0<\/p>\n<p><a href=\"https:\/\/www.tf1info.fr\/international\/demilitarisation-du-hamas-election-sous-supervision-internationale-les-solutions-esquissees-par-mahmoud-abbas-2376087.html\" rel=\"noopener\" class=\"jsx-3308031228 Link flex\" target=\"_blank\"><img decoding=\"async\" src=\"https:\/\/www.europesays.com\/fr\/wp-content\/uploads\/2025\/09\/mahmoud-abbas-palestine-aout-2023-b50fbb-0@1x.jpeg\" alt=\"Mahmoud Abbas, pr\u00e9sident de l'Autorit\u00e9 palestinienne.\" loading=\"lazy\" importance=\"low\" fetchpriority=\"low\" class=\"\" aria-hidden=\"true\"\/><\/p>\n<p class=\"jsx-3657663356 ReadMoreArticle__Title\">Lire aussi<\/p>\n<p class=\"jsx-3657663356\">D\u00e9militarisation du Hamas, \u00e9lection sous supervision internationale\u2026 les solutions esquiss\u00e9es par Mahmoud Abbas<\/p>\n<p><\/a><\/p>\n<p data-module=\"article-paragraph\" class=\"jsx-3046738180 Paragraph Paragraph__End\">Selon le pr\u00e9sident fran\u00e7ais, chef de l&rsquo;AP a \u00ab\u00a0condamn\u00e9 les attaques terroristes du 7 octobre et pris l&rsquo;engagement d&rsquo;exclure le Hamas de la gouvernance future\u00a0\u00bb de la Palestine. D&rsquo;autant que le locataire de l&rsquo;\u00c9lys\u00e9e l&rsquo;a rappel\u00e9 : la solution r\u00e9side dans un \u00c9tat palestinien \u00ab\u00a0souverain et d\u00e9militaris\u00e9, reconnaissant Isra\u00ebl et reconnu par Isra\u00ebl\u00a0\u00bb.\u00a0La France est pr\u00eate \u00ab\u00a0\u00e0 contribuer \u00e0 une mission de s\u00e9curit\u00e9\u00a0\u00bb pour accompagner ce processus, a-t-il assur\u00e9.<\/p>\n<blockquote class=\"jsx-2786790838 Quote__Text\"><p>Je pourrais d\u00e9cider d&rsquo;\u00e9tablir une ambassade en Palestine<\/p><\/blockquote>\n<p>Emmanuel Macron<\/p>\n<p data-module=\"article-paragraph\" class=\"jsx-3046738180 Paragraph Paragraph__End\">Quid enfin de l&rsquo;ouverture d&rsquo;une ambassade de France en Palestine ? Pour l&rsquo;instant, le chef de l&rsquo;\u00c9tat temporise et <a href=\"https:\/\/www.tf1info.fr\/international\/video-reconnaitre-l-etat-palestinien-qu-est-ce-que-ca-change-2395882.html\" target=\"_blank\" rel=\"noopener\">fixe ses conditions<\/a> : \u00ab\u00a0Je pourrais d\u00e9cider d&rsquo;\u00e9tablir une ambassade aupr\u00e8s de l&rsquo;\u00c9tat de Palestine d\u00e8s lors que tous les otages d\u00e9tenus \u00e0 Gaza auront \u00e9t\u00e9 lib\u00e9r\u00e9s et qu&rsquo;un cessez-le-feu aura \u00e9t\u00e9 \u00e9tabli\u00a0\u00bb.<\/p>\n<p data-module=\"article-paragraph\" class=\"jsx-3046738180 Paragraph Paragraph__End\">Juste apr\u00e8s sa prise de parole, l&rsquo;Autorit\u00e9 palestinienne a qualifi\u00e9 la d\u00e9cision de la France \u00ab\u00a0d&rsquo;historique et courageuse\u00a0\u00bb. M\u00eame r\u00e9action \u00a0du c\u00f4t\u00e9 de l&rsquo;Arabie saoudite, qui co-organise la conf\u00e9rence de l&rsquo;ONU aux c\u00f4t\u00e9s de la France. La puissance arabe dirig\u00e9e par Mohamed ben Salmane a appel\u00e9 tous les pays \u00e0 prendre \u00ab\u00a0une mesure historique et similaire (&#8230;) pour arriver \u00e0 une paix totale au Moyen-Orient\u00a0\u00bb.<\/p>\n<p>A.A.<\/p>\n","protected":false},"excerpt":{"rendered":"Emmanuel Macron a reconnu lundi l&rsquo;\u00c9tat de Palestine \u00e0 la tribune de l&rsquo;ONU. \u00ab\u00a0Le temps de la paix&hellip;\n","protected":false},"author":2,"featured_media":410236,"comment_status":"","ping_status":"","sticky":false,"template":"","format":"standard","meta":{"footnotes":""},"categories":[4],"tags":[1111,11,4947,1921,4628,1073,1011,27,3519,1922,664,12736,24211,54177,10059,12,25,133,1920],"class_list":{"0":"post-410490","1":"post","2":"type-post","3":"status-publish","4":"format-standard","5":"has-post-thumbnail","7":"category-france","8":"tag-actu","9":"tag-actualites","10":"tag-arabie-saoudite","11":"tag-article-video","12":"tag-bande-de-gaza","13":"tag-emmanuel-macron","14":"tag-fr","15":"tag-france","16":"tag-hamas","17":"tag-info","18":"tag-israel","19":"tag-israel-palestine","20":"tag-israel-veut-prendre-le-controle-de-gaza","21":"tag-la-france-reconnait-letat-de-palestine","22":"tag-mahmoud-abbas","23":"tag-news","24":"tag-republique-francaise","25":"tag-video","26":"tag-video-international"},"share_on_mastodon":{"url":"https:\/\/pubeurope.com\/@fr\/115250328428959774","error":""},"_links":{"self":[{"href":"https:\/\/www.europesays.com\/fr\/wp-json\/wp\/v2\/posts\/410490","targetHints":{"allow":["GET"]}}],"collection":[{"href":"https:\/\/www.europesays.com\/fr\/wp-json\/wp\/v2\/posts"}],"about":[{"href":"https:\/\/www.europesays.com\/fr\/wp-json\/wp\/v2\/types\/post"}],"author":[{"embeddable":true,"href":"https:\/\/www.europesays.com\/fr\/wp-json\/wp\/v2\/users\/2"}],"replies":[{"embeddable":true,"href":"https:\/\/www.europesays.com\/fr\/wp-json\/wp\/v2\/comments?post=410490"}],"version-history":[{"count":0,"href":"https:\/\/www.europesays.com\/fr\/wp-json\/wp\/v2\/posts\/410490\/revisions"}],"wp:featuredmedia":[{"embeddable":true,"href":"https:\/\/www.europesays.com\/fr\/wp-json\/wp\/v2\/media\/410236"}],"wp:attachment":[{"href":"https:\/\/www.europesays.com\/fr\/wp-json\/wp\/v2\/media?parent=410490"}],"wp:term":[{"taxonomy":"category","embeddable":true,"href":"https:\/\/www.europesays.com\/fr\/wp-json\/wp\/v2\/categories?post=410490"},{"taxonomy":"post_tag","embeddable":true,"href":"https:\/\/www.europesays.com\/fr\/wp-json\/wp\/v2\/tags?post=410490"}],"curies":[{"name":"wp","href":"https:\/\/api.w.org\/{rel}","templated":true}]}}