{"id":410498,"date":"2025-09-22T22:40:10","date_gmt":"2025-09-22T22:40:10","guid":{"rendered":"https:\/\/www.europesays.com\/fr\/410498\/"},"modified":"2025-09-22T22:40:10","modified_gmt":"2025-09-22T22:40:10","slug":"une-competition-a-velo-en-famille-dans-le-cotentin-les-inscriptions-sont-ouvertes","status":"publish","type":"post","link":"https:\/\/www.europesays.com\/fr\/410498\/","title":{"rendered":"Une comp\u00e9tition \u00e0 v\u00e9lo en famille dans le Cotentin : les inscriptions sont ouvertes\u00a0!"},"content":{"rendered":"<p>            Par<br \/>\n        <strong><br \/>\n            <a href=\"https:\/\/actu.fr\/auteur\/redaction-pressemanche\" title=\"Consulter tous les articles de R\u00e9daction La Presse de la Manche\" rel=\"nofollow noopener\" target=\"_blank\">R\u00e9daction La Presse de la Manche<\/a><br \/>\n        <\/strong><\/p>\n<p>        Publi\u00e9 le<\/p>\n<p>            22 sept. 2025 \u00e0 20h40        <\/p>\n<p>L\u2019amicale cycliste KMO organise sa <b>traditionnelle comp\u00e9tition<\/b> \u00ab\u2009Gentleman des familles\u2009\u00bb le <b>dimanche 5\u00a0octobre 2025<\/b> \u00e0 <b>Chef-du-Pont<\/b> (commune d\u00e9l\u00e9gu\u00e9e de <a href=\"https:\/\/actu.fr\/normandie\/sainte-mere-eglise_50523\" rel=\"nofollow noopener\" target=\"_blank\">Sainte-M\u00e8re-\u00c9glise<\/a>, Manche).<\/p>\n<p>Une ambiance conviviale<\/p>\n<p class=\" wall-content\">Comme tous les ans, toutes les combinaisons sont possibles\u2009: m\u00e8re-fille, p\u00e8re-fils, grand-p\u00e8re et petite-fille, fr\u00e8res, cousins, amis et autres pour effectuer les <b>18\u00a0km<\/b> dans une <b>ambiance <\/b>toujours <b>conviviale et familiale<\/b>.<\/p>\n<p class=\" wall-content\">L\u2019an dernier, cette course r\u00e9unissait <b>150\u00a0\u00e9quipes<\/b>, c\u2019est dire combien <b>le succ\u00e8s<\/b> est toujours <b>au rendez-vous<\/b>. Sur place, vous trouverez un service de <b>restauration <\/b>et une <b>buvette<\/b>.<\/p>\n<p class=\" wall-content\"><b>De notre correspondant Michel BLOT<\/b><\/p>\n<p>Les inscriptions se font d\u00e8s \u00e0 pr\u00e9sent aupr\u00e8s de la pr\u00e9sidente, Christine Dugouchet, au 06\u200963\u200920\u200961\u200912.<\/p>\n<p class=\" wall-content\">Personnalisez votre actualit\u00e9 en ajoutant vos villes et m\u00e9dias en favori avec <a href=\"https:\/\/moncompte.actu.fr\" title=\"D\u00e9couvez Mon Actu\" rel=\"nofollow noopener\" data-trk=\"{&quot;cta&quot;:{&quot;action&quot;:&quot;https:\\\/\\\/moncompte.actu.fr&quot;,&quot;category&quot;:&quot;mon compte&quot;,&quot;from&quot;:&quot;article footer&quot;,&quot;name&quot;:&quot;Mon actu&quot;,&quot;type&quot;:&quot;cta&quot;}}\" target=\"_blank\">Mon Actu<\/a>.<\/p>\n","protected":false},"excerpt":{"rendered":"Par R\u00e9daction La Presse de la Manche Publi\u00e9 le 22 sept. 2025 \u00e0 20h40 L\u2019amicale cycliste KMO organise&hellip;\n","protected":false},"author":2,"featured_media":410499,"comment_status":"","ping_status":"","sticky":false,"template":"","format":"standard","meta":{"footnotes":""},"categories":[1411],"tags":[3168,1154,207,652,1011,27,60,208],"class_list":{"0":"post-410498","1":"post","2":"type-post","3":"status-publish","4":"format-standard","5":"has-post-thumbnail","7":"category-cyclisme","8":"tag-cotentin","9":"tag-cycling","10":"tag-cyclisme","11":"tag-famille","12":"tag-fr","13":"tag-france","14":"tag-sports","15":"tag-velo"},"share_on_mastodon":{"url":"https:\/\/pubeurope.com\/@fr\/115250359400717152","error":""},"_links":{"self":[{"href":"https:\/\/www.europesays.com\/fr\/wp-json\/wp\/v2\/posts\/410498","targetHints":{"allow":["GET"]}}],"collection":[{"href":"https:\/\/www.europesays.com\/fr\/wp-json\/wp\/v2\/posts"}],"about":[{"href":"https:\/\/www.europesays.com\/fr\/wp-json\/wp\/v2\/types\/post"}],"author":[{"embeddable":true,"href":"https:\/\/www.europesays.com\/fr\/wp-json\/wp\/v2\/users\/2"}],"replies":[{"embeddable":true,"href":"https:\/\/www.europesays.com\/fr\/wp-json\/wp\/v2\/comments?post=410498"}],"version-history":[{"count":0,"href":"https:\/\/www.europesays.com\/fr\/wp-json\/wp\/v2\/posts\/410498\/revisions"}],"wp:featuredmedia":[{"embeddable":true,"href":"https:\/\/www.europesays.com\/fr\/wp-json\/wp\/v2\/media\/410499"}],"wp:attachment":[{"href":"https:\/\/www.europesays.com\/fr\/wp-json\/wp\/v2\/media?parent=410498"}],"wp:term":[{"taxonomy":"category","embeddable":true,"href":"https:\/\/www.europesays.com\/fr\/wp-json\/wp\/v2\/categories?post=410498"},{"taxonomy":"post_tag","embeddable":true,"href":"https:\/\/www.europesays.com\/fr\/wp-json\/wp\/v2\/tags?post=410498"}],"curies":[{"name":"wp","href":"https:\/\/api.w.org\/{rel}","templated":true}]}}