{"id":410501,"date":"2025-09-22T22:42:13","date_gmt":"2025-09-22T22:42:13","guid":{"rendered":"https:\/\/www.europesays.com\/fr\/410501\/"},"modified":"2025-09-22T22:42:13","modified_gmt":"2025-09-22T22:42:13","slug":"velars-sur-ouche-dex-candidats-demissions-tele-a-laffiche-dun-concert-caritatif","status":"publish","type":"post","link":"https:\/\/www.europesays.com\/fr\/410501\/","title":{"rendered":"Velars-sur-Ouche. D\u2019ex-candidats d\u2019\u00e9missions t\u00e9l\u00e9 \u00e0 l\u2019affiche d\u2019un concert caritatif"},"content":{"rendered":"<p>Ils se sont fait conna\u00eetre \u00e0 la t\u00e9l\u00e9 dans N\u2019oubliez pas les paroles, The\u00a0Voice Kids, Eurovision, Star Academy\u00a0ou encore La France a un Incroyable Talent \u2026 Dimanche 28\u00a0septembre \u00e0 17 heures, une douzaine d\u2019artistes issus de c\u00e9l\u00e8bres \u00e9missions musicales monteront sur sc\u00e8ne \u00e0 la salle des Trois Ponts \u00e0 Velars-sur-Ouche, pour un concert caritatif de deux heures.<\/p>\n<p>Depuis trois ans, une cinquantaine de chanteurs se relaient pour parcourir la France enti\u00e8re avec <a href=\"https:\/\/www.facebook.com\/des.chansons.plein.la.tete\/?locale=fr_FR\" target=\"_blank\" rel=\"noopener\">leur tourn\u00e9e Des chansons plein la t\u00eate<\/a> , pour honorer la vari\u00e9t\u00e9 fran\u00e7aise, et pour la bonne cause. \u00ab\u00a0Depuis trois ans, il y a d\u00e9j\u00e0 eu plus de 150 concerts, et gr\u00e2ce aux b\u00e9n\u00e9fices r\u00e9alis\u00e9s, plus de 30\u00a0000\u00a0\u20ac ont d\u00e9j\u00e0 \u00e9t\u00e9 revers\u00e9s \u00e0 l\u2019Association pour la recherche sur les tumeurs c\u00e9r\u00e9brales (ARTC)\u00a0\u00bb, souligne Dorian Bedel, directeur artistique du projet, et ancien champion de N\u2019oubliez pas les paroles\u00a0sur France 2.<\/p>\n<p>L\u2019objectif de cette tourn\u00e9e est aussi de cibler en priorit\u00e9 des petites villes. \u00ab\u00a0On a vu, via  nos r\u00e9seaux sociaux, qu\u2019il y avait une demande du public pour que l\u2019on vienne en C\u00f4te-d\u2019Or ( <a href=\"https:\/\/www.bienpublic.com\/culture-loisirs\/2025\/04\/18\/pour-d-anciens-candidats-d-emissions-de-television-la-capitale-de-la-cote-d-or-c-est-bien-saulieu\" target=\"_blank\" rel=\"noopener\">la tourn\u00e9e \u00e9tait d\u00e9j\u00e0 pass\u00e9e par Saulieu au mois d\u2019avril, NDLR<\/a> ), raconte Dorian Bedel. On essaye de venir dans des communes de moins de 10\u00a0000 habitants, qui n\u2019ont pas toujours ce genre de spectacles \u00e0 port\u00e9e de main.\u00a0\u00bb<\/p>\n<p>\u00ab\u00a0Quand on a \u00e9t\u00e9 contact\u00e9s, on a rapidement dit oui, c\u2019est exceptionnel que l\u2019on soit sollicit\u00e9s pour une telle manifestation. C\u2019est une bonne id\u00e9e pour proposer une animation \u00e0 notre population\u00a0\u00bb, reconna\u00eet V\u00e9ronique Grasser, adjointe au maire de Velars-sur-Ouche, en charge des festivit\u00e9s.<\/p>\n<p>  L\u2019entr\u00e9e sera gratuite<\/p>\n<p>La mairie prenant en charge les frais d\u2019organisation du concert, l\u2019entr\u00e9e pour les spectateurs sera gratuite. \u00ab\u00a0Une bo\u00eete \u00e0 don sera disponible, pour soutenir <a href=\"https:\/\/www.bienpublic.com\/societe\/2025\/09\/12\/apres-avoir-gravi-le-mont-blanc-pour-hugo-il-raconte-leur-experience-dans-un-livre\" target=\"_blank\" rel=\"noopener\">l\u2019association L\u2019Aventure exceptionnelle d\u2019Hugo<\/a> (un gar\u00e7on de 5 ans et demi, porteur de handicap, et originaire de Velars-sur-Ouche, NDLR)\u00a0\u00bb, pr\u00e9cise l\u2019adjointe. <\/p>\n<p>Pour ce concert, la salle des Trois Ponts peut accueillir 250 spectateurs. En fin de semaine derni\u00e8re, pr\u00e8s de 80 places restaient disponibles.<\/p>\n<p class=\"note\">Renseignements et r\u00e9servations aupr\u00e8s de la mairie, au 03\u00a080\u00a076\u00a007\u00a020.<\/p>\n","protected":false},"excerpt":{"rendered":"Ils se sont fait conna\u00eetre \u00e0 la t\u00e9l\u00e9 dans N\u2019oubliez pas les paroles, The\u00a0Voice Kids, Eurovision, Star Academy\u00a0ou&hellip;\n","protected":false},"author":2,"featured_media":410502,"comment_status":"","ping_status":"","sticky":false,"template":"","format":"standard","meta":{"footnotes":""},"categories":[1359],"tags":[1687,58,2664,59,107,1011,27,873,51836,973,51835],"class_list":{"0":"post-410501","1":"post","2":"type-post","3":"status-publish","4":"format-standard","5":"has-post-thumbnail","7":"category-people","8":"tag-culture-loisirs","9":"tag-divertissement","10":"tag-edition-region-dijonnaise","11":"tag-entertainment","12":"tag-fil-info","13":"tag-fr","14":"tag-france","15":"tag-musique","16":"tag-ouche-et-montagne","17":"tag-people","18":"tag-velars-sur-ouche"},"share_on_mastodon":{"url":"https:\/\/pubeurope.com\/@fr\/115250367564542921","error":""},"_links":{"self":[{"href":"https:\/\/www.europesays.com\/fr\/wp-json\/wp\/v2\/posts\/410501","targetHints":{"allow":["GET"]}}],"collection":[{"href":"https:\/\/www.europesays.com\/fr\/wp-json\/wp\/v2\/posts"}],"about":[{"href":"https:\/\/www.europesays.com\/fr\/wp-json\/wp\/v2\/types\/post"}],"author":[{"embeddable":true,"href":"https:\/\/www.europesays.com\/fr\/wp-json\/wp\/v2\/users\/2"}],"replies":[{"embeddable":true,"href":"https:\/\/www.europesays.com\/fr\/wp-json\/wp\/v2\/comments?post=410501"}],"version-history":[{"count":0,"href":"https:\/\/www.europesays.com\/fr\/wp-json\/wp\/v2\/posts\/410501\/revisions"}],"wp:featuredmedia":[{"embeddable":true,"href":"https:\/\/www.europesays.com\/fr\/wp-json\/wp\/v2\/media\/410502"}],"wp:attachment":[{"href":"https:\/\/www.europesays.com\/fr\/wp-json\/wp\/v2\/media?parent=410501"}],"wp:term":[{"taxonomy":"category","embeddable":true,"href":"https:\/\/www.europesays.com\/fr\/wp-json\/wp\/v2\/categories?post=410501"},{"taxonomy":"post_tag","embeddable":true,"href":"https:\/\/www.europesays.com\/fr\/wp-json\/wp\/v2\/tags?post=410501"}],"curies":[{"name":"wp","href":"https:\/\/api.w.org\/{rel}","templated":true}]}}