{"id":410503,"date":"2025-09-22T22:43:12","date_gmt":"2025-09-22T22:43:12","guid":{"rendered":"https:\/\/www.europesays.com\/fr\/410503\/"},"modified":"2025-09-22T22:43:12","modified_gmt":"2025-09-22T22:43:12","slug":"les-nouvelles-couleurs-tendance-et-celles-a-oublier","status":"publish","type":"post","link":"https:\/\/www.europesays.com\/fr\/410503\/","title":{"rendered":"les nouvelles couleurs tendance (et celles \u00e0 oublier)"},"content":{"rendered":"\n<p>En 2025, un mot d\u2019ordre rassemble les diff\u00e9rentes tendances de l\u2019ann\u00e9e\u00a0: la diversit\u00e9. Loin des diktats stricts, les palettes se d\u00e9clinent en <strong>tons \u00e9pic\u00e9s<\/strong>, <strong>nuances naturelles<\/strong> et <strong>teintes feutr\u00e9es<\/strong>, offrant une libert\u00e9 d\u00e9co comme on l\u2019aime. Les int\u00e9rieurs deviennent chaleureux, confortables et surtout personnalis\u00e9s, comme un v\u00e9ritable reflet des go\u00fbts et envies de chacun. Fini une seule et m\u00eame mode, g\u00e9n\u00e9rique et uniforme\u00a0: carte blanche \u00e0 l\u2019expression individuelle. Au mois d\u2019octobre, alors que la nature se pare de ses couleurs automnales, les palettes estivales s\u2019effacent aussi dans les int\u00e9rieurs, pour laisser place aux couleurs phares de cette nouvelle saison.<\/p>\n<p>    Automne 2025 : les couleurs les plus ringardes <\/p>\n<p>Certaines couleurs, autrefois ador\u00e9es, sont aujourd\u2019hui pass\u00e9es du c\u00f4t\u00e9 obscur de la d\u00e9co. <strong>Le <a href=\"https:\/\/www.lejournaldelamaison.fr\/le-journal-de-la-maison\/nouveautes\/tendances\/tendances-deco\/tendance-couleur-peinture-remplacer-bleu-canard-491222.html\" rel=\"nofollow noopener\" target=\"_blank\">bleu canard<\/a><\/strong>, malgr\u00e9 son charme ind\u00e9niable, a \u00e9t\u00e9 <strong>trop vu, mal associ\u00e9<\/strong>, et finit par <strong>lasser<\/strong>. <strong>Le rose poudr\u00e9<\/strong>, surnomm\u00e9 <strong>\u00ab\u00a0millennial pink\u00a0\u00bb<\/strong>, est d\u00e9sormais <strong>moqu\u00e9 par la g\u00e9n\u00e9ration plus jeune<\/strong>, qui le juge compl\u00e8tement has-been sans aucune piti\u00e9. Quant au <strong>rouge laqu\u00e9<\/strong>, il <strong>rappelle les cuisines criardes des ann\u00e9es 2000<\/strong>, et devient aujourd\u2019hui une authentique faute de go\u00fbt.<\/p>\n<p>Et ce n\u2019est pas fini : <strong>le gris<\/strong>, longtemps roi des <a href=\"https:\/\/www.lejournaldelamaison.fr\/le-journal-de-la-maison\/nouveautes\/tendances\/tendances-deco\/design-scandinave-2025-nouvelles-matieres-couleurs-506288.html\" rel=\"nofollow noopener\" target=\"_blank\">int\u00e9rieurs scandinaves<\/a> et minimaliste, est aujourd\u2019hui jug\u00e9 <strong>trop triste<\/strong>, sans aucune \u00e2me ni r\u00e9el int\u00e9r\u00eat d\u00e9coratif, tandis que <strong>le violet<\/strong>, qu\u2019il soit<strong> doux ou vif<\/strong>, <strong>semble d\u00e9j\u00e0 d\u00e9pass\u00e9<\/strong> en cette fin d\u2019ann\u00e9e. M\u00eame le <strong>vert sauge<\/strong>, pourtant ador\u00e9 des d\u00e9corateurs et stylistes, tire sa r\u00e9v\u00e9rence cet automne 2025, maintenant consid\u00e9r\u00e9 comme trop plat et peu expressif.<\/p>\n<p>    Automne 2025 : les couleurs les plus tendance <\/p>\n<p>Cet automne, les <a href=\"https:\/\/www.lejournaldelamaison.fr\/le-journal-de-la-maison\/nouveautes\/tendances\/tendances-deco\/adieu-rouge-marron-orange-cette-nouvelle-teinte-epicee-sera-couleur-phare-automne-vous-devoile-exclu-513753.html\" rel=\"nofollow noopener\" target=\"_blank\">teintes \u00e9pic\u00e9es<\/a> sorties tout droit de votre placard de cuisine sont sur le devant de la sc\u00e8ne. Ainsi, le <strong>curcuma<\/strong> fait une entr\u00e9e remarquable dans les maisons cet automne. Chaud, solaire, il \u00e9voque \u00e0 la fois les <strong>int\u00e9rieurs m\u00e9diterran\u00e9ens<\/strong> et les <strong>feuilles d\u2019octobre<\/strong>. Il se marie tr\u00e8s bien avec des teintes comme <strong>le curry<\/strong> ou le <strong>poivre de Sichuan<\/strong>. Autre star : le <strong>paprika doux<\/strong>. Cette teinte <strong>terreuse<\/strong>, <strong>fum\u00e9e<\/strong>, se pose avec \u00e9l\u00e9gance sur un coussin, un rideau, ou m\u00eame un canap\u00e9, surtout associ\u00e9e \u00e0 du <strong>rotin<\/strong>, de la <strong>laine boucl\u00e9e<\/strong> ou du <strong>gr\u00e8s brut<\/strong>.<\/p>\n<p>En qu\u00eate d\u2019\u00e9l\u00e9gance et de calme ? Le <strong>bleu cr\u00e9pusculaire<\/strong>, \u00e0 mi-chemin entre <strong>bleu nuit et gris encre<\/strong>, est id\u00e9al pour une <strong>entr\u00e9e feutr\u00e9e<\/strong> ou un <strong>mur derri\u00e8re un canap\u00e9 clair<\/strong>. Il transforme un int\u00e9rieur banal en <strong>v\u00e9ritable cocon<\/strong>. Autre chouchou : <strong>C\u0153ur de cachemire<\/strong>, une teinte sign\u00e9e Hypnotik. Entre <strong>lait ti\u00e8de<\/strong> et <strong>vanille poudr\u00e9e<\/strong>, elle <strong>adoucit les espaces<\/strong> sans en faire trop. Parfaite pour un coin lecture, une chambre ou un espace d\u00e9tente. Enfin, impossible de passer \u00e0 c\u00f4t\u00e9 du <a href=\"https:\/\/www.lejournaldelamaison.fr\/le-journal-de-la-maison\/nouveautes\/tendances\/rose-saumon-idees-pour-adopter-cette-couleur-dans-son-interieur-243598.html\" rel=\"nofollow noopener\" target=\"_blank\"><strong>rose saumon<\/strong><\/a>, et notamment de la teinte <strong>Scallop<\/strong> de <strong>Farrow &amp; Ball<\/strong>. Subtile, feutr\u00e9e, elle se situe entre <strong>tons chair<\/strong> et <strong>nuances nacr\u00e9es<\/strong>. Elle s\u2019associe \u00e0 merveille avec des <strong>bois blond miel<\/strong>, du <strong>vieux rose<\/strong>, ou encore du <strong>blanc cass\u00e9<\/strong>.<\/p>\n<blockquote class=\"instagram-media \" style=\"background: #ffffff;border: 0;margin: 1px;width: 100%;padding: 0;max-width: 500px;\" data-instgrm-permalink=\"https:\/\/www.instagram.com\/p\/DN4v2DfCFG6\/\" data-instgrm-version=\"14\"\/><p>    Comment adopter ces palettes chromatiques chez vous <\/p>\n<p>Les <a href=\"https:\/\/www.lejournaldelamaison.fr\/le-journal-de-la-maison\/nouveautes\/tendances\/tendances-deco\/vert-boise-bleu-crepusculaire-curcuma-voici-les-couleurs-tendance-de-lautomne-2025-et-elles-ne-ressemblent-pas-a-ce-que-vous-imaginez-517127.html\" rel=\"nofollow noopener\" target=\"_blank\">couleurs de l\u2019automne 2025<\/a> ont beau \u00eatre sublimes, encore faut-il savoir <strong>comment les int\u00e9grer<\/strong> \u00e0 son int\u00e9rieur. Et bonne nouvelle : <strong>pas besoin de tout repeindre<\/strong>. <strong>Sur les murs<\/strong>, on peut choisir une teinte forte en <strong>pan de mur unique<\/strong>, ou oser la <strong>monochromie ma\u00eetris\u00e9e<\/strong> pour un effet enveloppant. Le <strong>bleu cr\u00e9pusculaire<\/strong> dans une entr\u00e9e ? Canon. <strong>C\u00f4t\u00e9 mobilier<\/strong>, laissez parler vos envies. Un <strong>canap\u00e9 paprika doux<\/strong>, une <strong>chaise vert pistache<\/strong>, ou m\u00eame une <strong>table cherry red<\/strong> deviennent les pi\u00e8ces fortes d\u2019un salon moderne.<\/p>\n<p><strong>Les accessoires d\u00e9co<\/strong>, eux, sont des alli\u00e9s malins. Des <strong>coussins \u00e9pic\u00e9s<\/strong>, un <strong>rideau vert bois\u00e9<\/strong>, un <strong>tapis aux nuances chocolat\u00e9es<\/strong> : tout est permis. Mais attention \u00e0 ne pas <strong>multiplier les couleurs<\/strong> sans logique. Gardez un <strong>fil conducteur<\/strong>. La fameuse <a href=\"https:\/\/www.lejournaldelamaison.fr\/le-journal-de-la-maison\/conseils-de-pro\/triade-associer-couleurs-deco-486054.html\" rel=\"nofollow noopener\" target=\"_blank\"><strong>r\u00e8gle des trois couleurs<\/strong><\/a> (dominante, secondaire, accent) reste d\u2019actualit\u00e9 pour \u00e9viter l\u2019effet carnaval.<\/p>\n<p>                <script async src=\"\/\/www.instagram.com\/embed.js\"><\/script><\/p>\n","protected":false},"excerpt":{"rendered":"En 2025, un mot d\u2019ordre rassemble les diff\u00e9rentes tendances de l\u2019ann\u00e9e\u00a0: la diversit\u00e9. Loin des diktats stricts, les&hellip;\n","protected":false},"author":2,"featured_media":410504,"comment_status":"","ping_status":"","sticky":false,"template":"","format":"standard","meta":{"footnotes":""},"categories":[1358],"tags":[1348,1384,1385,1386,58,59,1011,27],"class_list":{"0":"post-410503","1":"post","2":"type-post","3":"status-publish","4":"format-standard","5":"has-post-thumbnail","7":"category-arts-et-design","8":"tag-arts","9":"tag-arts-and-design","10":"tag-arts-et-design","11":"tag-design","12":"tag-divertissement","13":"tag-entertainment","14":"tag-fr","15":"tag-france"},"share_on_mastodon":{"url":"https:\/\/pubeurope.com\/@fr\/115250371274291048","error":""},"_links":{"self":[{"href":"https:\/\/www.europesays.com\/fr\/wp-json\/wp\/v2\/posts\/410503","targetHints":{"allow":["GET"]}}],"collection":[{"href":"https:\/\/www.europesays.com\/fr\/wp-json\/wp\/v2\/posts"}],"about":[{"href":"https:\/\/www.europesays.com\/fr\/wp-json\/wp\/v2\/types\/post"}],"author":[{"embeddable":true,"href":"https:\/\/www.europesays.com\/fr\/wp-json\/wp\/v2\/users\/2"}],"replies":[{"embeddable":true,"href":"https:\/\/www.europesays.com\/fr\/wp-json\/wp\/v2\/comments?post=410503"}],"version-history":[{"count":0,"href":"https:\/\/www.europesays.com\/fr\/wp-json\/wp\/v2\/posts\/410503\/revisions"}],"wp:featuredmedia":[{"embeddable":true,"href":"https:\/\/www.europesays.com\/fr\/wp-json\/wp\/v2\/media\/410504"}],"wp:attachment":[{"href":"https:\/\/www.europesays.com\/fr\/wp-json\/wp\/v2\/media?parent=410503"}],"wp:term":[{"taxonomy":"category","embeddable":true,"href":"https:\/\/www.europesays.com\/fr\/wp-json\/wp\/v2\/categories?post=410503"},{"taxonomy":"post_tag","embeddable":true,"href":"https:\/\/www.europesays.com\/fr\/wp-json\/wp\/v2\/tags?post=410503"}],"curies":[{"name":"wp","href":"https:\/\/api.w.org\/{rel}","templated":true}]}}