{"id":410507,"date":"2025-09-22T22:45:58","date_gmt":"2025-09-22T22:45:58","guid":{"rendered":"https:\/\/www.europesays.com\/fr\/410507\/"},"modified":"2025-09-22T22:45:58","modified_gmt":"2025-09-22T22:45:58","slug":"greys-anatomy-s09-e20-la-verite-qui-derange","status":"publish","type":"post","link":"https:\/\/www.europesays.com\/fr\/410507\/","title":{"rendered":"Grey&rsquo;s anatomy &#8211; S09 E20 &#8211; La v\u00e9rit\u00e9 qui d\u00e9range"},"content":{"rendered":"<p id=\"descriptionPanel\" class=\"text-secondary mr-2 line-clamp-2 pr-2.5 overflow-visible\">Bailey annonce \u00e0 Meredith qu\u2019elle porte le g\u00e8ne de la maladie d\u2019Alzheimer. Meredith souhaite changer son testament et demande \u00e0 Cristina si elle veut \u00eatre la tutrice de ses enfants en cas d\u2019accident. Cristina refuse d\u2019\u00eatre autre chose qu\u2019une tante-g\u00e2teau. Meredith demande \u00e0 Derek, puis \u00e0 Cristina de l\u2019euthanasier \u00e0 la morphine d\u00e8s qu\u2019elle commencera \u00e0 perdre la t\u00eate. Les titulaires unissent leurs efforts pour montrer \u00e0 deux m\u00e9decins syriens comment pratiquer des proc\u00e9dures de base avec tr\u00e8s peu de mat\u00e9riel. April d\u00e9cide de dire la v\u00e9rit\u00e9 \u00e0 Matthew, qui est bless\u00e9 qu\u2019elle lui ait menti. Plusieurs patients op\u00e9r\u00e9s par Bailey deux semaines plus t\u00f4t reviennent \u00e0 l\u2019h\u00f4pital, souffrant d\u2019infections post-op\u00e9ratoires. Les chirurgiens membres du conseil d\u00e9cident d&rsquo;ouvrir une enqu\u00eate. Owen s\u2019attache de plus en plus \u00e0 Ethan et fait le maximum afin qu\u2019il reste \u00e0 l\u2019h\u00f4pital au lieu d\u2019\u00eatre pris en charge par les services sociaux. Jackson est assailli par de nombreux titulaires qui veulent lui faire voter leurs projets de recherches.<\/p>\n<p>Afficher la version longue du r\u00e9sum\u00e9<a class=\"shrink-0\" href=\"https:\/\/www.tf1.fr\/tf1\/greys-anatomy\" target=\"_blank\" rel=\"noopener\"><img decoding=\"async\" src=\"https:\/\/www.europesays.com\/fr\/wp-content\/uploads\/2025\/08\/flux-program-card-portrait-1-greys-anatomy-saison-21-2693a1-f28875-d5f08c-0@1x.jpg\" width=\"138\" height=\"184\" alt=\"\" loading=\"eager\" fetchpriority=\"auto\" class=\"rounded-3px aspect-[3\/4] h-24 w-auto\" aria-hidden=\"true\"\/><\/a><\/p>\n","protected":false},"excerpt":{"rendered":"Bailey annonce \u00e0 Meredith qu\u2019elle porte le g\u00e8ne de la maladie d\u2019Alzheimer. Meredith souhaite changer son testament et&hellip;\n","protected":false},"author":2,"featured_media":410508,"comment_status":"","ping_status":"","sticky":false,"template":"","format":"standard","meta":{"footnotes":""},"categories":[1356],"tags":[58,59,1365,43635,49673,41047,1011,27,43637,49674,43633,43645,43649,49672,49678,49680,49676,43641,43647,49679,43643,49677,252,1364,43639,49675],"class_list":{"0":"post-410507","1":"post","2":"type-post","3":"status-publish","4":"format-standard","5":"has-post-thumbnail","7":"category-television","8":"tag-divertissement","9":"tag-entertainment","10":"tag-episode","11":"tag-episode-greys-anatomy","12":"tag-episode-greys-anatomy-tf1","13":"tag-episode-tf1","14":"tag-fr","15":"tag-france","16":"tag-greys-anatomy-episode","17":"tag-greys-anatomy-episode-tf1","18":"tag-serie-greys-anatomy","19":"tag-serie-greys-anatomy-streaming","20":"tag-serie-greys-anatomy-streaming-gratuit","21":"tag-serie-greys-anatomy-tf1","22":"tag-serie-greys-anatomy-tf1-streaming","23":"tag-serie-greys-anatomy-tf1-streaming-gratuit","24":"tag-serie-greys-anatomy-tf1-video","25":"tag-serie-greys-anatomy-video","26":"tag-streaming-gratuit-serie-greys-anatomy","27":"tag-streaming-gratuit-serie-greys-anatomy-tf1","28":"tag-streaming-serie-greys-anatomy","29":"tag-streaming-serie-greys-anatomy-tf1","30":"tag-television","31":"tag-tv","32":"tag-video-serie-greys-anatomy","33":"tag-video-serie-greys-anatomy-tf1"},"share_on_mastodon":{"url":"","error":"Validation failed: Text character limit of 500 exceeded"},"_links":{"self":[{"href":"https:\/\/www.europesays.com\/fr\/wp-json\/wp\/v2\/posts\/410507","targetHints":{"allow":["GET"]}}],"collection":[{"href":"https:\/\/www.europesays.com\/fr\/wp-json\/wp\/v2\/posts"}],"about":[{"href":"https:\/\/www.europesays.com\/fr\/wp-json\/wp\/v2\/types\/post"}],"author":[{"embeddable":true,"href":"https:\/\/www.europesays.com\/fr\/wp-json\/wp\/v2\/users\/2"}],"replies":[{"embeddable":true,"href":"https:\/\/www.europesays.com\/fr\/wp-json\/wp\/v2\/comments?post=410507"}],"version-history":[{"count":0,"href":"https:\/\/www.europesays.com\/fr\/wp-json\/wp\/v2\/posts\/410507\/revisions"}],"wp:featuredmedia":[{"embeddable":true,"href":"https:\/\/www.europesays.com\/fr\/wp-json\/wp\/v2\/media\/410508"}],"wp:attachment":[{"href":"https:\/\/www.europesays.com\/fr\/wp-json\/wp\/v2\/media?parent=410507"}],"wp:term":[{"taxonomy":"category","embeddable":true,"href":"https:\/\/www.europesays.com\/fr\/wp-json\/wp\/v2\/categories?post=410507"},{"taxonomy":"post_tag","embeddable":true,"href":"https:\/\/www.europesays.com\/fr\/wp-json\/wp\/v2\/tags?post=410507"}],"curies":[{"name":"wp","href":"https:\/\/api.w.org\/{rel}","templated":true}]}}