{"id":410516,"date":"2025-09-22T22:51:13","date_gmt":"2025-09-22T22:51:13","guid":{"rendered":"https:\/\/www.europesays.com\/fr\/410516\/"},"modified":"2025-09-22T22:51:13","modified_gmt":"2025-09-22T22:51:13","slug":"gad-elmaleh-adresse-un-message-a-isabelle-nanty-apres-son-accident-je-sais-que-cest-toi-qui-as-besoin-de-force-aujourdhui","status":"publish","type":"post","link":"https:\/\/www.europesays.com\/fr\/410516\/","title":{"rendered":"Gad Elmaleh adresse un message \u00e0 Isabelle Nanty apr\u00e8s son accident\u00a0: \u00ab\u00a0Je sais que c&rsquo;est toi qui as besoin de force aujourd&rsquo;hui\u00a0\u00bb"},"content":{"rendered":"<p class=\"text-left ap-StoryElement ap-StoryElement--mb ap-StoryText\">Dans l&rsquo;\u00e9mission \u00ab\u00a0C \u00e0 vous\u00a0\u00bb, l&rsquo;humoriste et acteur Gad Elmaleh a pris la parole suite <a href=\"https:\/\/www.lalibre.be\/lifestyle\/people\/2025\/09\/14\/lactrice-francaise-isabelle-nanty-hospitalisee-suite-a-un-accident-de-la-route-7PQGHSSAWZE35IKCCFFEAMQ26U\/\" target=\"_blank\" rel=\"noopener\">\u00e0 l&rsquo;accident de voiture d&rsquo;Isabelle Nanty<\/a>. L&rsquo;actrice s&rsquo;est cass\u00e9 trois c\u00f4tes et a subi quelques blessures, elle serait d\u00e9sormais sortie de l&rsquo;h\u00f4pital.<\/p>\n<p><a href=\"https:\/\/www.lalibre.be\/lifestyle\/people\/2025\/09\/17\/permis-invalide-defaut-dassurance-voici-ce-que-lon-sait-sur-laccident-dont-isabelle-nanty-a-ete-victime-MVJPKUAMMJC27PBKDREAETZCVY\/\" target=\"_blank\" rel=\"noopener noreferrer\" class=\"ap-StoryInterstitialLink ap-StoryElement ap-StoryElement--mb\">Permis invalide, d\u00e9faut d&rsquo;assurance: voici ce que l&rsquo;on sait sur l&rsquo;accident dont Isabelle Nanty a \u00e9t\u00e9 victime<\/a><\/p>\n<p class=\"text-left ap-StoryElement ap-StoryElement--mb ap-StoryText\">Gad Elmaleh a d\u00e9clar\u00e9 : \u00ab\u00a0Je sais qu&rsquo;elle va mieux, qu&rsquo;elle se fait soigner et je pense \u00e0 elle. Je voulais te dire \u00e0 quel point tu as \u00e9t\u00e9 importante dans mon chemin, dans ma carri\u00e8re et \u00e0 quel point tu m&rsquo;as r\u00e9v\u00e9l\u00e9 et \u00e7a a une valeur inou\u00efe, infinie, cette confiance que tu m&rsquo;as donn\u00e9e en moi. Tu me disais : \u00ab\u00a0Tu as d\u00e9j\u00e0 tout, va le chercher plut\u00f4t que d&rsquo;essayer d&rsquo;imiter les autres\u00a0\u00bb. Alors merci, je sais que c&rsquo;est toi qui as besoin de force aujourd&rsquo;hui. Je t&rsquo;aime, on se rappelle !\u00a0\u00bb<\/p>\n","protected":false},"excerpt":{"rendered":"Dans l&rsquo;\u00e9mission \u00ab\u00a0C \u00e0 vous\u00a0\u00bb, l&rsquo;humoriste et acteur Gad Elmaleh a pris la parole suite \u00e0 l&rsquo;accident de&hellip;\n","protected":false},"author":2,"featured_media":410517,"comment_status":"","ping_status":"","sticky":false,"template":"","format":"standard","meta":{"footnotes":""},"categories":[8],"tags":[58,59,1011,27,973,9026,6265],"class_list":{"0":"post-410516","1":"post","2":"type-post","3":"status-publish","4":"format-standard","5":"has-post-thumbnail","7":"category-divertissement","8":"tag-divertissement","9":"tag-entertainment","10":"tag-fr","11":"tag-france","12":"tag-people","13":"tag-portrait","14":"tag-tournage"},"share_on_mastodon":{"url":"https:\/\/pubeurope.com\/@fr\/115250402755924930","error":""},"_links":{"self":[{"href":"https:\/\/www.europesays.com\/fr\/wp-json\/wp\/v2\/posts\/410516","targetHints":{"allow":["GET"]}}],"collection":[{"href":"https:\/\/www.europesays.com\/fr\/wp-json\/wp\/v2\/posts"}],"about":[{"href":"https:\/\/www.europesays.com\/fr\/wp-json\/wp\/v2\/types\/post"}],"author":[{"embeddable":true,"href":"https:\/\/www.europesays.com\/fr\/wp-json\/wp\/v2\/users\/2"}],"replies":[{"embeddable":true,"href":"https:\/\/www.europesays.com\/fr\/wp-json\/wp\/v2\/comments?post=410516"}],"version-history":[{"count":0,"href":"https:\/\/www.europesays.com\/fr\/wp-json\/wp\/v2\/posts\/410516\/revisions"}],"wp:featuredmedia":[{"embeddable":true,"href":"https:\/\/www.europesays.com\/fr\/wp-json\/wp\/v2\/media\/410517"}],"wp:attachment":[{"href":"https:\/\/www.europesays.com\/fr\/wp-json\/wp\/v2\/media?parent=410516"}],"wp:term":[{"taxonomy":"category","embeddable":true,"href":"https:\/\/www.europesays.com\/fr\/wp-json\/wp\/v2\/categories?post=410516"},{"taxonomy":"post_tag","embeddable":true,"href":"https:\/\/www.europesays.com\/fr\/wp-json\/wp\/v2\/tags?post=410516"}],"curies":[{"name":"wp","href":"https:\/\/api.w.org\/{rel}","templated":true}]}}