{"id":410521,"date":"2025-09-22T22:54:12","date_gmt":"2025-09-22T22:54:12","guid":{"rendered":"https:\/\/www.europesays.com\/fr\/410521\/"},"modified":"2025-09-22T22:54:12","modified_gmt":"2025-09-22T22:54:12","slug":"des-dizaines-de-milliers-de-manifestants-a-travers-litalie-contre-le-genocide-a-gaza-mediapart","status":"publish","type":"post","link":"https:\/\/www.europesays.com\/fr\/410521\/","title":{"rendered":"Des dizaines de milliers de manifestants \u00e0 travers l\u2019Italie \u00ab contre le g\u00e9nocide \u00e0 Gaza \u00bb &#8211; Mediapart"},"content":{"rendered":"<ol>\n<li><a href=\"https:\/\/news.google.com\/rss\/articles\/CBMi0AFBVV95cUxQaGFCM2dDenN6NXdteHpBQ200cHBtamZyVTBmd3IyWWpfQWN2eDhqaHdvR1ZfR0J4WHpjSF85VjMyT2lfemdMOFZmT2k3Mk1naVJiX3BaR2dwWUdiZGZMWnp4QVlmRXQzTGxET3hfSTluOU1ONFI3MGlORnBDR1NVQzdSZmRGR2NzM3ZqREx5ZjZ1RmRtR1hpLUVCNG5uZ1Y0WGJPZFNUdVhERERhSTl2aDNtV0NQSWNSazlaN2JWWFFaeXBOOWJUM1k2bDI3aHZs?oc=5\" target=\"_blank\" rel=\"noopener\">Des dizaines de milliers de manifestants \u00e0 travers l\u2019Italie \u00ab contre le g\u00e9nocide \u00e0 Gaza \u00bb<\/a>&nbsp;&nbsp;Mediapart<\/li>\n<li><a href=\"https:\/\/news.google.com\/rss\/articles\/CBMilAJBVV95cUxOWEJJa2lJMFUyVlFSRE9QcnRGbnpNdTVYdlNPcUJ4NDZIazc1YVhDLXduMDM1cWM5VndXNW5VWXFtLU5HRVlsbzdodWFSU1hMeTUzQ2xvdjJHWTRYS3dUVlNVOXVxSThTV3dKTEx1bXJzSnJlUWNNXzVQU1JCUGdZckluQmZxUVFtbXpfY0lYN2JmWGJlMDJjODFnRWpKX0VEM0RhOXFvZzVUVVhDdFlpbV9TUjZpS3YwWTF3S3VDR1Q1OVhuUDlBeFJ5ejJXcnUtaU9sbU9LZzZSNkhtNHNIS1JFZDJRZk9odGM4ZVNPMDJvWU1US1p0aDFOREFSY3BxZTdZdlh4bnhNV3JiZXlUWlNrcjk?oc=5\" target=\"_blank\" rel=\"noopener\">Gaza : en Italie, plusieurs centaines de milliers de manifestants dans les rues en solidarit\u00e9 avec les Palestiniens<\/a>&nbsp;&nbsp;Le Monde.fr<\/li>\n<li><a href=\"https:\/\/news.google.com\/rss\/articles\/CBMi2AFBVV95cUxPTS14dDZDcC1PUDdGRWViMG5VMnJmdzFKSnZQeHVKUUFWZW42VEU5cktBWFlicXlCLWx5em9xeVYxai11RGlhbFdQQnBIT2FwajFOMlh0eGFQQXY4cUdZSVZUZGIxOEl2LWt3Zm5ZQUl6SUY2azF0cVJVY3VxeVhaZU16SU9QLW5fanhOSEh4TzFicjZ6NHVDdzRreE5mcE9lNHUtaVBTaHZWdVN2Nml1WnhZc05heE51aDZaN2dyMXhtMi14cURiaW55T1c1TUM4a2hmREtFeEI?oc=5\" target=\"_blank\" rel=\"noopener\">Reconnaissance de la Palestine : la tr\u00e8s grande prudence de Meloni en d\u00e9pit d&rsquo;une gr\u00e8ve g\u00e9n\u00e9rale en Italie<\/a>&nbsp;&nbsp;l&rsquo;Opinion<\/li>\n<li><a href=\"https:\/\/news.google.com\/rss\/articles\/CBMihwJBVV95cUxPSVhtWlJpMUtJMEwtckxaWGFXd2FGZHJMT0NNeU5NWFprMm9fVHFlbmdqSkhUUVhGaFFzYndIRzd0S05qMnVPWUhtUzYwRVF1QjMwMVBBSG5HenBjd0FUVy1zU0tzeUdkcGU4ZHAwcno0OWN1WTlXbUkzZTVEODJVbnlQdjBWd29FSEthLUFGc0ZiY21GbE00SnZSc0JoMFk0VFltNjVkUlZVcm81ZDNiZE5OSHJGNzkzNUt5SVhGOFJHcC1JYXAyWXRlYS1IelVEcmhvbmJ3TkVXVjZweGIwUDBzZzgtZUZ2eHdvdDAyMFFoV0NDZkQtZnpGRVk4Q1FaQkV4aVNMTQ?oc=5\" target=\"_blank\" rel=\"noopener\">\u00ab Bloquons tout ! \u00bb : L\u2019Italie mobilis\u00e9e face au refus de Meloni de reconna\u00eetre la Palestine<\/a>&nbsp;&nbsp;Le HuffPost<\/li>\n<li><a href=\"https:\/\/news.google.com\/rss\/articles\/CBMigAJBVV95cUxPZ0tmM0NoS1BQR29uaU1BQ18xTVE1X0NPT1VDN3lVTVhWVVcwMTBHbU1yNFdjVnZyRkNrY3cwNnBNUVZwVExFd3JNelFsNjA3WE96ZHpBREJMbWw4R2VZcEhKVTBJLUdqcTR6WDN3RkwxamhGcHF6NUdsR1VLdG1fT3pkSzZVRVpycWppd25TaWs2T2FWX21fLTFHNHF6NFl3bmYyOVVBSGx5YjRDQVZwU3U2ZjNVck5Qb2Y2ZlFPMjJSRUpYSVlzcnB1VzFVZVB0UXp0ck5kMEFRalNaR3UzdmtOemtYb0Y1T25YM05LOEZhYm84dVlSVlVub25YakN6?oc=5\" target=\"_blank\" rel=\"noopener\">Les ports italiens bloqu\u00e9s par les dockers qui protestent contre la livraison d\u2019armes \u00e0 Isra\u00ebl<\/a>&nbsp;&nbsp;Le marin<\/li>\n<\/ol>\n","protected":false},"excerpt":{"rendered":"Des dizaines de milliers de manifestants \u00e0 travers l\u2019Italie \u00ab contre le g\u00e9nocide \u00e0 Gaza \u00bb&nbsp;&nbsp;Mediapart Gaza :&hellip;\n","protected":false},"author":2,"featured_media":410522,"comment_status":"","ping_status":"","sticky":false,"template":"","format":"standard","meta":{"footnotes":""},"categories":[5],"tags":[11,1011,27,665,5106,14,452,2088,12,31,28],"class_list":{"0":"post-410521","1":"post","2":"type-post","3":"status-publish","4":"format-standard","5":"has-post-thumbnail","7":"category-international","8":"tag-actualites","9":"tag-fr","10":"tag-france","11":"tag-gaza","12":"tag-guerre-au-proche-orient","13":"tag-international","14":"tag-italie","15":"tag-manifestation","16":"tag-news","17":"tag-proche-et-moyen-orient","18":"tag-world"},"share_on_mastodon":{"url":"https:\/\/pubeurope.com\/@fr\/115250414669451710","error":""},"_links":{"self":[{"href":"https:\/\/www.europesays.com\/fr\/wp-json\/wp\/v2\/posts\/410521","targetHints":{"allow":["GET"]}}],"collection":[{"href":"https:\/\/www.europesays.com\/fr\/wp-json\/wp\/v2\/posts"}],"about":[{"href":"https:\/\/www.europesays.com\/fr\/wp-json\/wp\/v2\/types\/post"}],"author":[{"embeddable":true,"href":"https:\/\/www.europesays.com\/fr\/wp-json\/wp\/v2\/users\/2"}],"replies":[{"embeddable":true,"href":"https:\/\/www.europesays.com\/fr\/wp-json\/wp\/v2\/comments?post=410521"}],"version-history":[{"count":0,"href":"https:\/\/www.europesays.com\/fr\/wp-json\/wp\/v2\/posts\/410521\/revisions"}],"wp:featuredmedia":[{"embeddable":true,"href":"https:\/\/www.europesays.com\/fr\/wp-json\/wp\/v2\/media\/410522"}],"wp:attachment":[{"href":"https:\/\/www.europesays.com\/fr\/wp-json\/wp\/v2\/media?parent=410521"}],"wp:term":[{"taxonomy":"category","embeddable":true,"href":"https:\/\/www.europesays.com\/fr\/wp-json\/wp\/v2\/categories?post=410521"},{"taxonomy":"post_tag","embeddable":true,"href":"https:\/\/www.europesays.com\/fr\/wp-json\/wp\/v2\/tags?post=410521"}],"curies":[{"name":"wp","href":"https:\/\/api.w.org\/{rel}","templated":true}]}}