{"id":410535,"date":"2025-09-22T23:02:11","date_gmt":"2025-09-22T23:02:11","guid":{"rendered":"https:\/\/www.europesays.com\/fr\/410535\/"},"modified":"2025-09-22T23:02:11","modified_gmt":"2025-09-22T23:02:11","slug":"la-coque-de-lex-fregate-latouche-treville-en-route-pour-toulon","status":"publish","type":"post","link":"https:\/\/www.europesays.com\/fr\/410535\/","title":{"rendered":"La coque de l\u2019ex-fr\u00e9gate Latouche-Tr\u00e9ville en route pour Toulon"},"content":{"rendered":"<p>\n      Apr\u00e8s avoir \u00e9t\u00e9 pr\u00e9par\u00e9e pour son dernier voyage, l\u2019ancienne fr\u00e9gate anti-sous-marine (FASM) Latouche-Tr\u00e9ville de la Marine nationale a fait ses adieux \u00e0 Brest. Elle est remorqu\u00e9e vers Toulon, dans le but de servir de caisson de choc.\n    <\/p>\n<p><a href=\"https:\/\/www.meretmarine.com\/fr\/defense\/la-coque-de-l-ex-fregate-latouche-treville-se-prepare-a-quitter-brest-pour-rejoindre-toulon\" target=\"_blank\" rel=\"noopener\">Trois jours apr\u00e8s sa sortie de la Penfeld, o\u00f9 elle stationnait depuis son d\u00e9sarmement, en juillet 2022,<\/a> l\u2019ex-fr\u00e9gate Latouche-Tr\u00e9ville a d\u00e9finitivement quitt\u00e9 la pointe Bretagne. A l\u2019issue d\u2019une \u00ab\u00a0toilette de mer\u00a0\u00bb au quai des flottilles, la vieille coque a \u00e9t\u00e9 conduite par les remorqueurs de la base navale brestoise, dans la matin\u00e9e du vendredi 19 septembre, devant Roscanvel, o\u00f9 elle a \u00e9t\u00e9 prise en charge par un b\u00e2timent de soutien et d\u2019assistance m\u00e9tropolitain (BSAM). L\u2019ex-Latouche-Tr\u00e9ville va rejoindre Toulon, o\u00f9 elle servira dans le cadre d\u2019essais de choc.\u00a0<\/p>\n<p>\u00a0<\/p>\n<p>      L&rsquo;ancienne FASM prise en charge par un BSAM devant Roscanvel, le 19 septembre.\u00a0<\/p>\n<p>\u00a0<\/p>\n<p><strong>\u00a9 Un article de la r\u00e9daction de Mer et Marine.\u00a0Reproduction interdite sans consentement du ou des auteurs.<\/strong><\/p>\n","protected":false},"excerpt":{"rendered":"Apr\u00e8s avoir \u00e9t\u00e9 pr\u00e9par\u00e9e pour son dernier voyage, l\u2019ancienne fr\u00e9gate anti-sous-marine (FASM) Latouche-Tr\u00e9ville de la Marine nationale a&hellip;\n","protected":false},"author":2,"featured_media":410536,"comment_status":"","ping_status":"","sticky":false,"template":"","format":"standard","meta":{"footnotes":""},"categories":[9619],"tags":[1111,11,6130,6141,6131,6138,2380,6135,554,1777,6136,674,1011,27,6139,6134,3135,6128,567,6129,6127,12,6132,4838,882,6133,25,6140,6137,2310],"class_list":{"0":"post-410535","1":"post","2":"type-post","3":"status-publish","4":"format-standard","5":"has-post-thumbnail","7":"category-toulon","8":"tag-actu","9":"tag-actualites","10":"tag-chantiers","11":"tag-commando","12":"tag-construction-navale","13":"tag-costa","14":"tag-croisiere","15":"tag-dcns","16":"tag-defense","17":"tag-eu","18":"tag-euronaval","19":"tag-europe","20":"tag-fr","21":"tag-france","22":"tag-fremm","23":"tag-interviews","24":"tag-littoral","25":"tag-marine","26":"tag-marine-nationale","27":"tag-maritime","28":"tag-mer","29":"tag-news","30":"tag-offshore","31":"tag-peche","32":"tag-provence-alpes-cote-dazur","33":"tag-reportages","34":"tag-republique-francaise","35":"tag-sncm","36":"tag-stx","37":"tag-toulon"},"share_on_mastodon":{"url":"https:\/\/pubeurope.com\/@fr\/115250446125355566","error":""},"_links":{"self":[{"href":"https:\/\/www.europesays.com\/fr\/wp-json\/wp\/v2\/posts\/410535","targetHints":{"allow":["GET"]}}],"collection":[{"href":"https:\/\/www.europesays.com\/fr\/wp-json\/wp\/v2\/posts"}],"about":[{"href":"https:\/\/www.europesays.com\/fr\/wp-json\/wp\/v2\/types\/post"}],"author":[{"embeddable":true,"href":"https:\/\/www.europesays.com\/fr\/wp-json\/wp\/v2\/users\/2"}],"replies":[{"embeddable":true,"href":"https:\/\/www.europesays.com\/fr\/wp-json\/wp\/v2\/comments?post=410535"}],"version-history":[{"count":0,"href":"https:\/\/www.europesays.com\/fr\/wp-json\/wp\/v2\/posts\/410535\/revisions"}],"wp:featuredmedia":[{"embeddable":true,"href":"https:\/\/www.europesays.com\/fr\/wp-json\/wp\/v2\/media\/410536"}],"wp:attachment":[{"href":"https:\/\/www.europesays.com\/fr\/wp-json\/wp\/v2\/media?parent=410535"}],"wp:term":[{"taxonomy":"category","embeddable":true,"href":"https:\/\/www.europesays.com\/fr\/wp-json\/wp\/v2\/categories?post=410535"},{"taxonomy":"post_tag","embeddable":true,"href":"https:\/\/www.europesays.com\/fr\/wp-json\/wp\/v2\/tags?post=410535"}],"curies":[{"name":"wp","href":"https:\/\/api.w.org\/{rel}","templated":true}]}}