{"id":410549,"date":"2025-09-22T23:13:14","date_gmt":"2025-09-22T23:13:14","guid":{"rendered":"https:\/\/www.europesays.com\/fr\/410549\/"},"modified":"2025-09-22T23:13:14","modified_gmt":"2025-09-22T23:13:14","slug":"a-rennes-le-salon-24-heures-pour-lemploi-et-la-formation-souvre-mardi-au-couvent-des","status":"publish","type":"post","link":"https:\/\/www.europesays.com\/fr\/410549\/","title":{"rendered":"\u00c0 Rennes, le salon 24\u00a0Heures pour l\u2019emploi et la formation s\u2019ouvre mardi au couvent des"},"content":{"rendered":"<p>Pour la huiti\u00e8me ann\u00e9e cons\u00e9cutive, le salon 24\u00a0Heures pour l\u2019emploi et la formation se d\u00e9roule \u00e0 Rennes, au couvent des Jacobins. <strong>\u00ab\u00a0Nous voulons favoriser la rencontre directe entre candidats et recruteurs\u00a0\u00bb<\/strong>, expliquent les organisateurs. Chacun a l\u2019opportunit\u00e9 de pr\u00e9senter son parcours, ses ambitions et ses motivations \u00e0 des entreprises et centres de formation <strong>\u00ab\u00a0en recherche active de nouveaux talents\u00a0\u00bb<\/strong>.<\/p>\n<p>Plusieurs centaines d\u2019opportunit\u00e9s<\/p>\n<p>Plus de 75\u00a0exposants seront pr\u00e9sents, proposant plusieurs centaines d\u2019opportunit\u00e9s professionnelles, tous contrats confondus (CDI, CDD, int\u00e9rim, stage, alternance,\u00a0etc.). De nombreux secteurs d\u2019activit\u00e9 seront repr\u00e9sent\u00e9s.<\/p>\n<p>Gratuit et ouvert \u00e0 tous, le salon s\u2019adresse aussi bien aux salari\u00e9s en qu\u00eate de nouvelles opportunit\u00e9s, qu\u2019aux demandeurs d\u2019emploi, aux adultes en reconversion ou encore aux \u00e9tudiants \u00e0 la recherche d\u2019un stage ou d\u2019une formation.<\/p>\n<p>L\u2019inscription via le site est vivement conseill\u00e9e, <strong>\u00ab\u00a0elle permet aux candidats d\u2019obtenir une invitation nominative un QR code contenant leur CV d\u00e9mat\u00e9rialis\u00e9\u00a0\u00bb<\/strong>.\u00a0Des conf\u00e9rences sur la reprise d\u2019\u00e9tude ou l\u2019intelligence artificielle, ainsi que des ateliers de coaching, rythmeront la journ\u00e9e.<\/p>\n<p><strong>Mardi 23\u00a0septembre<\/strong>, de 10\u00a0h \u00e0 17\u00a0h en continu, au couvent des Jacobins \u00e0 Rennes. Entr\u00e9e libre, possibilit\u00e9 de s\u2019inscrire<a href=\"https:\/\/24h-emploi-formation.com\/rennes-2025#\/\" target=\"_blank\" rel=\"nofollow noopener\"> sur le site internet du salon.<\/a><\/p>\n<p>\u00a0<\/p>\n","protected":false},"excerpt":{"rendered":"Pour la huiti\u00e8me ann\u00e9e cons\u00e9cutive, le salon 24\u00a0Heures pour l\u2019emploi et la formation se d\u00e9roule \u00e0 Rennes, au&hellip;\n","protected":false},"author":2,"featured_media":410550,"comment_status":"","ping_status":"","sticky":false,"template":"","format":"standard","meta":{"footnotes":""},"categories":[2821],"tags":[2466,1111,11,829,29930,341,1777,674,1119,1011,27,6203,41264,9778,12,10102,3086,584,25,6290],"class_list":{"0":"post-410549","1":"post","2":"type-post","3":"status-publish","4":"format-standard","5":"has-post-thumbnail","7":"category-rennes","8":"tag-2466","9":"tag-actu","10":"tag-actualites","11":"tag-bretagne","12":"tag-couvent","13":"tag-emploi","14":"tag-eu","15":"tag-europe","16":"tag-formation","17":"tag-fr","18":"tag-france","19":"tag-heures","20":"tag-jacobins","21":"tag-mardi","22":"tag-news","23":"tag-ouvre","24":"tag-redon","25":"tag-rennes","26":"tag-republique-francaise","27":"tag-salon"},"share_on_mastodon":{"url":"https:\/\/pubeurope.com\/@fr\/115250489213926806","error":""},"_links":{"self":[{"href":"https:\/\/www.europesays.com\/fr\/wp-json\/wp\/v2\/posts\/410549","targetHints":{"allow":["GET"]}}],"collection":[{"href":"https:\/\/www.europesays.com\/fr\/wp-json\/wp\/v2\/posts"}],"about":[{"href":"https:\/\/www.europesays.com\/fr\/wp-json\/wp\/v2\/types\/post"}],"author":[{"embeddable":true,"href":"https:\/\/www.europesays.com\/fr\/wp-json\/wp\/v2\/users\/2"}],"replies":[{"embeddable":true,"href":"https:\/\/www.europesays.com\/fr\/wp-json\/wp\/v2\/comments?post=410549"}],"version-history":[{"count":0,"href":"https:\/\/www.europesays.com\/fr\/wp-json\/wp\/v2\/posts\/410549\/revisions"}],"wp:featuredmedia":[{"embeddable":true,"href":"https:\/\/www.europesays.com\/fr\/wp-json\/wp\/v2\/media\/410550"}],"wp:attachment":[{"href":"https:\/\/www.europesays.com\/fr\/wp-json\/wp\/v2\/media?parent=410549"}],"wp:term":[{"taxonomy":"category","embeddable":true,"href":"https:\/\/www.europesays.com\/fr\/wp-json\/wp\/v2\/categories?post=410549"},{"taxonomy":"post_tag","embeddable":true,"href":"https:\/\/www.europesays.com\/fr\/wp-json\/wp\/v2\/tags?post=410549"}],"curies":[{"name":"wp","href":"https:\/\/api.w.org\/{rel}","templated":true}]}}