{"id":410556,"date":"2025-09-22T23:17:21","date_gmt":"2025-09-22T23:17:21","guid":{"rendered":"https:\/\/www.europesays.com\/fr\/410556\/"},"modified":"2025-09-22T23:17:21","modified_gmt":"2025-09-22T23:17:21","slug":"grosse-frayeur-a-laeroport-de-nice-ou-deux-avions-manquent-de-se-percuter","status":"publish","type":"post","link":"https:\/\/www.europesays.com\/fr\/410556\/","title":{"rendered":"Grosse frayeur \u00e0 l\u2019a\u00e9roport de Nice o\u00f9 deux avions manquent de se percuter"},"content":{"rendered":"<p>        <img decoding=\"async\" loading=\"lazy\" src=\"https:\/\/www.europesays.com\/fr\/wp-content\/uploads\/2025\/09\/5aa4c1d_upload-1-k619ivojypbz-afp-20231130-hl-edervaux-2224736-v1-midres-franicetourismairtransport..jpeg\"  width=\"728\" height=\"410\" alt=\"Photo d\u2019illustration de la piste de l\u2019a\u00e9roport Nice C\u00f4te d\u2019Azur.\"\/>  <\/p>\n<p>ERIC DERVAUX \/ Hans Lucas via AFP<\/p>\n<p>Photo d\u2019illustration de la piste de l\u2019a\u00e9roport Nice C\u00f4te d\u2019Azur.<\/p>\n<p class=\"asset asset-text\">FRANCE &#8211; \u00c0 quelques m\u00e8tres pr\u00e8s. Une collision entre deux <a href=\"https:\/\/www.huffingtonpost.fr\/life\/video\/ces-americaines-qui-voulaient-un-vol-to-nice-ont-atterri-a-tunis_254563.html\" rel=\"nofollow noopener\" target=\"_blank\">avions<\/a> a \u00e9t\u00e9 \u00e9vit\u00e9e \u00ab\u00a0de justesse\u00a0\u00bb ce dimanche 21\u00a0septembre au soir \u00e0 <a href=\"https:\/\/www.huffingtonpost.fr\/sport\/video\/des-joueurs-de-l-as-monaco-en-calecon-sur-le-tarmac-a-cause-d-un-probleme-dans-l-avion_254971.html\" rel=\"nofollow noopener\" target=\"_blank\">l\u2019a\u00e9roport de Nice<\/a>, dans les Alpes-Maritime, a appris l\u2019AFP du Bureau d\u2019enqu\u00eates et d\u2019analyses pour la s\u00e9curit\u00e9 de l\u2019aviation civile (BEA).<\/p>\n<p class=\"asset asset-text\">Dimanche, peu apr\u00e8s 23\u00a0h\u00a030, un avion de la compagnie Nouvel air \u00e9tait en train d\u2019atterrir \u00e0 l\u2019a\u00e9roport de Nice lorsqu\u2019il a fr\u00f4l\u00e9 un avion Easyjet qui se trouvait d\u00e9j\u00e0 sur cette piste, a relat\u00e9 \u00e0 l\u2019AFP le Bureau d\u2019enqu\u00eates et d\u2019analyses pour la s\u00e9curit\u00e9 de l\u2019aviation civile (BEA), confirmant une information de <a href=\"https:\/\/www.nicematin.com\/faits-divers\/a-3-metres-pres-une-collision-entre-deux-avions-evitee-de-justesse-dimanche-soir-a-laeroport-de-nice-une-enquete-ouverte-1002954\" target=\"_blank\" rel=\"noopener nofollow\" title=\"Nouvelle fen\u00eatre\">Var Matin<\/a>. L\u2019avion en phase d\u2019atterrissage a alors remis les gaz pour stopper la man\u0153uvre.<\/p>\n<p class=\"asset asset-text\">Le BEA estime qu\u2019il s\u2019agit d\u2019un \u00ab\u00a0incident grave\u00a0\u00bb car l\u2019avion n\u2019allait pas se poser sur la bonne piste.<\/p>\n<p>    Les enqu\u00eateurs d\u00e9j\u00e0 sur les lieux    <\/p>\n<p class=\"asset asset-text\">\u00ab\u00a0Hier, un important incident s\u2019est produit \u00e0 l\u2019a\u00e9roport de Nice-C\u00f4te d\u2019Azur, o\u00f9 une collision impliquant deux appareils des compagnies Nouvelair et EasyJet a \u00e9t\u00e9 \u00e9vit\u00e9e de justesse\u00a0\u00bb, a d\u00e9clar\u00e9 sur X Philippe Tabarot, ministre des Transports d\u00e9missionnaire.<\/p>\n<p class=\"asset asset-text\">La vid\u00e9o acc\u00e9l\u00e9r\u00e9e de Flightradar ci-dessous atteste de l\u2019arriv\u00e9e \u00e0 quelques minutes d\u2019intervalles des deux avions Airbus A320.<\/p>\n<p> La lecture de ce contenu est susceptible d\u2019entra\u00eener un d\u00e9p\u00f4t de cookies de la part de l\u2019op\u00e9rateur tiers qui l\u2019h\u00e9berge. Compte-tenu des choix que vous avez exprim\u00e9s en mati\u00e8re de d\u00e9p\u00f4t de cookies, nous avons bloqu\u00e9 l\u2019affichage de ce contenu. Si vous souhaitez y acc\u00e9der, vous devez accepter la cat\u00e9gorie de cookies \u201cContenus tiers\u201d en cliquant sur le bouton ci-dessous. <\/p>\n<p> Lire la Vid\u00e9o        <\/p>\n<p class=\"asset asset-text\">Deux enqu\u00eateurs du BEA sont d\u00e9j\u00e0 sur les lieux et deux autres arriveront d\u2019ici ce soir, a pr\u00e9cis\u00e9 le BEA, qui a demand\u00e9 d\u00e8s dimanche soir la mobilisation des avions pour r\u00e9cup\u00e9rer les bo\u00eetes noires afin de les exploiter.<\/p>\n<p> La lecture de ce contenu est susceptible d\u2019entra\u00eener un d\u00e9p\u00f4t de cookies de la part de l\u2019op\u00e9rateur tiers qui l\u2019h\u00e9berge. Compte-tenu des choix que vous avez exprim\u00e9s en mati\u00e8re de d\u00e9p\u00f4t de cookies, nous avons bloqu\u00e9 l\u2019affichage de ce contenu. Si vous souhaitez y acc\u00e9der, vous devez accepter la cat\u00e9gorie de cookies \u201cContenus tiers\u201d en cliquant sur le bouton ci-dessous. <\/p>\n<p> Lire la Vid\u00e9o            <\/p>\n<p class=\"asset asset-text\">Les enqu\u00eateurs seront \u00e9galement charg\u00e9s de recueillir les t\u00e9moignages des \u00e9quipages et du contr\u00f4le a\u00e9rien pour d\u00e9terminer les circonstances de l\u2019incident.<\/p>\n","protected":false},"excerpt":{"rendered":"ERIC DERVAUX \/ Hans Lucas via AFP Photo d\u2019illustration de la piste de l\u2019a\u00e9roport Nice C\u00f4te d\u2019Azur. FRANCE&hellip;\n","protected":false},"author":2,"featured_media":410557,"comment_status":"","ping_status":"","sticky":false,"template":"","format":"standard","meta":{"footnotes":""},"categories":[2819],"tags":[1111,11,37,4504,1777,674,118,1011,27,12,2401,882,25],"class_list":{"0":"post-410556","1":"post","2":"type-post","3":"status-publish","4":"format-standard","5":"has-post-thumbnail","7":"category-nice","8":"tag-actu","9":"tag-actualites","10":"tag-avion","11":"tag-collision","12":"tag-eu","13":"tag-europe","14":"tag-faits-divers","15":"tag-fr","16":"tag-france","17":"tag-news","18":"tag-nice","19":"tag-provence-alpes-cote-dazur","20":"tag-republique-francaise"},"share_on_mastodon":{"url":"https:\/\/pubeurope.com\/@fr\/115250505663647118","error":""},"_links":{"self":[{"href":"https:\/\/www.europesays.com\/fr\/wp-json\/wp\/v2\/posts\/410556","targetHints":{"allow":["GET"]}}],"collection":[{"href":"https:\/\/www.europesays.com\/fr\/wp-json\/wp\/v2\/posts"}],"about":[{"href":"https:\/\/www.europesays.com\/fr\/wp-json\/wp\/v2\/types\/post"}],"author":[{"embeddable":true,"href":"https:\/\/www.europesays.com\/fr\/wp-json\/wp\/v2\/users\/2"}],"replies":[{"embeddable":true,"href":"https:\/\/www.europesays.com\/fr\/wp-json\/wp\/v2\/comments?post=410556"}],"version-history":[{"count":0,"href":"https:\/\/www.europesays.com\/fr\/wp-json\/wp\/v2\/posts\/410556\/revisions"}],"wp:featuredmedia":[{"embeddable":true,"href":"https:\/\/www.europesays.com\/fr\/wp-json\/wp\/v2\/media\/410557"}],"wp:attachment":[{"href":"https:\/\/www.europesays.com\/fr\/wp-json\/wp\/v2\/media?parent=410556"}],"wp:term":[{"taxonomy":"category","embeddable":true,"href":"https:\/\/www.europesays.com\/fr\/wp-json\/wp\/v2\/categories?post=410556"},{"taxonomy":"post_tag","embeddable":true,"href":"https:\/\/www.europesays.com\/fr\/wp-json\/wp\/v2\/tags?post=410556"}],"curies":[{"name":"wp","href":"https:\/\/api.w.org\/{rel}","templated":true}]}}