{"id":410558,"date":"2025-09-22T23:18:14","date_gmt":"2025-09-22T23:18:14","guid":{"rendered":"https:\/\/www.europesays.com\/fr\/410558\/"},"modified":"2025-09-22T23:18:14","modified_gmt":"2025-09-22T23:18:14","slug":"a-saint-sebastien-sur-loire-louise-joncourt-elue-presidente-de-loire-pour-tous","status":"publish","type":"post","link":"https:\/\/www.europesays.com\/fr\/410558\/","title":{"rendered":"\u00c0 Saint-S\u00e9bastien-sur-Loire, Louise Joncourt \u00e9lue pr\u00e9sidente de \u00ab\u00a0Loire pour tous\u00a0\u00bb"},"content":{"rendered":"<p>Fond\u00e9e en 1983, l\u2019association \u00ab\u00a0Loire pour Tous\u00a0\u00bb (LPT) a vocation \u00e0 mettre en valeur la vall\u00e9e de la Loire, ses bateaux lig\u00e9riens et des animations li\u00e9es \u00e0 la Loire.<\/p>\n<p>Pour la premi\u00e8re fois, une femme, Louise Joncourt, en est \u00e9lue pr\u00e9sidente. Elle succ\u00e8de \u00e0 Michel Brochu, pr\u00e9sident durant sept ans.<\/p>\n<p>Louise Joncourt n\u2019est pas une novice dans le domaine d\u2019activit\u00e9s de l\u2019association. Pendant toute son adolescence, elle a suivi les traces de son p\u00e8re, Bruno Joncourt, pr\u00e9sident dix-sept ans de l\u2019association.<\/p>\n<p>Par ailleurs, ces dix derni\u00e8res ann\u00e9es, elle figurait \u00e0 son conseil d\u2019administration.<\/p>\n<p>L\u2019ambition de Louise Joncourt est de \u00a0r\u00e9inventer (descente de la Loire\u2026) ou d\u2019inventer des nouvelles animations, de r\u00e9parer la gabare qui est sur cale, le Chanbigeon qui est un bateau m\u00e9tallique de travail des ex-chantiers Dubigeon (remorquage)\u00a0. Elle vient, \u00e0 l\u2019occasion des Journ\u00e9es du patrimone, d\u2019organiser les balades sur la Loire avec beaucoup de succ\u00e8s.<\/p>\n<p><a href=\"https:\/\/nantes.maville.com\/actu\/actudet_-apres-la-pollution-en-loire-au-sud-de-nantes-la-peche-interdite-dans-plusieurs-communes-_8-6901370_actu.Htm\" target=\"_blank\" rel=\"noopener\">? \u00c0 LIRE AUSSI. Apr\u00e8s la pollution en Loire au sud de Nantes, la p\u00eache interdite dans plusieurs communes<\/a><\/p>\n<p>Le bureau\u00a0de l\u2019association est d\u00e9sormais constitu\u00e9 de Louise Joncourt (pr\u00e9sidente), Michel Brochu (vice-pr\u00e9sident), Jo\u00ebl Legland (secr\u00e9taire) et George Gabriel Chauveau (tr\u00e9sorier).<\/p>\n<p><a href=\"https:\/\/nantes.maville.com\/actu\/actudet_-le-senateur-joel-guerriau-contre-attaque-contre-les-accusations-de-la-deputee-sandrine-josso-_8-6986147_actu.Htm\" target=\"_blank\" rel=\"noopener\">? \u00c0 LIRE AUSSI. Le s\u00e9nateur Jo\u00ebl Guerriau contre-attaque contre les accusations de la d\u00e9put\u00e9e Sandrine Josso<\/a><\/p>\n<p>\u00a0<\/p>\n","protected":false},"excerpt":{"rendered":"Fond\u00e9e en 1983, l\u2019association \u00ab\u00a0Loire pour Tous\u00a0\u00bb (LPT) a vocation \u00e0 mettre en valeur la vall\u00e9e de la&hellip;\n","protected":false},"author":2,"featured_media":410559,"comment_status":"","ping_status":"","sticky":false,"template":"","format":"standard","meta":{"footnotes":""},"categories":[2818],"tags":[1111,11,20906,1777,674,1011,27,54182,3367,17205,766,12,2636,19924,25,3524],"class_list":{"0":"post-410558","1":"post","2":"type-post","3":"status-publish","4":"format-standard","5":"has-post-thumbnail","7":"category-nantes","8":"tag-actu","9":"tag-actualites","10":"tag-elue","11":"tag-eu","12":"tag-europe","13":"tag-fr","14":"tag-france","15":"tag-joncourt","16":"tag-loire","17":"tag-louise","18":"tag-nantes","19":"tag-news","20":"tag-pays-de-la-loire","21":"tag-presidente","22":"tag-republique-francaise","23":"tag-saint-sebastien-sur-loire"},"share_on_mastodon":{"url":"https:\/\/pubeurope.com\/@fr\/115250508992271119","error":""},"_links":{"self":[{"href":"https:\/\/www.europesays.com\/fr\/wp-json\/wp\/v2\/posts\/410558","targetHints":{"allow":["GET"]}}],"collection":[{"href":"https:\/\/www.europesays.com\/fr\/wp-json\/wp\/v2\/posts"}],"about":[{"href":"https:\/\/www.europesays.com\/fr\/wp-json\/wp\/v2\/types\/post"}],"author":[{"embeddable":true,"href":"https:\/\/www.europesays.com\/fr\/wp-json\/wp\/v2\/users\/2"}],"replies":[{"embeddable":true,"href":"https:\/\/www.europesays.com\/fr\/wp-json\/wp\/v2\/comments?post=410558"}],"version-history":[{"count":0,"href":"https:\/\/www.europesays.com\/fr\/wp-json\/wp\/v2\/posts\/410558\/revisions"}],"wp:featuredmedia":[{"embeddable":true,"href":"https:\/\/www.europesays.com\/fr\/wp-json\/wp\/v2\/media\/410559"}],"wp:attachment":[{"href":"https:\/\/www.europesays.com\/fr\/wp-json\/wp\/v2\/media?parent=410558"}],"wp:term":[{"taxonomy":"category","embeddable":true,"href":"https:\/\/www.europesays.com\/fr\/wp-json\/wp\/v2\/categories?post=410558"},{"taxonomy":"post_tag","embeddable":true,"href":"https:\/\/www.europesays.com\/fr\/wp-json\/wp\/v2\/tags?post=410558"}],"curies":[{"name":"wp","href":"https:\/\/api.w.org\/{rel}","templated":true}]}}