{"id":410565,"date":"2025-09-22T23:22:11","date_gmt":"2025-09-22T23:22:11","guid":{"rendered":"https:\/\/www.europesays.com\/fr\/410565\/"},"modified":"2025-09-22T23:22:11","modified_gmt":"2025-09-22T23:22:11","slug":"le-toulousain-cylad-annonce-larrivee-de-yannig-le-roux-a-son-bureau-parisien","status":"publish","type":"post","link":"https:\/\/www.europesays.com\/fr\/410565\/","title":{"rendered":"Le Toulousain Cylad annonce l&rsquo;arriv\u00e9e de Yannig Le Roux \u00e0 son bureau parisien"},"content":{"rendered":"<p>Cylad, groupe de conseil en strat\u00e9gie et management dont le si\u00e8ge est \u00e0 Toulouse, vient d\u2019annoncer l\u2019arriv\u00e9e de Yannig Le Roux au sein de son bureau parisien. Il est sp\u00e9cialis\u00e9 dans les secteurs luxe, cosm\u00e9tique et produits de consommation.<\/p>\n<p>Dipl\u00f4m\u00e9 des Mines Paris Tech en Ing\u00e9nierie de la conception, Yannig Le Roux a d\u00e9but\u00e9 sa carri\u00e8re en 2001 au sein du Groupe Rocher, d\u2019abord comme ing\u00e9nieur am\u00e9lioration continue puis en tant que chef de projets nouveaux produits, avant de rejoindre Sephora comme responsable achats. Il travaille ensuite pendant pr\u00e8s de huit ans pour le groupe Bel o\u00f9 il occupera notamment le poste de coordinateur des projets innovation. En 2019, il int\u00e8gre Kepler, cabinet de conseil en management, o\u00f9 il occupera le poste de directeur pendant 3 ans.<\/p>\n<p>Bas\u00e9 \u00e0 Toulouse et Paris en France, le groupe Cylad \u00ab\u00a0accompagne les dirigeants d\u2019entreprises industrielles, de toute taille, dans leur croissance, leur transformation et l\u2019am\u00e9lioration de leur performance\u00a0\u00bb. Il a aussi des bureaux \u00e0 Hambourg et Munich en Allemagne, Zurich (Pf\u00e4ffikon SZ) et Gen\u00e8ve en Suisse, Adela\u00efde et Sydney en Australie et Montr\u00e9al au Canada.<\/p>\n","protected":false},"excerpt":{"rendered":"Cylad, groupe de conseil en strat\u00e9gie et management dont le si\u00e8ge est \u00e0 Toulouse, vient d\u2019annoncer l\u2019arriv\u00e9e de&hellip;\n","protected":false},"author":2,"featured_media":373637,"comment_status":"","ping_status":"","sticky":false,"template":"","format":"standard","meta":{"footnotes":""},"categories":[2816],"tags":[1111,11,7516,52293,54183,1777,674,1011,27,2425,8657,12,2680,25,2312],"class_list":{"0":"post-410565","1":"post","2":"type-post","3":"status-publish","4":"format-standard","5":"has-post-thumbnail","7":"category-toulouse","8":"tag-actu","9":"tag-actualites","10":"tag-conseil","11":"tag-cosmetique","12":"tag-cylad","13":"tag-eu","14":"tag-europe","15":"tag-fr","16":"tag-france","17":"tag-luxe","18":"tag-management","19":"tag-news","20":"tag-occitanie","21":"tag-republique-francaise","22":"tag-toulouse"},"share_on_mastodon":{"url":"https:\/\/pubeurope.com\/@fr\/115250524638462825","error":""},"_links":{"self":[{"href":"https:\/\/www.europesays.com\/fr\/wp-json\/wp\/v2\/posts\/410565","targetHints":{"allow":["GET"]}}],"collection":[{"href":"https:\/\/www.europesays.com\/fr\/wp-json\/wp\/v2\/posts"}],"about":[{"href":"https:\/\/www.europesays.com\/fr\/wp-json\/wp\/v2\/types\/post"}],"author":[{"embeddable":true,"href":"https:\/\/www.europesays.com\/fr\/wp-json\/wp\/v2\/users\/2"}],"replies":[{"embeddable":true,"href":"https:\/\/www.europesays.com\/fr\/wp-json\/wp\/v2\/comments?post=410565"}],"version-history":[{"count":0,"href":"https:\/\/www.europesays.com\/fr\/wp-json\/wp\/v2\/posts\/410565\/revisions"}],"wp:featuredmedia":[{"embeddable":true,"href":"https:\/\/www.europesays.com\/fr\/wp-json\/wp\/v2\/media\/373637"}],"wp:attachment":[{"href":"https:\/\/www.europesays.com\/fr\/wp-json\/wp\/v2\/media?parent=410565"}],"wp:term":[{"taxonomy":"category","embeddable":true,"href":"https:\/\/www.europesays.com\/fr\/wp-json\/wp\/v2\/categories?post=410565"},{"taxonomy":"post_tag","embeddable":true,"href":"https:\/\/www.europesays.com\/fr\/wp-json\/wp\/v2\/tags?post=410565"}],"curies":[{"name":"wp","href":"https:\/\/api.w.org\/{rel}","templated":true}]}}