{"id":410570,"date":"2025-09-22T23:26:11","date_gmt":"2025-09-22T23:26:11","guid":{"rendered":"https:\/\/www.europesays.com\/fr\/410570\/"},"modified":"2025-09-22T23:26:11","modified_gmt":"2025-09-22T23:26:11","slug":"deux-suspects-arretes-dont-un-mineur","status":"publish","type":"post","link":"https:\/\/www.europesays.com\/fr\/410570\/","title":{"rendered":"deux suspects arr\u00eat\u00e9s, dont un mineur"},"content":{"rendered":"<p>Ce serait un braquage qui a mal tourn\u00e9. Le matin du 21 juin 2025, Ridaa B, un producteur de p\u00eaches achevait de charger son camion pour rentrer chez lui, lorsqu&rsquo;il a \u00e9t\u00e9 <a href=\"https:\/\/www.laprovence.com\/article\/faits-divers-justice\/53340374809422\/vendeur-de-peches-tue-au-min-ridaa-41-ans-pere-de-famille-et-vraie-pate-abattu-pour-un-sac-dargent\" target=\"_blank\" rel=\"noopener\">abattu<\/a> au beau milieu du March\u00e9 d&rsquo;int\u00e9r\u00eat national (MIN) des Arnavaux, dans le 14e arrondissement de Marseille.<\/p>\n<p>Co-g\u00e9rant d&rsquo;une coop\u00e9rative de fruits et l\u00e9gumes, il transportait alors la recette de la semaine dans une sacoche, soit pr\u00e8s de 15 000\u20ac. Mais peu apr\u00e8s 7\u00a0h du matin, une voiture s&rsquo;est arr\u00eat\u00e9e devant lui et un homme encagoul\u00e9 a surgi de l&rsquo;habitacle en courant pour lui arracher le sac. C&rsquo;est alors qu&rsquo;un coup de feu a retenti. Tandis que le quadrag\u00e9naire <a href=\"https:\/\/www.laprovence.com\/article\/faits-divers-justice\/1044874289538514\/un-jeune-homme-tue-par-balle-devant-un-snack-a-la-bricarde-cette-nuit-a-marseille\" target=\"_blank\" rel=\"noopener\">succombait<\/a> \u00e0 ses blessures, l&rsquo;agresseur est reparti \u00e0 bord de la voiture, une Renault Captur conduite par un complice. Le v\u00e9hicule sera retrouv\u00e9 carbonis\u00e9 \u00e0 la Penne-sur-Huveaune un peu plus tard dans la journ\u00e9e.\u00a0<\/p>\n<p>L&rsquo;enqu\u00eate a \u00e9t\u00e9 confi\u00e9e \u00e0 la Brigade de r\u00e9pression du Banditisme de Marseille (BRB). Si aucun \u00e9tui de munition n&rsquo;a \u00e9t\u00e9 retrouv\u00e9 sur place, laissant penser que <a href=\"https:\/\/www.laprovence.com\/article\/faits-divers-justice\/14485936404315\/andre-cermolacce-alias-gros-dede-figure-du-grand-banditisme-abattu-de-trois-balles-dans-la-tete-a-marseille\" target=\"_blank\" rel=\"noopener\">l&rsquo;arme<\/a> utilis\u00e9e \u00e9tait un revolver, une bonne partie du butin &#8211; soit plusieurs milliers d&rsquo;euros &#8211; gisait encore sur les lieux du crime.<\/p>\n<p>En parall\u00e8le, la carcasse de la Renault a \u00e9t\u00e9 pass\u00e9e au peigne fin par les agents de la police technique et scientifique. Le trajet entre le MIN et le lieu de sa d\u00e9couverte a \u00e9galement \u00e9t\u00e9 remont\u00e9 gr\u00e2ce aux enregistrements des cam\u00e9ras de vid\u00e9osurveillance. Autant d&rsquo;\u00e9l\u00e9ments coupl\u00e9s aux habituels recoupements de t\u00e9l\u00e9phonie qui ont permis d&rsquo;identifier deux suspects particuli\u00e8rement jeunes.<\/p>\n<p>Les deux suspects incarc\u00e9r\u00e9s<\/p>\n<p>Selon nos informations, l&rsquo;un d&rsquo;eux, \u00e2g\u00e9 de 18 ans, et seulement connu de la police, jusqu&rsquo;\u00e0 pr\u00e9sent, pour usage de stup\u00e9fiants, avait pris le soin de se faire oublier quelques semaines en partant \u00e0 l&rsquo;\u00e9tranger. Mais il a \u00e9t\u00e9 interpell\u00e9 sur la voie publique d\u00e8s son retour, le 15 septembre 2025 et plac\u00e9 en garde \u00e0 vue.<\/p>\n<p>Un second suspect, \u00e2g\u00e9 lui de seulement 16 ans et connu pour des faits li\u00e9s aux stup\u00e9fiants, a \u00e9t\u00e9 retrouv\u00e9 un peu plus tard&#8230; \u00e0 l&rsquo;\u00e9tablissement pour mineurs (EPM) de la Valentine, o\u00f9 il a \u00e9t\u00e9 interpell\u00e9.<\/p>\n<p>Si le premier suspect s&rsquo;est born\u00e9 \u00e0 nier les faits en garde \u00e0 vue, l&rsquo;adolescent a, lui, fini par reconna\u00eetre qu&rsquo;il \u00e9tait l&rsquo;auteur du coup de feu mortel.\u00a0<\/p>\n<p>Tous deux ont \u00e9t\u00e9 mis en examen par le juge d&rsquo;instruction en charge du dossier pour homicide volontaire et vol avec arme en bande organis\u00e9e, ainsi qu&rsquo;association de malfaiteur en vue de la pr\u00e9paration de crimes en bande organis\u00e9e. Ils ont, depuis, \u00e9t\u00e9 plac\u00e9s en d\u00e9tention provisoire.<\/p>\n","protected":false},"excerpt":{"rendered":"Ce serait un braquage qui a mal tourn\u00e9. Le matin du 21 juin 2025, Ridaa B, un producteur&hellip;\n","protected":false},"author":2,"featured_media":410571,"comment_status":"","ping_status":"","sticky":false,"template":"","format":"standard","meta":{"footnotes":""},"categories":[2814],"tags":[17,1111,11,4070,1777,674,274,1011,27,884,54185,12,33196,882,25,16069,5911,22856],"class_list":{"0":"post-410570","1":"post","2":"type-post","3":"status-publish","4":"format-standard","5":"has-post-thumbnail","7":"category-marseille","8":"tag-17","9":"tag-actu","10":"tag-actualites","11":"tag-deux","12":"tag-eu","13":"tag-europe","14":"tag-faits-divers-justice","15":"tag-fr","16":"tag-france","17":"tag-marseille","18":"tag-min","19":"tag-news","20":"tag-peches","21":"tag-provence-alpes-cote-dazur","22":"tag-republique-francaise","23":"tag-suspects","24":"tag-tue","25":"tag-vendeur"},"share_on_mastodon":{"url":"https:\/\/pubeurope.com\/@fr\/115250540394532362","error":""},"_links":{"self":[{"href":"https:\/\/www.europesays.com\/fr\/wp-json\/wp\/v2\/posts\/410570","targetHints":{"allow":["GET"]}}],"collection":[{"href":"https:\/\/www.europesays.com\/fr\/wp-json\/wp\/v2\/posts"}],"about":[{"href":"https:\/\/www.europesays.com\/fr\/wp-json\/wp\/v2\/types\/post"}],"author":[{"embeddable":true,"href":"https:\/\/www.europesays.com\/fr\/wp-json\/wp\/v2\/users\/2"}],"replies":[{"embeddable":true,"href":"https:\/\/www.europesays.com\/fr\/wp-json\/wp\/v2\/comments?post=410570"}],"version-history":[{"count":0,"href":"https:\/\/www.europesays.com\/fr\/wp-json\/wp\/v2\/posts\/410570\/revisions"}],"wp:featuredmedia":[{"embeddable":true,"href":"https:\/\/www.europesays.com\/fr\/wp-json\/wp\/v2\/media\/410571"}],"wp:attachment":[{"href":"https:\/\/www.europesays.com\/fr\/wp-json\/wp\/v2\/media?parent=410570"}],"wp:term":[{"taxonomy":"category","embeddable":true,"href":"https:\/\/www.europesays.com\/fr\/wp-json\/wp\/v2\/categories?post=410570"},{"taxonomy":"post_tag","embeddable":true,"href":"https:\/\/www.europesays.com\/fr\/wp-json\/wp\/v2\/tags?post=410570"}],"curies":[{"name":"wp","href":"https:\/\/api.w.org\/{rel}","templated":true}]}}