{"id":410574,"date":"2025-09-22T23:28:21","date_gmt":"2025-09-22T23:28:21","guid":{"rendered":"https:\/\/www.europesays.com\/fr\/410574\/"},"modified":"2025-09-22T23:28:21","modified_gmt":"2025-09-22T23:28:21","slug":"larrivee-de-lenseigne-pop-mart","status":"publish","type":"post","link":"https:\/\/www.europesays.com\/fr\/410574\/","title":{"rendered":"l\u2019arriv\u00e9e de l\u2019enseigne Pop Mart"},"content":{"rendered":"<p>Une nouvelle ouverture se pr\u00e9pare du c\u00f4t\u00e9 du centre commercial Westfield La Part-Dieu. L\u2019enseigne chinoise Pop Mart s\u2019appr\u00eate en effet \u00e0 accueillir ses premiers clients. Le rendez-vous sera donn\u00e9 \u00e0 partir de ce vendredi 26 septembre \u00e0 partir de 9h30. De quoi r\u00e9jouir les amateurs de jouets \u00e0 collectionner.<\/p>\n<p>Il s\u2019agira en effet de la premi\u00e8re boutique lyonnaise de l\u2019enseigne Pop Mart sp\u00e9cialis\u00e9e dans la conception et la vente de figurines et de produits d\u00e9riv\u00e9s. Les plus populaires d\u2019entre eux sont incontestablement les \u00ab\u00a0Labubus\u00a0\u00bb, des petites peluches en forme de monstres aux oreilles pointues. Ces derni\u00e8res font fureur dans les cours de r\u00e9cr\u00e9ation mais pas seulement\u2026 Des personnalit\u00e9s ne manquent \u00e9galement pas de s\u2019afficher avec cette peluche devenue virale.<\/p>\n<p>La particularit\u00e9 de Pop Mart est \u00e9galement de proposer ses produits sans que les acheteurs ne sachent \u00e0 quoi ils ressemblent exactement comme la couleur ou encore la forme. Certaines peluches sont aussi tr\u00e8s rares et peuvent se revendre \u00e0 plusieurs centaines d\u2019euros\u2026<\/p>\n<p>\u00ab\u00a0Lyon est une ville c\u00e9l\u00e9br\u00e9e pour sa richesse culturelle et son esprit cr\u00e9atif. C\u2019est aussi le berceau de Saint-Exup\u00e9ry, dont le Petit Prince continue d\u2019inspirer le monde entier. Ouvrir notre premi\u00e8re boutique ici est une \u00e9tape majeure pour Pop Mart, et nous sommes impatients de partager notre univers de figurines avec la communaut\u00e9. Nous esp\u00e9rons que chaque visiteur repartira inspir\u00e9 et ravi\u00a0\u00bb, assure Peter Shipman, le directeur Europe et directeur g\u00e9n\u00e9ral de Pop Mart.\u00a0<\/p>\n<p>Cette ouverture devrait sans surprise attirer de nombreux visiteurs.<\/p>\n<blockquote class=\"instagram-media\" style=\"background: #FFF; border: 0; border-radius: 3px; box-shadow: 0 0 1px 0 rgba(0,0,0,0.5),0 1px 10px 0 rgba(0,0,0,0.15); margin: 1px; max-width: 540px; min-width: 326px; padding: 0; width: calc(100% - 2px);\" data-instgrm-captioned=\"\" data-instgrm-permalink=\"https:\/\/www.instagram.com\/p\/DOQNsGLDSFY\/?utm_source=ig_embed&amp;utm_campaign=loading\" data-instgrm-version=\"14\"><p>&#13;<br \/>\n&#13;\n<\/p><\/blockquote>\n<p>\t\t  <script async src=\"\/\/www.instagram.com\/embed.js\"><\/script><\/p>\n","protected":false},"excerpt":{"rendered":"Une nouvelle ouverture se pr\u00e9pare du c\u00f4t\u00e9 du centre commercial Westfield La Part-Dieu. L\u2019enseigne chinoise Pop Mart s\u2019appr\u00eate&hellip;\n","protected":false},"author":2,"featured_media":410575,"comment_status":"","ping_status":"","sticky":false,"template":"","format":"standard","meta":{"footnotes":""},"categories":[1889],"tags":[1111,11,2813,2190,2430,1109,251,1112,2811,1777,674,118,1294,4651,1011,27,1922,1110,1114,2428,4903,4902,12,241,316,25,2812,517,800],"class_list":{"0":"post-410574","1":"post","2":"type-post","3":"status-publish","4":"format-standard","5":"has-post-thumbnail","7":"category-lyon","8":"tag-actu","9":"tag-actualites","10":"tag-article","11":"tag-asvel","12":"tag-auvergne-rhone-alpes","13":"tag-breves","14":"tag-culture","15":"tag-depeches","16":"tag-economique","17":"tag-eu","18":"tag-europe","19":"tag-faits-divers","20":"tag-femme","21":"tag-femmes","22":"tag-fr","23":"tag-france","24":"tag-info","25":"tag-informations","26":"tag-infos","27":"tag-lyon","28":"tag-lyonfemme","29":"tag-lyonfemmes","30":"tag-news","31":"tag-ol","32":"tag-politique","33":"tag-republique-francaise","34":"tag-sociale","35":"tag-sport","36":"tag-transports"},"share_on_mastodon":{"url":"https:\/\/pubeurope.com\/@fr\/115250548402125525","error":""},"_links":{"self":[{"href":"https:\/\/www.europesays.com\/fr\/wp-json\/wp\/v2\/posts\/410574","targetHints":{"allow":["GET"]}}],"collection":[{"href":"https:\/\/www.europesays.com\/fr\/wp-json\/wp\/v2\/posts"}],"about":[{"href":"https:\/\/www.europesays.com\/fr\/wp-json\/wp\/v2\/types\/post"}],"author":[{"embeddable":true,"href":"https:\/\/www.europesays.com\/fr\/wp-json\/wp\/v2\/users\/2"}],"replies":[{"embeddable":true,"href":"https:\/\/www.europesays.com\/fr\/wp-json\/wp\/v2\/comments?post=410574"}],"version-history":[{"count":0,"href":"https:\/\/www.europesays.com\/fr\/wp-json\/wp\/v2\/posts\/410574\/revisions"}],"wp:featuredmedia":[{"embeddable":true,"href":"https:\/\/www.europesays.com\/fr\/wp-json\/wp\/v2\/media\/410575"}],"wp:attachment":[{"href":"https:\/\/www.europesays.com\/fr\/wp-json\/wp\/v2\/media?parent=410574"}],"wp:term":[{"taxonomy":"category","embeddable":true,"href":"https:\/\/www.europesays.com\/fr\/wp-json\/wp\/v2\/categories?post=410574"},{"taxonomy":"post_tag","embeddable":true,"href":"https:\/\/www.europesays.com\/fr\/wp-json\/wp\/v2\/tags?post=410574"}],"curies":[{"name":"wp","href":"https:\/\/api.w.org\/{rel}","templated":true}]}}