{"id":410583,"date":"2025-09-22T23:33:15","date_gmt":"2025-09-22T23:33:15","guid":{"rendered":"https:\/\/www.europesays.com\/fr\/410583\/"},"modified":"2025-09-22T23:33:15","modified_gmt":"2025-09-22T23:33:15","slug":"le-couple-soffre-une-sortie-en-amoureux-a-paris-dans-un-lieu-inattendu","status":"publish","type":"post","link":"https:\/\/www.europesays.com\/fr\/410583\/","title":{"rendered":"le couple s&rsquo;offre une sortie en amoureux \u00e0 Paris dans un lieu inattendu"},"content":{"rendered":"<p class=\"mb-4 text-lg md:leading-8 break-words\">Julie Gayet et Fran\u00e7ois Hollande ont \u00e9t\u00e9 aper\u00e7us au march\u00e9 \u00e0 Paris ce dimanche 21 septembre, comme l\u2019a d\u00e9voil\u00e9 \u00ab\u00a0Closer\u00a0\u00bb sur son compte Instagram. Une petite sortie en amoureux pour le couple qui a profit\u00e9 d\u2019une balade matinale loin des projecteurs. L\u2019ancien pr\u00e9sident \u00e9tant un fin cuisinier, a-t-il fait des courses pour pr\u00e9parer un bon repas \u00e0 sa femme ?<\/p>\n<p class=\"mb-4 text-lg md:leading-8 break-words\">Fran\u00e7ois Hollande opte pour la simplicit\u00e9 et il le fait savoir. <strong>Ce dimanche 21 septembre, <\/strong><a href=\"https:\/\/www.purepeople.com\/people\/julie-gayet_p323\" rel=\"nofollow noopener\" target=\"_blank\" data-ylk=\"slk:Julie Gayet;elm:context_link;itc:0;sec:content-canvas\" class=\"link \"><strong>Julie Gayet <\/strong><\/a><strong>et son mari ont surpris les parisiens qui se trouvaient dans un march\u00e9 parisien.<\/strong> En effet, le couple a d\u00e9ambul\u00e9 dans les ann\u00e9es entre les l\u00e9gumes frais et les petits plaisirs gourmands, comme l\u2019a d\u00e9voil\u00e9 Closer sur son compte Instagram. Une balade matinale loin des projecteurs et durant laquelle ils ont pu faire leurs courses. Des images qui montrent <a href=\"https:\/\/fr.news.yahoo.com\/jai-rencontr%C3%A9-fran%C3%A7ois-hollande-julie-210000119.html\" data-ylk=\"slk:qu\u2019en tant qu\u2019ancien pr\u00e9sident de la R\u00e9publique;elm:context_link;itc:0;sec:content-canvas;outcm:mb_qualified_link;_E:mb_qualified_link;ct:story;\" class=\"link  yahoo-link\" target=\"_blank\" rel=\"noopener\">qu\u2019en tant qu\u2019ancien pr\u00e9sident de la R\u00e9publique<\/a>,<a href=\"https:\/\/www.purepeople.com\/people\/francois-hollande_p984\" rel=\"nofollow noopener\" target=\"_blank\" data-ylk=\"slk:Fran\u00e7ois Hollande;elm:context_link;itc:0;sec:content-canvas\" class=\"link \"> Fran\u00e7ois Hollande<\/a> souhaite laisser les paillettes et les strass de c\u00f4t\u00e9. D\u00e9sormais, il pr\u00e9f\u00e8re opter pour la simplicit\u00e9.<\/p>\n<p class=\"mb-4 text-lg md:leading-8 break-words\">Depuis 2012, l\u2019ann\u00e9e de leur rencontre, Fran\u00e7ois Hollande et Julie Gayet ont beaucoup fait parler dans les m\u00e9dias. <strong>C\u2019est en 2014 que leur relation a \u00e9t\u00e9 r\u00e9v\u00e9l\u00e9e au grand jour et, malgr\u00e9 la m\u00e9diatisation dont ils font tous les deux l\u2019objet, le couple parvient \u00e0 rester discret. <\/strong>Leur mariage a \u00e9t\u00e9 ensuite c\u00e9l\u00e9br\u00e9 \u00e0 Tulle en juin 2022, loin des cam\u00e9ras et des projecteurs. Personnalit\u00e9s publiques, tous deux souhaitent pr\u00e9server leur amour et<a href=\"https:\/\/fr.news.yahoo.com\/julie-gayet-fran%C3%A7ois-hollande-posent-203500458.html\" data-ylk=\"slk:ne s\u2019\u00e9panchent presque jamais sur leur relation;elm:context_link;itc:0;sec:content-canvas;outcm:mb_qualified_link;_E:mb_qualified_link;ct:story;\" class=\"link  yahoo-link\" target=\"_blank\" rel=\"noopener\"> ne s\u2019\u00e9panchent presque jamais sur leur relation<\/a>. \u00a0Avec cette sortie, ils ont prouv\u00e9 une nouvelle fois qu&rsquo;ils ont un couple comme les autres\u2026 qui fait ses courses pour pr\u00e9parer de bons petits plats.<\/p>\n<p class=\"mb-4 text-lg md:leading-8 break-words\">Fran\u00e7ois Hollande : un fin cuisinier qui ravit Julie Gayet<\/p>\n<p class=\"mb-4 text-lg md:leading-8 break-words\">Cette sortie au march\u00e9 rappelle les confidences faites par Julie Gayet dans l\u2019\u00e9mission <a href=\"https:\/\/www.youtube.com\/shorts\/Ou3UmeXHKrM\" rel=\"nofollow noopener\" target=\"_blank\" data-ylk=\"slk:C \u00e0 Vous;elm:context_link;itc:0;sec:content-canvas\" class=\"link \">C \u00e0 Vous<\/a> en mars dernier. Cette derni\u00e8re avait fait savoir que <a href=\"https:\/\/fr.news.yahoo.com\/ne-pense-soit-r%C3%B4le-fran%C3%A7ois-144100749.html\" data-ylk=\"slk:son mari avait pour habitude de cuisiner;elm:context_link;itc:0;sec:content-canvas;outcm:mb_qualified_link;_E:mb_qualified_link;ct:story;\" class=\"link  yahoo-link\" target=\"_blank\" rel=\"noopener\">son mari avait pour habitude de cuisiner<\/a>. \u201cJ\u2019ai vu qu\u2019il cuisinait extr\u00eamement bien et je me suis dit \u00ab\u00a0Ah mais \u00e7a, c\u2019est fabuleux\u00a0\u00bb, a-t-elle fait savoir. <strong>Face \u00e0 Eloy Spinnler dans une vid\u00e9o partag\u00e9e sur Youtube, la femme de Fran\u00e7ois Hollande s\u2019\u00e9tait d\u00e9j\u00e0 confi\u00e9e \u00e0 ce sujet : <\/strong><strong>\u201c\u00c7a va avec, pour lui ; il fait le march\u00e9 et la cuisine. Moi, je ne fais rien, je ne vais m\u00eame pas au supermarch\u00e9\u201d, <\/strong><strong>avait-elle fait savoir.<\/strong> Une r\u00e9partition des t\u00e2ches qui semble aller \u00e0 ravir \u00e0<a href=\"https:\/\/www.purepeople.com\/people\/julie-gayet_p323\" rel=\"nofollow noopener\" target=\"_blank\" data-ylk=\"slk:Julie Gayet;elm:context_link;itc:0;sec:content-canvas\" class=\"link \"> Julie Gayet<\/a>. Elle fait ensuite savoir qu\u2019elle avait pour habitude de simplement mettre et d\u00e9barrasser la table, laissant le reste \u00e0 Fran\u00e7ois Hollande.<\/p>\n<p class=\"mb-4 text-lg md:leading-8 break-words\"><a href=\"https:\/\/www.purepeople.com\/article\/julie-gayet-avec-son-epoux-de-bon-matin-le-couple-soffre-une-sortie-en-amoureux-a-paris-dans-un-lieu-inattendu_a542764\/1\" rel=\"nofollow noopener\" target=\"_blank\" data-ylk=\"slk:Article original sur Purepeople;elm:context_link;itc:0;sec:content-canvas\" class=\"link \">Article original sur Purepeople<\/a><\/p>\n","protected":false},"excerpt":{"rendered":"Julie Gayet et Fran\u00e7ois Hollande ont \u00e9t\u00e9 aper\u00e7us au march\u00e9 \u00e0 Paris ce dimanche 21 septembre, comme l\u2019a&hellip;\n","protected":false},"author":2,"featured_media":410584,"comment_status":"","ping_status":"","sticky":false,"template":"","format":"standard","meta":{"footnotes":""},"categories":[1888],"tags":[1111,1928,11,1927,1777,674,1011,27,3082,54186,54188,12,1926,626,1925,10253,54187,25],"class_list":{"0":"post-410583","1":"post","2":"type-post","3":"status-publish","4":"format-standard","5":"has-post-thumbnail","7":"category-paris","8":"tag-actu","9":"tag-actu-paris","10":"tag-actualites","11":"tag-actualites-paris","12":"tag-eu","13":"tag-europe","14":"tag-fr","15":"tag-france","16":"tag-francois-hollande","17":"tag-julie-gayet","18":"tag-le-couple","19":"tag-news","20":"tag-news-paris","21":"tag-paris","22":"tag-paris-news","23":"tag-president-de-la-republique","24":"tag-repartition-des-taches","25":"tag-republique-francaise"},"share_on_mastodon":{"url":"https:\/\/pubeurope.com\/@fr\/115250567864810750","error":""},"_links":{"self":[{"href":"https:\/\/www.europesays.com\/fr\/wp-json\/wp\/v2\/posts\/410583","targetHints":{"allow":["GET"]}}],"collection":[{"href":"https:\/\/www.europesays.com\/fr\/wp-json\/wp\/v2\/posts"}],"about":[{"href":"https:\/\/www.europesays.com\/fr\/wp-json\/wp\/v2\/types\/post"}],"author":[{"embeddable":true,"href":"https:\/\/www.europesays.com\/fr\/wp-json\/wp\/v2\/users\/2"}],"replies":[{"embeddable":true,"href":"https:\/\/www.europesays.com\/fr\/wp-json\/wp\/v2\/comments?post=410583"}],"version-history":[{"count":0,"href":"https:\/\/www.europesays.com\/fr\/wp-json\/wp\/v2\/posts\/410583\/revisions"}],"wp:featuredmedia":[{"embeddable":true,"href":"https:\/\/www.europesays.com\/fr\/wp-json\/wp\/v2\/media\/410584"}],"wp:attachment":[{"href":"https:\/\/www.europesays.com\/fr\/wp-json\/wp\/v2\/media?parent=410583"}],"wp:term":[{"taxonomy":"category","embeddable":true,"href":"https:\/\/www.europesays.com\/fr\/wp-json\/wp\/v2\/categories?post=410583"},{"taxonomy":"post_tag","embeddable":true,"href":"https:\/\/www.europesays.com\/fr\/wp-json\/wp\/v2\/tags?post=410583"}],"curies":[{"name":"wp","href":"https:\/\/api.w.org\/{rel}","templated":true}]}}