{"id":410589,"date":"2025-09-22T23:36:18","date_gmt":"2025-09-22T23:36:18","guid":{"rendered":"https:\/\/www.europesays.com\/fr\/410589\/"},"modified":"2025-09-22T23:36:18","modified_gmt":"2025-09-22T23:36:18","slug":"en-video-la-russie-veut-faire-exploser-sa-capacite-de-production-de-drones-kamikazes-voici-comment","status":"publish","type":"post","link":"https:\/\/www.europesays.com\/fr\/410589\/","title":{"rendered":"En vid\u00e9o \u2013 La Russie veut faire exploser sa capacit\u00e9 de production de drones kamikazes, voici comment"},"content":{"rendered":"<p>Avoir 17\u00a0ans et assembler des drones kamikazes, c\u2019est normal en Russie. Les \u00e9tudiants de l\u2019Ecole polytechnique d\u2019Alabuga, dans la r\u00e9gion du Tatarstan, travaillent en dehors des heures de cours \u00e0 la production de drones destin\u00e9s \u00e0 la guerre en Ukraine, cumulant parfois 12 heures de travail par jour.<\/p>\n<p>La Russie manque de main d\u2019\u0153uvre et doit se tourner vers la migration, <a href=\"https:\/\/ria.ru\/20250528\/rossija-2019453464.html\" rel=\"nofollow noopener\" target=\"_blank\">comme l\u2019affirme<\/a> le vice-premier ministre Alexe\u00ef Overchuk. \u00abLa situation d\u00e9mographique, la demande de main-d\u2019\u0153uvre et son co\u00fbt sont tels que le d\u00e9veloppement \u00e9conomique et la ma\u00eetrise de l\u2019inflation n\u00e9cessitent le recrutement de travailleurs migrants.\u00bb<\/p>\n","protected":false},"excerpt":{"rendered":"Avoir 17\u00a0ans et assembler des drones kamikazes, c\u2019est normal en Russie. Les \u00e9tudiants de l\u2019Ecole polytechnique d\u2019Alabuga, dans&hellip;\n","protected":false},"author":2,"featured_media":410590,"comment_status":"","ping_status":"","sticky":false,"template":"","format":"standard","meta":{"footnotes":""},"categories":[1591],"tags":[11,1887,12,301,1885,1886,132,220],"class_list":{"0":"post-410589","1":"post","2":"type-post","3":"status-publish","4":"format-standard","5":"has-post-thumbnail","7":"category-russie","8":"tag-actualites","9":"tag-federation-de-russie","10":"tag-news","11":"tag-premium","12":"tag-russia","13":"tag-russian-federation","14":"tag-russie","15":"tag-ukraine"},"share_on_mastodon":{"url":"https:\/\/pubeurope.com\/@fr\/115250579739171890","error":""},"_links":{"self":[{"href":"https:\/\/www.europesays.com\/fr\/wp-json\/wp\/v2\/posts\/410589","targetHints":{"allow":["GET"]}}],"collection":[{"href":"https:\/\/www.europesays.com\/fr\/wp-json\/wp\/v2\/posts"}],"about":[{"href":"https:\/\/www.europesays.com\/fr\/wp-json\/wp\/v2\/types\/post"}],"author":[{"embeddable":true,"href":"https:\/\/www.europesays.com\/fr\/wp-json\/wp\/v2\/users\/2"}],"replies":[{"embeddable":true,"href":"https:\/\/www.europesays.com\/fr\/wp-json\/wp\/v2\/comments?post=410589"}],"version-history":[{"count":0,"href":"https:\/\/www.europesays.com\/fr\/wp-json\/wp\/v2\/posts\/410589\/revisions"}],"wp:featuredmedia":[{"embeddable":true,"href":"https:\/\/www.europesays.com\/fr\/wp-json\/wp\/v2\/media\/410590"}],"wp:attachment":[{"href":"https:\/\/www.europesays.com\/fr\/wp-json\/wp\/v2\/media?parent=410589"}],"wp:term":[{"taxonomy":"category","embeddable":true,"href":"https:\/\/www.europesays.com\/fr\/wp-json\/wp\/v2\/categories?post=410589"},{"taxonomy":"post_tag","embeddable":true,"href":"https:\/\/www.europesays.com\/fr\/wp-json\/wp\/v2\/tags?post=410589"}],"curies":[{"name":"wp","href":"https:\/\/api.w.org\/{rel}","templated":true}]}}