{"id":410591,"date":"2025-09-22T23:37:12","date_gmt":"2025-09-22T23:37:12","guid":{"rendered":"https:\/\/www.europesays.com\/fr\/410591\/"},"modified":"2025-09-22T23:37:12","modified_gmt":"2025-09-22T23:37:12","slug":"apres-trois-ans-de-mobilisation-la-russie-maintient-la-pression-sur-sa-population","status":"publish","type":"post","link":"https:\/\/www.europesays.com\/fr\/410591\/","title":{"rendered":"Apr\u00e8s trois ans de mobilisation, la Russie maintient la pression sur sa population"},"content":{"rendered":"\n<p>\u201cJ\u2019attends que le minist\u00e8re de la D\u00e9fense se r\u00e9veille et ram\u00e8ne les gars \u00e0 la maison\u00a0!\u201d C\u2019est le cri qu\u2019a lanc\u00e9 la m\u00e8re d\u2019un soldat russe mobilis\u00e9, pr\u00e9nomm\u00e9e Lidiya, lors de son arrestation violente par les forces de l\u2019ordre devant le minist\u00e8re de la D\u00e9fense, \u00e0 Moscou, le jour du troisi\u00e8me anniversaire de la \u201cmobilisation partielle\u201d en Russie. Sur les images <a href=\"https:\/\/vot-tak.tv\/89046000\/mat-mobilizovannogo-zaderzhana-za-piket-minobony\" target=\"_blank\" rel=\"noopener\">relay\u00e9es par le m\u00e9dia ind\u00e9pendant russophone <strong>VotTak<\/strong><\/a><strong>,<\/strong> affili\u00e9 \u00e0 la cha\u00eene bi\u00e9lorusse Belsat, on la voit couverte de d\u00e9corations militaires, brandissant une pancarte\u00a0: \u201c21.09.2022-21.09.2025\u201d.<\/p>\n<p>\u201cCela fait trois ans qu\u2019ils sont au front, et tout ce qu\u2019on dit ou fait est consid\u00e9r\u00e9 comme une tentative de discr\u00e9diter le minist\u00e8re de la D\u00e9fense. M\u00eame lorsqu\u2019une m\u00e8re demande que son fils rentre chez lui\u201d, a-t-elle d\u00e9nonc\u00e9, r\u00e9sumant \u00e0 elle seule le silence qui entoure\u00a0cette mobilisation, officiellement close, mais juridiquement toujours en vigueur.<\/p>\n<p>Car, contrairement \u00e0 ce qu\u2019avaient affirm\u00e9 les autorit\u00e9s d\u00e8s octobre 2022, le d\u00e9cret sign\u00e9 par Vladimir Poutine n\u2019a jamais \u00e9t\u00e9 annul\u00e9. Il a permis de <a href=\"https:\/\/www.courrierinternational.com\/article\/discours-poutine-declare-une-guerre-partielle-a-l-ukraine-et-met-en-garde-l-otan\" target=\"_blank\" rel=\"noopener\">mobiliser environ 300\u00a0000 r\u00e9servistes<\/a>, et reste techniquement actif, <a class=\"ithalc\" data-ithal=\"lien_externe\" data-ithalc=\"[nav_article]\" target=\"_blank\" href=\"https:\/\/novayagazeta.eu\/articles\/2025\/09\/21\/tri-goda-nazad-nachalas-mobilizatsiia\" rel=\"noopener\">rappelle <strong>Nova\u00efa Gazeta Europe<\/strong><\/a><strong>.<\/strong> Plus aucune convocation officielle n\u2019a \u00e9t\u00e9 envoy\u00e9e depuis l\u2019automne 2022, mais les recrutements se poursuivent, sous d\u2019autres formes.<\/p>\n<p> Environ 1  <\/p>\n","protected":false},"excerpt":{"rendered":"\u201cJ\u2019attends que le minist\u00e8re de la D\u00e9fense se r\u00e9veille et ram\u00e8ne les gars \u00e0 la maison\u00a0!\u201d C\u2019est le&hellip;\n","protected":false},"author":2,"featured_media":410592,"comment_status":"","ping_status":"","sticky":false,"template":"","format":"standard","meta":{"footnotes":""},"categories":[1590],"tags":[11,1777,674,1892,131,12,132,1857,220],"class_list":{"0":"post-410591","1":"post","2":"type-post","3":"status-publish","4":"format-standard","5":"has-post-thumbnail","7":"category-ukraine","8":"tag-actualites","9":"tag-eu","10":"tag-europe","11":"tag-gu00e9opolitique","12":"tag-guerre-en-ukraine","13":"tag-news","14":"tag-russie","15":"tag-sociu00e9tu00e9","16":"tag-ukraine"},"share_on_mastodon":{"url":"https:\/\/pubeurope.com\/@fr\/115250583617404422","error":""},"_links":{"self":[{"href":"https:\/\/www.europesays.com\/fr\/wp-json\/wp\/v2\/posts\/410591","targetHints":{"allow":["GET"]}}],"collection":[{"href":"https:\/\/www.europesays.com\/fr\/wp-json\/wp\/v2\/posts"}],"about":[{"href":"https:\/\/www.europesays.com\/fr\/wp-json\/wp\/v2\/types\/post"}],"author":[{"embeddable":true,"href":"https:\/\/www.europesays.com\/fr\/wp-json\/wp\/v2\/users\/2"}],"replies":[{"embeddable":true,"href":"https:\/\/www.europesays.com\/fr\/wp-json\/wp\/v2\/comments?post=410591"}],"version-history":[{"count":0,"href":"https:\/\/www.europesays.com\/fr\/wp-json\/wp\/v2\/posts\/410591\/revisions"}],"wp:featuredmedia":[{"embeddable":true,"href":"https:\/\/www.europesays.com\/fr\/wp-json\/wp\/v2\/media\/410592"}],"wp:attachment":[{"href":"https:\/\/www.europesays.com\/fr\/wp-json\/wp\/v2\/media?parent=410591"}],"wp:term":[{"taxonomy":"category","embeddable":true,"href":"https:\/\/www.europesays.com\/fr\/wp-json\/wp\/v2\/categories?post=410591"},{"taxonomy":"post_tag","embeddable":true,"href":"https:\/\/www.europesays.com\/fr\/wp-json\/wp\/v2\/tags?post=410591"}],"curies":[{"name":"wp","href":"https:\/\/api.w.org\/{rel}","templated":true}]}}