{"id":410593,"date":"2025-09-22T23:38:14","date_gmt":"2025-09-22T23:38:14","guid":{"rendered":"https:\/\/www.europesays.com\/fr\/410593\/"},"modified":"2025-09-22T23:38:14","modified_gmt":"2025-09-22T23:38:14","slug":"le-president-syrien-al-charaa-rencontre-le-secretaire-detat-americain-rubio-a-new-york-anadolu-ajansi","status":"publish","type":"post","link":"https:\/\/www.europesays.com\/fr\/410593\/","title":{"rendered":"Le pr\u00e9sident syrien Al-Charaa rencontre le secr\u00e9taire d&#039;\u00c9tat am\u00e9ricain Rubio \u00e0 New York &#8211; Anadolu Ajans\u0131"},"content":{"rendered":"<ol>\n<li><a href=\"https:\/\/news.google.com\/rss\/articles\/CBMi5gFBVV95cUxOZzRpbDhOOXBUbWNLbXJ6ajNweElaTk44ZTFpZ0ktZzRXQV8yN0JLTlFxOV9BelJjY0ZTeGl2RDliVXRkNWUxa2RwWHdHaVpfUTZTQ2tmb0xkT0o2WmZVM0RvLXdWZm96djdzZHFYQzNJUGNCYTIxLXh2c28xN3Vqc2pSWHd6djRhUktJak9TR2Y5OF84YkdhWVJWVHBqYnFDUmlRSWRZV3psMkxqTEtGd1E3UlhFY1BoTXJPcVpmOHpxM3RJUUFvUEltQ0RnSURRbjJnM3o3RE5SUG9RWkVpbS1XQlZmZw?oc=5\" target=\"_blank\" rel=\"noopener\">Le pr\u00e9sident syrien Al-Charaa rencontre le secr\u00e9taire d&rsquo;\u00c9tat am\u00e9ricain Rubio \u00e0 New York<\/a>&nbsp;&nbsp;Anadolu Ajans\u0131<\/li>\n<li><a href=\"https:\/\/news.google.com\/rss\/articles\/CBMi1wFBVV95cUxQdmQtWXRGR2UtMy1oMnhFZFJiZG9UNWc3dkcyNGt4MXpOLThFTlVDM3NLSHY4andMaVl4dHhhdnFEZHdEdW03SlVJNy10T1p1TTRseVVrSE9oQzVveVJhZVBScTZCZzJpUU8xSHhJX1BpbDJVSElNVDBMZC1KVHhDdVo3d2NVNnBRQ29TZHFOWHJueTJnZW9nb1gtdHR1TVBaUV9QdXRmVGltdGtQTWZSa1BuNFBkNUVfSmIzb2xTQmVyLVJCOWxSTzdqR1RGUE94cGs2aVRaVQ?oc=5\" target=\"_blank\" rel=\"noopener\">Ahmed al-Charaa sera le premier pr\u00e9sident syrien \u00e0 s\u2019exprimer devant l&rsquo;Assembl\u00e9e g\u00e9n\u00e9rale de l&rsquo;ONU depuis 1967<\/a>&nbsp;&nbsp;Le Figaro<\/li>\n<li><a href=\"https:\/\/news.google.com\/rss\/articles\/CBMiogFBVV95cUxNcHJaWjdiZTdHNm9Id1QxZGluY0RYaFRLdFYwZU1uY1pvODhsdmJkUWRwcmQwN0hZXzN2WW56dDNoeGRTSWg4Q21mTHRpbWw2aktoWlZLYUlzWUlDQ3h4QUd0TDNOcG5KTGhKa3B4d051VC00OFR5SzZxdVFudDFFWkpGT3d0RkNZYl8wYUd6R2o0UG1PUnhLaVVQekNIVl9BMkE?oc=5\" target=\"_blank\" rel=\"noopener\">\u00c0 New York, Chareh joue un pari risqu\u00e9 avec Isra\u00ebl<\/a>&nbsp;&nbsp;L&rsquo;Orient-Le Jour<\/li>\n<li><a href=\"https:\/\/news.google.com\/rss\/articles\/CBMi0gFBVV95cUxPNkI2M3kwaUY3eVd0aXFVbXdwNmppWDVFaFUyRlVzRDZLZVBpNFplRElPMHhlY3ZfRUZUR21ZRVkwbXF6Y3ZPNDFUQkFzRE11dkdfbTQtcS1EbmNzZ3VPaUVERXpqbVpmUHBwWDduUVNGQ0Y5X1hWYlIweHRZb1VzVTljbDNtN25LelAzdWlaQ2dsVWpwc2V2bGdzakJEV0xTS3ZvMzJ0NGk5bE9vVndMQUNIcE5sUERLZExhTWFLVGU2RFdhak8zcHlYMXJYeXIyUFE?oc=5\" target=\"_blank\" rel=\"noopener\">Le chef de la diplomatie syrienne annonce se rendre \u00e0 Washington, une premi\u00e8re en 25 ans<\/a>&nbsp;&nbsp;RFI<\/li>\n<li><a href=\"https:\/\/news.google.com\/rss\/articles\/CBMiuwFBVV95cUxOS2pMSDd2bm9qcUcwdEg2WTBrUGtQRWtpb0wySGU1QUZFd05TYVJMV08xZWFiaVdUVV9xRXAwNXdCRHBqSkk2OFRqS2JuZ0hUUHV6SlNKWjNEdG0tLTRFZUR0dklqN3JpUG9HZExUdW1aR0lvREtDS2xrejlMOFZMdTk2Xzd2Z0t2T0VhaWhzUUlFN0tvX0pSSDFKRHUwNzVzVmJhV210V1RkNkQwZmFxS0pIWXBvRGJmbHow?oc=5\" target=\"_blank\" rel=\"noopener\">Assembl\u00e9e g\u00e9n\u00e9rale de l\u2019ONU | Le pr\u00e9sident syrien se rend \u00e0 New York<\/a>&nbsp;&nbsp;La Presse<\/li>\n<\/ol>\n","protected":false},"excerpt":{"rendered":"Le pr\u00e9sident syrien Al-Charaa rencontre le secr\u00e9taire d&rsquo;\u00c9tat am\u00e9ricain Rubio \u00e0 New York&nbsp;&nbsp;Anadolu Ajans\u0131 Ahmed al-Charaa sera le&hellip;\n","protected":false},"author":2,"featured_media":410594,"comment_status":"","ping_status":"","sticky":false,"template":"","format":"standard","meta":{"footnotes":""},"categories":[1589],"tags":[11,54189,1785,73,1866,54190,12,54191,1864,1865,1863,308],"class_list":{"0":"post-410593","1":"post","2":"type-post","3":"status-publish","4":"format-standard","5":"has-post-thumbnail","7":"category-etats-unis","8":"tag-actualites","9":"tag-ahmad-al-charaa","10":"tag-anadolu-ajansi","11":"tag-etats-unis","12":"tag-etats-unis-damerique","13":"tag-marc-rubio","14":"tag-news","15":"tag-prsident-syrien","16":"tag-united-states","17":"tag-united-states-of-america","18":"tag-us","19":"tag-usa"},"share_on_mastodon":{"url":"https:\/\/pubeurope.com\/@fr\/115250588679667438","error":""},"_links":{"self":[{"href":"https:\/\/www.europesays.com\/fr\/wp-json\/wp\/v2\/posts\/410593","targetHints":{"allow":["GET"]}}],"collection":[{"href":"https:\/\/www.europesays.com\/fr\/wp-json\/wp\/v2\/posts"}],"about":[{"href":"https:\/\/www.europesays.com\/fr\/wp-json\/wp\/v2\/types\/post"}],"author":[{"embeddable":true,"href":"https:\/\/www.europesays.com\/fr\/wp-json\/wp\/v2\/users\/2"}],"replies":[{"embeddable":true,"href":"https:\/\/www.europesays.com\/fr\/wp-json\/wp\/v2\/comments?post=410593"}],"version-history":[{"count":0,"href":"https:\/\/www.europesays.com\/fr\/wp-json\/wp\/v2\/posts\/410593\/revisions"}],"wp:featuredmedia":[{"embeddable":true,"href":"https:\/\/www.europesays.com\/fr\/wp-json\/wp\/v2\/media\/410594"}],"wp:attachment":[{"href":"https:\/\/www.europesays.com\/fr\/wp-json\/wp\/v2\/media?parent=410593"}],"wp:term":[{"taxonomy":"category","embeddable":true,"href":"https:\/\/www.europesays.com\/fr\/wp-json\/wp\/v2\/categories?post=410593"},{"taxonomy":"post_tag","embeddable":true,"href":"https:\/\/www.europesays.com\/fr\/wp-json\/wp\/v2\/tags?post=410593"}],"curies":[{"name":"wp","href":"https:\/\/api.w.org\/{rel}","templated":true}]}}