{"id":410597,"date":"2025-09-22T23:40:22","date_gmt":"2025-09-22T23:40:22","guid":{"rendered":"https:\/\/www.europesays.com\/fr\/410597\/"},"modified":"2025-09-22T23:40:22","modified_gmt":"2025-09-22T23:40:22","slug":"la-police-soupconne-un-sabotage-politique-dune-voie-ferre","status":"publish","type":"post","link":"https:\/\/www.europesays.com\/fr\/410597\/","title":{"rendered":"La police soup\u00e7onne un sabotage \u00ab\u00a0politique\u00a0\u00bb d\u2019une voie ferr\u00e9"},"content":{"rendered":"<p>Ces c\u00e2bles sectionn\u00e9s avaient entra\u00een\u00e9 d\u2019importantes perturbations du transport ferroviaire r\u00e9gional dans l\u2019ouest du pays. La police <a href=\"https:\/\/www.20minutes.fr\/dossier\/allemagne\" class=\"c-link c-link--is-underlined\" target=\"_blank\" rel=\"noopener\">allemande<\/a> enqu\u00eate ce lundi sur un possible \u00ab\u00a0motif politique\u00a0\u00bb apr\u00e8s cet acte de <a href=\"https:\/\/www.20minutes.fr\/dossier\/sabotage\" class=\"c-link c-link--is-underlined\" target=\"_blank\" rel=\"noopener\">sabotage<\/a>. Les d\u00e9gradations d\u2019infrastructures publiques se sont multipli\u00e9es ces derniers mois dans le pays.<\/p>\n<p>L\u2019Allemagne, qui est l\u2019un des plus fervents soutiens de l\u2019<a href=\"https:\/\/www.20minutes.fr\/monde\/ukraine\/\" class=\"c-link c-link--is-underlined\" target=\"_blank\" rel=\"noopener\">Ukraine<\/a> depuis l\u2019invasion de cette derni\u00e8re par la <a href=\"https:\/\/www.20minutes.fr\/monde\/russie\/\" class=\"c-link c-link--is-underlined\" target=\"_blank\" rel=\"noopener\">Russie<\/a> en f\u00e9vrier\u00a02022, est particuli\u00e8rement en alerte face \u00e0 la menace russe. Il accuse Moscou de mener des op\u00e9rations de sabotage dans le cadre de la guerre \u00ab\u00a0hybride\u00a0\u00bb que le pays dirig\u00e9 par Poutine est suspect\u00e9 de mener contre l\u2019Occident.<\/p>\n<p>\u00ab\u00a0Ne devenez pas un agent jetable\u00a0\u00bb<\/p>\n<p>La semaine pass\u00e9e, les renseignements allemands avaient fait \u00e9tat d\u2019un nouveau record de d\u00e9g\u00e2ts caus\u00e9s \u00e0 l\u2019\u00e9conomie allemande par des cyberattaques ou des sabotages en\u00a02025, pour un montant de 289,2\u00a0milliards d\u2019euros. Ils avaient point\u00e9 les responsabilit\u00e9s russes mais aussi chinoises.<\/p>\n<\/p>\n<p>Le 9 septembre dernier, l\u2019incendie de deux pyl\u00f4nes \u00e9lectriques dans un secteur excentr\u00e9 de Berlin avait priv\u00e9 d\u2019\u00e9lectricit\u00e9 environ 50.000 particuliers et professionnels jusqu\u2019\u00e0 plusieurs jours. L\u00e0 encore, la police avait soup\u00e7onn\u00e9 un acte criminel. Un acte revendiqu\u00e9 par des militants antimilitaristes.<\/p>\n<p><a href=\"https:\/\/www.20minutes.fr\/monde\/ukraine\/\" class=\"c-link c-btn c-btn--primary\" target=\"_blank\" rel=\"noopener\">Notre dossier sur la guerre en Ukraine<\/a><\/p>\n<p>D\u00e9but septembre, les autorit\u00e9s allemandes ont m\u00eame lanc\u00e9 une campagne d\u2019information sur les efforts de recrutement des services secrets russes sur les r\u00e9seaux sociaux. \u00ab\u00a0Ne devenez pas un agent jetable\u00a0\u00bb, avaient mis en garde les autorit\u00e9s allemandes, estimant que la Russie trouvait sur les r\u00e9seaux sociaux des utilisateurs pour \u00ab\u00a0mener des activit\u00e9s d\u2019espionnage ou de sabotage en Allemagne ou contre l\u2019Allemagne\u00a0\u00bb.<\/p>\n","protected":false},"excerpt":{"rendered":"Ces c\u00e2bles sectionn\u00e9s avaient entra\u00een\u00e9 d\u2019importantes perturbations du transport ferroviaire r\u00e9gional dans l\u2019ouest du pays. La police allemande&hellip;\n","protected":false},"author":2,"featured_media":410598,"comment_status":"","ping_status":"","sticky":false,"template":"","format":"standard","meta":{"footnotes":""},"categories":[1587],"tags":[47,11,672,1898,1804,1805,1803,1777,674,1801,131,74,1916,12,1802,132,12999,926],"class_list":{"0":"post-410597","1":"post","2":"type-post","3":"status-publish","4":"format-standard","5":"has-post-thumbnail","7":"category-allemagne","8":"tag-actualite","9":"tag-actualites","10":"tag-allemagne","11":"tag-berlin","12":"tag-bundesrepublik-deutschland","13":"tag-de","14":"tag-deutschland","15":"tag-eu","16":"tag-europe","17":"tag-germany","18":"tag-guerre-en-ukraine","19":"tag-monde","20":"tag-moscou","21":"tag-news","22":"tag-republique-federale-dallemagne","23":"tag-russie","24":"tag-sabotage","25":"tag-train"},"share_on_mastodon":{"url":"https:\/\/pubeurope.com\/@fr\/115250595427468332","error":""},"_links":{"self":[{"href":"https:\/\/www.europesays.com\/fr\/wp-json\/wp\/v2\/posts\/410597","targetHints":{"allow":["GET"]}}],"collection":[{"href":"https:\/\/www.europesays.com\/fr\/wp-json\/wp\/v2\/posts"}],"about":[{"href":"https:\/\/www.europesays.com\/fr\/wp-json\/wp\/v2\/types\/post"}],"author":[{"embeddable":true,"href":"https:\/\/www.europesays.com\/fr\/wp-json\/wp\/v2\/users\/2"}],"replies":[{"embeddable":true,"href":"https:\/\/www.europesays.com\/fr\/wp-json\/wp\/v2\/comments?post=410597"}],"version-history":[{"count":0,"href":"https:\/\/www.europesays.com\/fr\/wp-json\/wp\/v2\/posts\/410597\/revisions"}],"wp:featuredmedia":[{"embeddable":true,"href":"https:\/\/www.europesays.com\/fr\/wp-json\/wp\/v2\/media\/410598"}],"wp:attachment":[{"href":"https:\/\/www.europesays.com\/fr\/wp-json\/wp\/v2\/media?parent=410597"}],"wp:term":[{"taxonomy":"category","embeddable":true,"href":"https:\/\/www.europesays.com\/fr\/wp-json\/wp\/v2\/categories?post=410597"},{"taxonomy":"post_tag","embeddable":true,"href":"https:\/\/www.europesays.com\/fr\/wp-json\/wp\/v2\/tags?post=410597"}],"curies":[{"name":"wp","href":"https:\/\/api.w.org\/{rel}","templated":true}]}}