{"id":410599,"date":"2025-09-22T23:41:13","date_gmt":"2025-09-22T23:41:13","guid":{"rendered":"https:\/\/www.europesays.com\/fr\/410599\/"},"modified":"2025-09-22T23:41:13","modified_gmt":"2025-09-22T23:41:13","slug":"de-nouveaux-soutiens-europeens-pour-la-palestine","status":"publish","type":"post","link":"https:\/\/www.europesays.com\/fr\/410599\/","title":{"rendered":"De nouveaux soutiens europ\u00e9ens pour la Palestine"},"content":{"rendered":"<p>\n                                                Aux c\u00f4t\u00e9s de la France, le Royaume-Uni et le Portugal ont d\u00e9cid\u00e9 hier (21 septembre 2025) de sauter le pas, alors que s\u2019ouvre aujourd\u2019hui la 80\u00e8me session de l\u2019Assembl\u00e9e G\u00e9n\u00e9rale des Nations unies. Le sujet ne fait pas l\u2019unanimit\u00e9 en Europe&#8230; o\u00f9 l\u2019on compte des pionniers comme la Su\u00e8de qui, d\u00e8s 2014, a reconnu la Palestine, sans oublier les pays de l\u2019ancien bloc sovi\u00e9tique&#8230;                    <\/p>\n<p><strong>L\u2019Espagne se pr\u00e9sente aujourd\u2019hui comme un des fers de lance de la cause palestinienne<\/strong>. D\u00e8s 2024, Madrid a pris position. Port\u00e9e par une opinion publique tr\u00e8s engag\u00e9e qui a m\u00eame fait d\u00e9railler, cette ann\u00e9e, la derni\u00e8re \u00e9tape de la course cycliste de la Vuelta pour porter son message. Avec le soutien du Premier ministre. \u00a0<\/p>\n<p><strong>Diane Cambon<\/strong>\u00a0a rencontr\u00e9 des militants tr\u00e8s offensifs lors des f\u00eates d\u2019Oviedo au nord-ouest de l\u2019Espagne.<\/p>\n<p>\u00a0<\/p>\n<p> <strong>Au Royaume-Uni une d\u00e9marche historique<\/strong> <\/p>\n<p>Et apr\u00e8s des ann\u00e9es d\u2019h\u00e9sitation, le Royaume-Uni a finalement annonc\u00e9 hier (21 septembre 2025) la reconnaissance de la <strong><a target=\"_self\" href=\"https:\/\/www.rfi.fr\/fr\/tag\/territoires-palestiniens\/\" rel=\"noopener\">Palestine<\/a><\/strong>. Une d\u00e9cision \u00e0 la port\u00e9e historique quand on sait que Londres est \u00e0 l\u2019origine de la d\u00e9claration Balfour de 1917 en faveur de la cr\u00e9ation d\u2019<strong><a target=\"_self\" href=\"https:\/\/www.rfi.fr\/fr\/tag\/isra\u00ebl\/\" rel=\"noopener\">Isra\u00ebl<\/a><\/strong>. <strong>\u00c0 Londres, Marie Billon.\u00a0<\/strong><\/p>\n<p>\u00a0<\/p>\n<p> <strong>Le Kosovo, un \u00c9tat musulman proche d&rsquo;Isra\u00ebl\u00a0<\/strong> <\/p>\n<p>Petit \u00c9tat au sud de la <strong><a target=\"_self\" href=\"https:\/\/www.rfi.fr\/fr\/tag\/serbie\/\" rel=\"noopener\">Serbie<\/a><\/strong> qui n\u2019est reconnu que par 110 \u00c9tats dans le monde, il sait qu\u2019il doit sa survie aux <strong><a target=\"_self\" href=\"https:\/\/www.rfi.fr\/fr\/tag\/\u00e9tats-unis\/\" rel=\"noopener\">\u00c9tats-Unis<\/a><\/strong>&#8230; d\u2019o\u00f9 son alignement pro-isra\u00e9lien. D&rsquo;autant que son ennemi, la Serbie, est historiquement proche de la Palestine. Mais cet engagement est de moins en moins accept\u00e9 par la population. Les explications de notre correspondant \u00e0 Pristina,\u00a0<strong>Louis Seiller.\u00a0\u00a0<\/strong><\/p>\n<p>\u00a0<\/p>\n<p> <strong>La communaut\u00e9 turque d&rsquo;Alsace au mus\u00e9e<\/strong> <\/p>\n<p>Donner une place dans un mus\u00e9e d\u2019histoire r\u00e9gional, \u00e0 l\u2019histoire des populations issues de l\u2019<strong><a target=\"_self\" href=\"https:\/\/www.rfi.fr\/fr\/tag\/immigration\/\" rel=\"noopener\">immigration<\/a><\/strong>, c\u2019est la nouvelle direction que s\u2019est donn\u00e9e le mus\u00e9e alsacien de Strasbourg \u00a0en pleine r\u00e9novation. Il s\u2019est lanc\u00e9 dans une vaste collecte d\u2019objets du quotidien de la communaut\u00e9 <strong><a target=\"_self\" href=\"https:\/\/www.rfi.fr\/fr\/tag\/turquie\/\" rel=\"noopener\">turque<\/a><\/strong>. Tr\u00e8s pr\u00e9sente dans l\u2019Est de la France&#8230; Reportage sign\u00e9 \u00a0<strong>Wylo\u00ebn Munhoz-Boillot.<\/strong><\/p>\n","protected":false},"excerpt":{"rendered":"Aux c\u00f4t\u00e9s de la France, le Royaume-Uni et le Portugal ont d\u00e9cid\u00e9 hier (21 septembre 2025) de sauter&hellip;\n","protected":false},"author":2,"featured_media":410600,"comment_status":"","ping_status":"","sticky":false,"template":"","format":"standard","meta":{"footnotes":""},"categories":[1586],"tags":[2361,11,123,1777,674,1011,27,12,6996,25,473,3260],"class_list":{"0":"post-410599","1":"post","2":"type-post","3":"status-publish","4":"format-standard","5":"has-post-thumbnail","7":"category-europe","8":"tag-accents-deurope","9":"tag-actualites","10":"tag-espagne","11":"tag-eu","12":"tag-europe","13":"tag-fr","14":"tag-france","15":"tag-news","16":"tag-portugal","17":"tag-republique-francaise","18":"tag-royaume-uni","19":"tag-territoires-palestiniens"},"share_on_mastodon":{"url":"https:\/\/pubeurope.com\/@fr\/115250599375164996","error":""},"_links":{"self":[{"href":"https:\/\/www.europesays.com\/fr\/wp-json\/wp\/v2\/posts\/410599","targetHints":{"allow":["GET"]}}],"collection":[{"href":"https:\/\/www.europesays.com\/fr\/wp-json\/wp\/v2\/posts"}],"about":[{"href":"https:\/\/www.europesays.com\/fr\/wp-json\/wp\/v2\/types\/post"}],"author":[{"embeddable":true,"href":"https:\/\/www.europesays.com\/fr\/wp-json\/wp\/v2\/users\/2"}],"replies":[{"embeddable":true,"href":"https:\/\/www.europesays.com\/fr\/wp-json\/wp\/v2\/comments?post=410599"}],"version-history":[{"count":0,"href":"https:\/\/www.europesays.com\/fr\/wp-json\/wp\/v2\/posts\/410599\/revisions"}],"wp:featuredmedia":[{"embeddable":true,"href":"https:\/\/www.europesays.com\/fr\/wp-json\/wp\/v2\/media\/410600"}],"wp:attachment":[{"href":"https:\/\/www.europesays.com\/fr\/wp-json\/wp\/v2\/media?parent=410599"}],"wp:term":[{"taxonomy":"category","embeddable":true,"href":"https:\/\/www.europesays.com\/fr\/wp-json\/wp\/v2\/categories?post=410599"},{"taxonomy":"post_tag","embeddable":true,"href":"https:\/\/www.europesays.com\/fr\/wp-json\/wp\/v2\/tags?post=410599"}],"curies":[{"name":"wp","href":"https:\/\/api.w.org\/{rel}","templated":true}]}}