{"id":410603,"date":"2025-09-22T23:43:11","date_gmt":"2025-09-22T23:43:11","guid":{"rendered":"https:\/\/www.europesays.com\/fr\/410603\/"},"modified":"2025-09-22T23:43:11","modified_gmt":"2025-09-22T23:43:11","slug":"weah-supersonique-aguerd-forte-tete-decouvrez-les-notes-du-clasico-des-olympiens","status":"publish","type":"post","link":"https:\/\/www.europesays.com\/fr\/410603\/","title":{"rendered":"Weah supersonique, Aguerd forte t\u00eate&#8230; d\u00e9couvrez les notes du Clasico des Olympiens"},"content":{"rendered":"<p>Rulli 8\/10<\/p>\n<p>Face \u00e0 l&rsquo;armada amoindrie du PSG, \u00ab\u00a0Gero\u00a0\u00bb l&rsquo;a jou\u00e9 goal volant. D&rsquo;abord devant Gon\u00e7alo Ramos, effa\u00e7ant une b\u00e9vue de Balerdi (14), puis sous le nez de Fabian Ruiz (22) et Kvara (59). Solide devant Vitinha (17, 72) et surtout Hakimi (59), il a aussi \u00e9t\u00e9 utile \u00e0 la construction, en allongeant.<\/p>\n<p>Weah 7,5\/10<\/p>\n<p>Quel match du dragster new-yorkais ! M\u00eal\u00e9e \u00e0 sa vista, sa d\u00e9coiffante vitesse lui a permis de r\u00e9cup\u00e9rer un nombre incalculable de ballons. Intraitable face \u00e0 Kvaratskhelia, il est \u00e0 l&rsquo;origine de presque toutes les grosses occasions marseillaises (4, 25, 27, 43, 47, 52), dont l&rsquo;unique but de la rencontre (5).<\/p>\n<p>Pavard 7\/10<\/p>\n<p>Depuis la charni\u00e8re, le champion du monde a donn\u00e9 le ton. Rarement cantonn\u00e9 \u00e0 sa surface, Pavard a chass\u00e9 les Parisiens, parfois \u00e0 la limite (son jaune sur Kvara, 18), jusque dans leur camp. Des projections tranchantes (43) et un tacle salvateur pour sauver les siens (59).<\/p>\n<p>Balerdi 6\/10<\/p>\n<p>En grande difficult\u00e9, au duel avec Gon\u00e7alo Ramos, le capitaine marseillais a plusieurs fois fr\u00f4l\u00e9 la correctionnelle (12, 14, 24, 46). Plut\u00f4t emprunt\u00e9 techniquement, une fois n&rsquo;est pas coutume. Bien plus serein et pr\u00e9cieux apr\u00e8s la pause, il signe un tacle magnifique pour finir (83).<\/p>\n<p>Aguerd 8,5\/10<\/p>\n<p>Parfaitement remis de son coup \u00e0 la t\u00eate, qui l&rsquo;a contraint \u00e0 respecter un protocole commotion, le Marocain a \u00e9t\u00e9 le grand bonhomme de ce Clasico.\u00a0 Au moins d\u00e9terminant sur l&rsquo;unique but du match (un doute subsiste sur l&rsquo;identit\u00e9 du buteur), il a rayonn\u00e9 au duel et \u00e0 la relance.<\/p>\n<p>Emerson 6,5\/10<\/p>\n<p>L&rsquo;Italo-br\u00e9silien n&rsquo;est pas pass\u00e9 par quatre chemins. Soucieux de vite marquer son territoire, il a d&rsquo;entr\u00e9e caress\u00e9 les chevilles de Hakimi (1). Solide dans le duel, souvent face au Marocain (7, 39), l&rsquo;ancien Lyonnais a encore agr\u00e9ablement surpris, dans la lign\u00e9e de sa sortie au Bernabeu.<\/p>\n<p>O&rsquo;Riley 7,5\/10<\/p>\n<p>Ses premi\u00e8res apparitions, derri\u00e8re l&rsquo;attaquant, avaient instill\u00e9 le doute. Le Danois les a chass\u00e9s, plac\u00e9 dans le double pivot aux c\u00f4t\u00e9s de Hojbjerg. Sa patte gauche pr\u00e9cise a fait oublier son impression de lenteur, le pla\u00e7ant dans nombre de bons coups sans jamais oublier de d\u00e9fendre.\u00a0<\/p>\n<p>Hojbjerg 8,5\/10<\/p>\n<p>Parfait dans l&rsquo;engagement, dans l&rsquo;envie de remporter chaque duel et d&rsquo;amener ses partenaires dans son sillage. Incisif \u00e0 chaque contact. Un match de patron, enfin, qu&rsquo;il a failli magnifier d&rsquo;un but de la t\u00eate ou d&rsquo;une passe d\u00e9cisive pour \u00ab\u00a0Auba\u00a0\u00bb (90+3).<\/p>\n<p>Greenwood 7\/10<\/p>\n<p>Apr\u00e8s avoir \u00e9t\u00e9 recal\u00e9 \u00e0 deux reprises, il a enfin \u00e9t\u00e9 re\u00e7u au Clasico. Avec mention, qui plus est. A l&rsquo;origine du but gr\u00e2ce \u00e0 un centre-tir contr\u00e9, il a fait admirer sa justesse technique et sa combativit\u00e9 pour r\u00e9cup\u00e9rer des ballons (oui, oui !). Relay\u00e9 par Vaz (89).<\/p>\n<p>Gouiri 6,5\/10<\/p>\n<p>Il a bien cru inscrire son premier but de la saison lorsque sa puissante frappe\u00a0a\u00a0ricoch\u00e9 sur la barre de Chevalier (25). Int\u00e9ressant dans les petits espaces et les remises avant d&rsquo;\u00eatre exil\u00e9 \u00e0 gauche \u00e0 l&rsquo;entr\u00e9e d&rsquo;Aubameyang. Il est all\u00e9 au bout de lui-m\u00eame avant d&rsquo;\u00eatre suppl\u00e9\u00e9 par Nadir (78).<\/p>\n<p>Paixao 3,5\/10<\/p>\n<p>Sa premi\u00e8re titularisation n&rsquo;\u00e9tait pas un cadeau et il n&rsquo;a jamais d\u00e9coll\u00e9 ni r\u00e9ussi \u00e0 entrer dans son match. Plein de volont\u00e9 mais trop brouillon malgr\u00e9 une belle reprise (45+3). Remplac\u00e9 par Aubameyang (61).<\/p>\n<p>De Zerbi 8,5\/10<br \/>\nL&rsquo;adversaire 4\/10<br \/>\nL&rsquo;arbitre 7\/10<br \/>\nLe match 9\/10<\/p>\n","protected":false},"excerpt":{"rendered":"Rulli 8\/10 Face \u00e0 l&rsquo;armada amoindrie du PSG, \u00ab\u00a0Gero\u00a0\u00bb l&rsquo;a jou\u00e9 goal volant. D&rsquo;abord devant Gon\u00e7alo Ramos, effa\u00e7ant&hellip;\n","protected":false},"author":2,"featured_media":410604,"comment_status":"","ping_status":"","sticky":false,"template":"","format":"standard","meta":{"footnotes":""},"categories":[2],"tags":[49349,17,11,51919,9212,1011,27,12,149,49762,25,49730,17643,42926],"class_list":{"0":"post-410603","1":"post","2":"type-post","3":"status-publish","4":"format-standard","5":"has-post-thumbnail","7":"category-actualites","8":"tag-1-0","9":"tag-17","10":"tag-actualites","11":"tag-aguerd","12":"tag-forte","13":"tag-fr","14":"tag-france","15":"tag-news","16":"tag-om","17":"tag-om-psg","18":"tag-republique-francaise","19":"tag-supersonique","20":"tag-tete","21":"tag-weah"},"share_on_mastodon":{"url":"https:\/\/pubeurope.com\/@fr\/115250607349674718","error":""},"_links":{"self":[{"href":"https:\/\/www.europesays.com\/fr\/wp-json\/wp\/v2\/posts\/410603","targetHints":{"allow":["GET"]}}],"collection":[{"href":"https:\/\/www.europesays.com\/fr\/wp-json\/wp\/v2\/posts"}],"about":[{"href":"https:\/\/www.europesays.com\/fr\/wp-json\/wp\/v2\/types\/post"}],"author":[{"embeddable":true,"href":"https:\/\/www.europesays.com\/fr\/wp-json\/wp\/v2\/users\/2"}],"replies":[{"embeddable":true,"href":"https:\/\/www.europesays.com\/fr\/wp-json\/wp\/v2\/comments?post=410603"}],"version-history":[{"count":0,"href":"https:\/\/www.europesays.com\/fr\/wp-json\/wp\/v2\/posts\/410603\/revisions"}],"wp:featuredmedia":[{"embeddable":true,"href":"https:\/\/www.europesays.com\/fr\/wp-json\/wp\/v2\/media\/410604"}],"wp:attachment":[{"href":"https:\/\/www.europesays.com\/fr\/wp-json\/wp\/v2\/media?parent=410603"}],"wp:term":[{"taxonomy":"category","embeddable":true,"href":"https:\/\/www.europesays.com\/fr\/wp-json\/wp\/v2\/categories?post=410603"},{"taxonomy":"post_tag","embeddable":true,"href":"https:\/\/www.europesays.com\/fr\/wp-json\/wp\/v2\/tags?post=410603"}],"curies":[{"name":"wp","href":"https:\/\/api.w.org\/{rel}","templated":true}]}}