{"id":410611,"date":"2025-09-22T23:51:25","date_gmt":"2025-09-22T23:51:25","guid":{"rendered":"https:\/\/www.europesays.com\/fr\/410611\/"},"modified":"2025-09-22T23:51:25","modified_gmt":"2025-09-22T23:51:25","slug":"motogp-marc-marquez-un-genie-qui-nuit-sans-le-vouloir-au-developpement-des-motos-alvaro-bautista-donne-sa-version","status":"publish","type":"post","link":"https:\/\/www.europesays.com\/fr\/410611\/","title":{"rendered":"MotoGP, Marc Marquez : un g\u00e9nie qui nuit (sans le vouloir) au d\u00e9veloppement des motos ? Alvaro Bautista donne sa version !"},"content":{"rendered":"<p><strong>Marc Marquez est sans doute le plus grand talent brut de<br \/>\nsa g\u00e9n\u00e9ration, un extraterrestre du bitume capable de faire glisser<br \/>\nn\u2019importe quelle machine jusqu\u2019\u00e0 la victoire. Mais derri\u00e8re ce don<br \/>\npresque inhumain se cache un probl\u00e8me bien r\u00e9el : il n\u2019est pas un<br \/>\nbon d\u00e9veloppeur de moto. Il est peut-\u00eatre m\u00eame l\u2019un des<br \/>\npires.<\/strong><\/p>\n<p>Et ce n\u2019est pas une accusation gratuite. C\u2019est <strong>Alvaro<br \/>\nBautista<\/strong> lui-m\u00eame qui l\u2019a expliqu\u00e9 r\u00e9cemment, sans d\u00e9tour,<br \/>\ndans l\u2019\u00e9mission Revival MotoGP de Nico Abad. Un t\u00e9moignage de<br \/>\nl\u2019int\u00e9rieur, relay\u00e9 par <a href=\"https:\/\/www.todocircuito.com\/noticias\/40157-desde-que-marquez-empezo-a-hacer-la-honda-los-demas-ya-no-ibamos-rapido-recuerda-bautista.html\" rel=\"nofollow noopener\" target=\"_blank\"><br \/>\nTodocircuito<\/a>, d\u2019un pilote qui a pilot\u00e9 la <strong>Honda<br \/>\nRC213V<\/strong> avant, pendant et apr\u00e8s l\u2019\u00e8re<br \/>\n<strong>Marquez<\/strong>. Et ce qu\u2019il en dit est sans appel.<\/p>\n<p>\u00ab <strong>Le probl\u00e8me, c\u2019est que Marc est rapide avec<br \/>\ntout<\/strong> \u00bb, l\u00e2che <strong>Bautista<\/strong>. Et c\u2019est l\u00e0<br \/>\nque le b\u00e2t blesse. L\u00e0 o\u00f9 les autres pilotes ont besoin d\u2019un certain<br \/>\nfeeling pour aller vite \u2013 freinage clair, stabilit\u00e9 \u00e0 l\u2019entr\u00e9e,<br \/>\nconfiance sur l\u2019angle \u2013 Marc, lui, n\u2019a besoin que d\u2019un point de<br \/>\npivot et d\u2019un cerveau de kamikaze.<\/p>\n<p>R\u00e9sultat : il masque les d\u00e9fauts des prototypes avec son talent<br \/>\npur. Il va vite m\u00eame avec une moto instable, impr\u00e9cise, mal<br \/>\n\u00e9quilibr\u00e9e. Et dans un paddock o\u00f9 les donn\u00e9es et les chronos<br \/>\ndictent les d\u00e9cisions techniques, cette capacit\u00e9 d\u2019adaptation<br \/>\ndevient toxique. Les ing\u00e9nieurs pensent que \u00ab la moto marche \u00bb, car<br \/>\nle chronom\u00e8tre l\u2019indique\u2026 pour <strong>Marc<\/strong>. Pas pour les<br \/>\nautres.<\/p>\n<p>Quand <strong>Bautista<\/strong> raconte que<br \/>\n<strong>Pedrosa<\/strong> refusait certaines \u00e9volutions techniques<br \/>\nque <strong>Marquez<\/strong> adorait, on comprend \u00e0 quel point la<br \/>\ndynamique \u00e9tait biais\u00e9e : \u00ab <strong>Dani disait : \u201c\u00e7a ne marche<br \/>\npas\u201d, Marc disait : \u201cc\u2019est g\u00e9nial\u201d. Et donc\u2026 on gardait la<br \/>\npi\u00e8ce<\/strong>. \u00bb<\/p>\n<p><img decoding=\"async\" class=\"aligncenter\" src=\"https:\/\/www.europesays.com\/fr\/wp-content\/uploads\/2025\/09\/AlvaroBautista-345456_compressed.jpg\" alt=\"\u00c1lvaro Bautista\"\/><\/p>\n<p><strong>Marc Marquez arrive, il<br \/>\nd\u00e9truit tout, mais il gagne<\/strong><\/p>\n<p>Ce n\u2019est pas que Marc veut nuire. C\u2019est juste qu\u2019il s\u2019en moque.<br \/>\nTant que la moto freine fort et qu\u2019elle peut rentrer en glisse dans<br \/>\nun virage, il s\u2019adapte. L\u2019\u00e9lectronique ? Le comportement moteur ?<br \/>\nLes sensations sur la roue avant ? Des d\u00e9tails pour les mortels.<br \/>\nPour <strong>Marquez<\/strong>, la seule variable, c\u2019est<br \/>\nlui-m\u00eame.<\/p>\n<p>La RC213V de l\u2019\u00e8re <strong>HRC-Marquez<\/strong> ? Un monstre<br \/>\nindomptable pour les autres. Ce prototype \u00e9tait litt\u00e9ralement<br \/>\nconstruit autour de lui. R\u00e9sultat : les co\u00e9quipiers se sont succ\u00e9d\u00e9<br \/>\net aucun n\u2019a surv\u00e9cu. Pedrosa ? Mis sur la touche. Lorenzo ?<br \/>\n\u00c9cras\u00e9. Bradl ? Spectateur. Nakagami ? Naufrag\u00e9. Pol Espargar\u00f3 ?<br \/>\nD\u00e9sar\u00e7onn\u00e9. Tous broy\u00e9s par une moto impossible \u00e0 comprendre\u2026 sauf<br \/>\npour son g\u00e9nial bourreau.<\/p>\n<p>Et aujourd\u2019hui, alors que <strong>Ducati<\/strong> l\u2019a enr\u00f4l\u00e9<br \/>\ncomme sauveur, il serait bon que Borgo Panigale garde cette le\u00e7on<br \/>\nen t\u00eate. <strong>Marquez<\/strong> est un tueur. Un strat\u00e8ge. Un<br \/>\nanimal de course. Mais pas un b\u00e2tisseur de cath\u00e9drale. Il est le<br \/>\ntype qui gagne avec une moto bancale, pas celui qui la rend<br \/>\nmeilleure pour tout le monde.<\/p>\n<p>Il faut des <strong>Pedrosa<\/strong>, des<br \/>\n<strong>Dovizioso<\/strong>, des <strong>Lorenzo<\/strong> pour<br \/>\nconstruire une base solide. <strong>Marc<\/strong>, lui, arrive<br \/>\napr\u00e8s. Il d\u00e9truit tout, mais il gagne. Et c\u2019est bien le paradoxe<br \/>\nqui a men\u00e9 <strong>Honda<\/strong> droit dans le mur pendant cinq<br \/>\nans : le meilleur pilote du monde \u00e9tait peut-\u00eatre\u2026 leur pire<br \/>\ning\u00e9nieur.<\/p>\n<p>Ironiquement, <a href=\"https:\/\/www.paddock-gp.com\/motogp-misano-ne-suffit-pas-gigi-dalligna-lucide-sur-la-crise-que-traverse-pecco-bagnaia\/\" rel=\"nofollow noopener\" target=\"_blank\"><br \/>\n<strong>Pecco Bagnaia<\/strong><\/a> ne vit pas ce probl\u00e8me<br \/>\naujourd\u2019hui. Comme le dit <a href=\"https:\/\/www.paddock-gp.com\/wsbk-alvaro-bautista-explose-la-bmw-a-change-du-jour-au-lendemain-le-pilote-ducati-accuse-et-le-reglement-vacille\/\" rel=\"nofollow noopener\" target=\"_blank\"><br \/>\n<strong>Bautista<\/strong><\/a>, son mal est ailleurs :<br \/>\n\u00ab\u00a0<strong>il est juste perdu. Ce qui marchait ne marche<br \/>\nplus. Il cherche, tourne en rond.<\/strong>\u00a0\u00bb Pecco n\u2019est<br \/>\npas dans un bras de fer technique avec la machine. Il est dans une<br \/>\ncrise de confiance.<\/p>\n<p>Mais attention : le jour o\u00f9 <a href=\"https:\/\/www.paddock-gp.com\/motogp-tardozzi-et-domenicali-defendent-marc-marquez-la-reponse-de-ducati-aux-huees-de-misano\/\" rel=\"nofollow noopener\" target=\"_blank\"><br \/>\n<strong>Ducati<\/strong><\/a> se reposera uniquement sur les<br \/>\nsensations de <strong>Marquez<\/strong> pour faire \u00e9voluer sa<br \/>\nDesmosedici, le risque sera r\u00e9el. Le prodige de Cervera peut gagner<br \/>\ntout seul, oui. Mais pas d\u00e9velopper pour les autres.<\/p>\n<p><img decoding=\"async\" class=\"aligncenter\" src=\"https:\/\/www.europesays.com\/fr\/wp-content\/uploads\/2025\/09\/MarcMarquezMisano2025_compressed.jpg\" alt=\"Misano\"\/><\/p>\n<p>\u00a0<\/p>\n","protected":false},"excerpt":{"rendered":"Marc Marquez est sans doute le plus grand talent brut de sa g\u00e9n\u00e9ration, un extraterrestre du bitume capable&hellip;\n","protected":false},"author":2,"featured_media":410612,"comment_status":"","ping_status":"","sticky":false,"template":"","format":"standard","meta":{"footnotes":""},"categories":[1413],"tags":[1011,27,1457,1456,60],"class_list":{"0":"post-410611","1":"post","2":"type-post","3":"status-publish","4":"format-standard","5":"has-post-thumbnail","7":"category-moto","8":"tag-fr","9":"tag-france","10":"tag-moto","11":"tag-motocycle","12":"tag-sports"},"share_on_mastodon":{"url":"https:\/\/pubeurope.com\/@fr\/115250639090778798","error":""},"_links":{"self":[{"href":"https:\/\/www.europesays.com\/fr\/wp-json\/wp\/v2\/posts\/410611","targetHints":{"allow":["GET"]}}],"collection":[{"href":"https:\/\/www.europesays.com\/fr\/wp-json\/wp\/v2\/posts"}],"about":[{"href":"https:\/\/www.europesays.com\/fr\/wp-json\/wp\/v2\/types\/post"}],"author":[{"embeddable":true,"href":"https:\/\/www.europesays.com\/fr\/wp-json\/wp\/v2\/users\/2"}],"replies":[{"embeddable":true,"href":"https:\/\/www.europesays.com\/fr\/wp-json\/wp\/v2\/comments?post=410611"}],"version-history":[{"count":0,"href":"https:\/\/www.europesays.com\/fr\/wp-json\/wp\/v2\/posts\/410611\/revisions"}],"wp:featuredmedia":[{"embeddable":true,"href":"https:\/\/www.europesays.com\/fr\/wp-json\/wp\/v2\/media\/410612"}],"wp:attachment":[{"href":"https:\/\/www.europesays.com\/fr\/wp-json\/wp\/v2\/media?parent=410611"}],"wp:term":[{"taxonomy":"category","embeddable":true,"href":"https:\/\/www.europesays.com\/fr\/wp-json\/wp\/v2\/categories?post=410611"},{"taxonomy":"post_tag","embeddable":true,"href":"https:\/\/www.europesays.com\/fr\/wp-json\/wp\/v2\/tags?post=410611"}],"curies":[{"name":"wp","href":"https:\/\/api.w.org\/{rel}","templated":true}]}}