{"id":410613,"date":"2025-09-22T23:52:14","date_gmt":"2025-09-22T23:52:14","guid":{"rendered":"https:\/\/www.europesays.com\/fr\/410613\/"},"modified":"2025-09-22T23:52:14","modified_gmt":"2025-09-22T23:52:14","slug":"george-russell-et-lando-norris-un-petit-chanteur-les-a-fait-rire","status":"publish","type":"post","link":"https:\/\/www.europesays.com\/fr\/410613\/","title":{"rendered":"George Russell et Lando Norris: un petit chanteur les a fait rire"},"content":{"rendered":"<p>Publi\u00e922. septembre 2025, 21:53<\/p>\n<p>Formule 1: Un enfant a failli faire craquer Russell et Norris \u00e0 Bakou<\/p>\n<p>Sur la pr\u00e9-grille du Grand Prix d&rsquo;Azerba\u00efdjan, dimanche, les deux Britanniques ont bien failli partir dans un fou rire pendant l&rsquo;hymne national.<\/p>\n<p><a href=\"https:\/\/www.20min.ch\/fr\/auteurs\/57973667\/yves-desplands\" class=\"sc-b1f21c84-2 egfiIF\" target=\"_blank\" rel=\"noopener\"><img decoding=\"async\" alt=\"Yves Desplands\" src=\"https:\/\/www.europesays.com\/fr\/wp-content\/uploads\/2025\/09\/601c240e-1ddf-4eb7-8ba2-df475c1b4cf0.jpeg\" class=\"sc-b1f21c84-1 iTOvpR\"\/><\/a><img loading=\"lazy\" decoding=\"async\" src=\"https:\/\/www.europesays.com\/fr\/wp-content\/uploads\/2025\/09\/a2f47157-b673-4956-a6b7-e5989194a680.png\" alt=\"George Russell (\u00e0 g.) et Lando Norris ont bien failli partir en fou rire, dimanche \u00e0 Bakou.\" title=\"George Russell (\u00e0 g.) et Lando Norris ont bien failli partir en fou rire, dimanche \u00e0 Bakou.\"  width=\"670\" height=\"519\"\/><\/p>\n<p>George Russell (\u00e0 g.) et Lando Norris ont bien failli partir en fou rire, dimanche \u00e0 Bakou.<\/p>\n<p>Capture \u00e9cran<\/p>\n<p>On sait que George Russell et Lando Norris sont deux gar\u00e7ons fac\u00e9tieux et plut\u00f4t copains dans la vie. Et quand on est assez proches, un simple regard dans une situation comique peut vite faire partir en fou rire.<\/p>\n<p>C&rsquo;est ce qui a bien failli leur arriver, dimanche sur la pr\u00e9-grille du Grand Prix d&rsquo;Azerba\u00efdjan.<\/p>\n<p>Alors que l&rsquo;hymne national \u00e9tait entonn\u00e9 pour la pr\u00e9sentation des pilotes, un enfant plac\u00e9 devant les deux Britanniques a chant\u00e9 \u00e0 pleins poumons le cantique de son pays.<\/p>\n<p>De quoi faire d&rsquo;abord sourire les deux hommes qui ont ensuite \u00e9chang\u00e9 un regard et ont bien failli partir en vrille. Heureusement pour le protocole, ils ont r\u00e9ussi \u00e0 se contenir et \u00e0 laisser le jeune chanteur terminer sa performance.<\/p>\n<p>Le plus fou dans cette histoire, c&rsquo;est que, sur la fin de la vid\u00e9o, on voit Oscar Piastri, co\u00e9quipier de Norris chez McLaren, esquisser un sourire. La situation devait \u00eatre particuli\u00e8rement comique pour que l&rsquo;Australien, pas r\u00e9put\u00e9 pour la rigolade, ose se l\u00e2cher ainsi.<\/p>\n<p>Il a probablement perdu son sourire durant le <a href=\"https:\/\/www.20min.ch\/fr\/story\/f1-gp-d-azerbaidjan-victoire-de-max-verstappen-avec-quinze-secondes-d-avance-103419434\" target=\"_blank\" rel=\"noopener\">Grand Prix<\/a> alors qu&rsquo;il est all\u00e9 heurter un mur dans le premier tour. Pour d\u00e9compresser, il lui suffira peut-\u00eatre de visionner la vid\u00e9o de la pr\u00e9-grille&#8230;<\/p>\n","protected":false},"excerpt":{"rendered":"Publi\u00e922. septembre 2025, 21:53 Formule 1: Un enfant a failli faire craquer Russell et Norris \u00e0 Bakou Sur&hellip;\n","protected":false},"author":2,"featured_media":410614,"comment_status":"","ping_status":"","sticky":false,"template":"","format":"standard","meta":{"footnotes":""},"categories":[1412],"tags":[1451,1452,1453,1454,1455,1011,27,60],"class_list":{"0":"post-410613","1":"post","2":"type-post","3":"status-publish","4":"format-standard","5":"has-post-thumbnail","7":"category-f1","8":"tag-f1","9":"tag-formula-1","10":"tag-formula1","11":"tag-formule-1","12":"tag-formule1","13":"tag-fr","14":"tag-france","15":"tag-sports"},"share_on_mastodon":{"url":"https:\/\/pubeurope.com\/@fr\/115250642733102282","error":""},"_links":{"self":[{"href":"https:\/\/www.europesays.com\/fr\/wp-json\/wp\/v2\/posts\/410613","targetHints":{"allow":["GET"]}}],"collection":[{"href":"https:\/\/www.europesays.com\/fr\/wp-json\/wp\/v2\/posts"}],"about":[{"href":"https:\/\/www.europesays.com\/fr\/wp-json\/wp\/v2\/types\/post"}],"author":[{"embeddable":true,"href":"https:\/\/www.europesays.com\/fr\/wp-json\/wp\/v2\/users\/2"}],"replies":[{"embeddable":true,"href":"https:\/\/www.europesays.com\/fr\/wp-json\/wp\/v2\/comments?post=410613"}],"version-history":[{"count":0,"href":"https:\/\/www.europesays.com\/fr\/wp-json\/wp\/v2\/posts\/410613\/revisions"}],"wp:featuredmedia":[{"embeddable":true,"href":"https:\/\/www.europesays.com\/fr\/wp-json\/wp\/v2\/media\/410614"}],"wp:attachment":[{"href":"https:\/\/www.europesays.com\/fr\/wp-json\/wp\/v2\/media?parent=410613"}],"wp:term":[{"taxonomy":"category","embeddable":true,"href":"https:\/\/www.europesays.com\/fr\/wp-json\/wp\/v2\/categories?post=410613"},{"taxonomy":"post_tag","embeddable":true,"href":"https:\/\/www.europesays.com\/fr\/wp-json\/wp\/v2\/tags?post=410613"}],"curies":[{"name":"wp","href":"https:\/\/api.w.org\/{rel}","templated":true}]}}