{"id":410636,"date":"2025-09-23T00:04:13","date_gmt":"2025-09-23T00:04:13","guid":{"rendered":"https:\/\/www.europesays.com\/fr\/410636\/"},"modified":"2025-09-23T00:04:13","modified_gmt":"2025-09-23T00:04:13","slug":"lexploit-dun-doubien-salue-par-la-nasa","status":"publish","type":"post","link":"https:\/\/www.europesays.com\/fr\/410636\/","title":{"rendered":"l\u2019exploit d\u2019un Doubien salu\u00e9 par la NASA"},"content":{"rendered":"<p>Le clich\u00e9 a travers\u00e9 les cieux\u2026 et les \u00e9crans du monde entier. Pr\u00e8s d\u2019un million de vues pour une photographie spectaculaire d\u2019une com\u00e8te sign\u00e9e <a href=\"https:\/\/www.estrepublicain.fr\/sport\/2023\/07\/22\/la-famille-bourgon-devoile-les-conversations-du-peloton\" target=\"_blank\" rel=\"nofollow noopener\">Laurent Bourgon<\/a> , 54 ans, habitant de Thise, dans le Doubs. <a href=\"https:\/\/apod.nasa.gov\/apod\/ap250918.html\" target=\"_blank\" rel=\"nofollow noopener\">S\u00e9lectionn\u00e9e par la NASA comme Astronomy Picture of the Day<\/a> (APOD, soit la photo du jour), cette image d\u2019un corps c\u00e9leste r\u00e9cemment entr\u00e9 dans notre syst\u00e8me solaire est rapidement devenue virale, provoquant un afflux sans pr\u00e9c\u00e9dent sur le site de <a href=\"https:\/\/www.cielaustral.com\/\" target=\"_blank\" rel=\"nofollow noopener\">l\u2019association d\u2019astronomie Ciel Austral<\/a>.<\/p>\n<p>Ce n\u2019est pourtant pas la premi\u00e8re fois que Laurent Bourgon tutoie les \u00e9toiles. Depuis plus de huit ans, <a href=\"https:\/\/www.estrepublicain.fr\/sport\/2022\/08\/01\/jean-louis-et-laurent-bourgon-les-rois-de-la-data\" target=\"_blank\" rel=\"nofollow noopener\">ce passionn\u00e9 d\u2019astronomie, \u00e9galement d\u00e9veloppeur de logiciels pour le Tour de France avec son fr\u00e8re<\/a> , \u0153uvre en coulisses au sein de <a href=\"https:\/\/www.cielaustral.com\/\" target=\"_blank\" rel=\"nofollow noopener\">l\u2019association Ciel Austral<\/a> , qu\u2019il a cofond\u00e9e avec d\u2019autres amateurs \u00e9clair\u00e9s. \u00ab\u00a0 On pilote \u00e0 distance deux t\u00e9lescopes de pointe install\u00e9s au Chili, un pays choisi pour la puret\u00e9 et la r\u00e9gularit\u00e9 de son ciel\u00a0: plus de 300 nuits d\u2019observation exploitables chaque ann\u00e9e, contre \u00e0 peine 40 en France\u00a0\u00bb, explique-t-il.<\/p>\n<p>  Passionn\u00e9 depuis 1988 au club astro du lyc\u00e9e Jules-Haag \u00e0 Besan\u00e7on<\/p>\n<p>La trajectoire de Laurent Bourgon dans le monde de l\u2019astronomie ne date pas d\u2019hier. Il d\u00e9couvre cette discipline en 1988, alors qu\u2019il fr\u00e9quente le club astro du lyc\u00e9e Jules-Haag, \u00e0 Besan\u00e7on. Une premi\u00e8re aventure qui l\u2019am\u00e8nera \u00e0 co-cr\u00e9er un observatoire amateur baptis\u00e9 \u00ab\u00a0Le F\u00e9lopaul\u00a0\u00bb sur les hauteurs d\u2019Ornans, aujourd\u2019hui hors service. Depuis, il n\u2019a cess\u00e9 de concilier technologie, observation et rigueur scientifique, jusqu\u2019\u00e0 automatiser enti\u00e8rement l\u2019observatoire chilien de <a href=\"https:\/\/www.cielaustral.com\/\" target=\"_blank\" rel=\"nofollow noopener\">Ciel Austral<\/a> , gr\u00e2ce \u00e0 un logiciel qu\u2019il a lui-m\u00eame d\u00e9velopp\u00e9. \u00ab\u00a0Chaque nuit, \u00e0 1\u00a0h du matin heure fran\u00e7aise, le t\u00e9lescope d\u00e9marre automatiquement depuis Thise, ce qui me permet de cibler et capter les objets c\u00e9lestes les plus rares\u00a0\u00bb, poursuit-il.<\/p>\n<p>Le 11\u00a0septembre dernier, une com\u00e8te inconnue fait irruption dans le syst\u00e8me solaire, surgissant de l\u2019arri\u00e8re du Soleil. Aussit\u00f4t alert\u00e9e, <a href=\"https:\/\/www.cielaustral.com\/\" target=\"_blank\" rel=\"nofollow noopener\">Ciel Austral<\/a> tente de la localiser sans trajectoire pr\u00e9cise \u00e0 suivre. Pari r\u00e9ussi\u00a0: l\u2019objet, baptis\u00e9 \u00ab\u00a0C\/2025 R2 SWAN\u00a0\u00bb du nom de son d\u00e9couvreur, est captur\u00e9 dans la nuit m\u00eame par l\u2019un des t\u00e9lescopes chiliens de l\u2019association. L\u2019image, d\u2019une rare pr\u00e9cision, est soumise \u00e0 la NASA.<\/p>\n<p>Quelques jours plus tard, le 17\u00a0septembre, un correspondant fran\u00e7ais de l\u2019APOD les informe de sa s\u00e9lection pour la prestigieuse photo du jour du site de la NASA. Le succ\u00e8s est imm\u00e9diat et d\u00e9passe toutes les pr\u00e9visions. Le site de <a href=\"https:\/\/www.cielaustral.com\/\" target=\"_blank\" rel=\"nofollow noopener\">Ciel Austral<\/a> , h\u00e9berg\u00e9 par Ionos, enregistre plus de 860\u00a0000 vues &#8211; un bond vertigineux compar\u00e9 aux 15\u00a0000\u00a0\u00e0 30\u00a0000 visites mensuelles habituelles. Le trafic est tel que les serveurs saturent, interpr\u00e9tant cette ru\u00e9e comme une attaque. \u00ab\u00a0Quelques heures plus tard, le serveur sautait\u00a0\u00bb, rapporte avec amusement Laurent Bourgon.<\/p>\n<p>  Ciel Austral d\u00e9tient le record du monde de la pose la plus longue<\/p>\n<p>Cette reconnaissance n\u2019est pas une premi\u00e8re pour <a href=\"https:\/\/www.cielaustral.com\/\" target=\"_blank\" rel=\"nofollow noopener\">Ciel Austral<\/a>. L\u2019\u00e9quipe a d\u00e9j\u00e0 vu trois de ses images s\u00e9lectionn\u00e9es par la NASA en une douzaine d\u2019ann\u00e9es. Mieux encore\u00a0: elle d\u00e9tient le record du monde de la pose la plus longue, une mosa\u00efque exceptionnelle de 1\u00a0000 heures d\u2019exposition, \u00e9galement publi\u00e9e par l\u2019agence spatiale am\u00e9ricaine.<\/p>\n<p>Pour autant, la d\u00e9couverte d\u2019objets c\u00e9lestes demeure un d\u00e9fi. Comme le souligne Laurent Bourgon\u00a0: \u00ab\u00a0Les d\u00e9couvertes amateurs de com\u00e8tes sont d\u00e9sormais quasi inexistantes.\u00a0\u00bb Les t\u00e9lescopes automatiques \u00e0 large champ, comme celui utilis\u00e9 au Chili, quadrillent chaque nuit le ciel \u00e0 la recherche du moindre objet mobile, rendant cette image encore plus remarquable.<\/p>\n<p class=\"note\">https:\/\/www.cielaustral.com<\/p>\n","protected":false},"excerpt":{"rendered":"Le clich\u00e9 a travers\u00e9 les cieux\u2026 et les \u00e9crans du monde entier. Pr\u00e8s d\u2019un million de vues pour&hellip;\n","protected":false},"author":2,"featured_media":410637,"comment_status":"","ping_status":"","sticky":false,"template":"","format":"standard","meta":{"footnotes":""},"categories":[7],"tags":[49704,8026,14383,1011,27,1757,11058,43,40,767,41,39,273,42,44,54200],"class_list":{"0":"post-410636","1":"post","2":"type-post","3":"status-publish","4":"format-standard","5":"has-post-thumbnail","7":"category-sciences-et-technologies","8":"tag-cu-du-grand-besancon-metropole-25a","9":"tag-doubs","10":"tag-edition-besancon","11":"tag-fr","12":"tag-france","13":"tag-insolite","14":"tag-region-franche-comte","15":"tag-science","16":"tag-science-and-technology","17":"tag-science-et-technologie","18":"tag-sciences","19":"tag-sciences-et-technologies","20":"tag-selection-de-la-redaction","21":"tag-technologies","22":"tag-technology","23":"tag-thise"},"share_on_mastodon":{"url":"https:\/\/pubeurope.com\/@fr\/115250690397000327","error":""},"_links":{"self":[{"href":"https:\/\/www.europesays.com\/fr\/wp-json\/wp\/v2\/posts\/410636","targetHints":{"allow":["GET"]}}],"collection":[{"href":"https:\/\/www.europesays.com\/fr\/wp-json\/wp\/v2\/posts"}],"about":[{"href":"https:\/\/www.europesays.com\/fr\/wp-json\/wp\/v2\/types\/post"}],"author":[{"embeddable":true,"href":"https:\/\/www.europesays.com\/fr\/wp-json\/wp\/v2\/users\/2"}],"replies":[{"embeddable":true,"href":"https:\/\/www.europesays.com\/fr\/wp-json\/wp\/v2\/comments?post=410636"}],"version-history":[{"count":0,"href":"https:\/\/www.europesays.com\/fr\/wp-json\/wp\/v2\/posts\/410636\/revisions"}],"wp:featuredmedia":[{"embeddable":true,"href":"https:\/\/www.europesays.com\/fr\/wp-json\/wp\/v2\/media\/410637"}],"wp:attachment":[{"href":"https:\/\/www.europesays.com\/fr\/wp-json\/wp\/v2\/media?parent=410636"}],"wp:term":[{"taxonomy":"category","embeddable":true,"href":"https:\/\/www.europesays.com\/fr\/wp-json\/wp\/v2\/categories?post=410636"},{"taxonomy":"post_tag","embeddable":true,"href":"https:\/\/www.europesays.com\/fr\/wp-json\/wp\/v2\/tags?post=410636"}],"curies":[{"name":"wp","href":"https:\/\/api.w.org\/{rel}","templated":true}]}}