{"id":410638,"date":"2025-09-23T00:05:18","date_gmt":"2025-09-23T00:05:18","guid":{"rendered":"https:\/\/www.europesays.com\/fr\/410638\/"},"modified":"2025-09-23T00:05:18","modified_gmt":"2025-09-23T00:05:18","slug":"le-robotaxi-de-tesla-inquiete","status":"publish","type":"post","link":"https:\/\/www.europesays.com\/fr\/410638\/","title":{"rendered":"le Robotaxi de Tesla inqui\u00e8te !"},"content":{"rendered":"<p itemprop=\"description\">Au cours de la m\u00eame journ\u00e9e, trois accidents de Tesla Robotaxi ont \u00e9t\u00e9 signal\u00e9s, menant \u00e0 l&rsquo;inqui\u00e9tude logique des potentiels utilisateurs.<\/p>\n<p>\t\tEN BREF<\/p>\n<ul class=\"bloc_resume_post_list\">\n<li>\n<p>\t\t\t\t\t\t\t\tLe 1er juillet 2025, trois Tesla Model Y autonomes ont eu des accidents \u00e0 Austin, peu apr\u00e8s le lancement du service de robotaxis.\n\t\t\t\t\t\t<\/li>\n<li>\n<p>\t\t\t\t\t\t\t\tLes incidents incluent une collision \u00e0 une intersection, un mauvais changement de voie et une r\u00e9action tardive \u00e0 un v\u00e9hicule stationn\u00e9.\n\t\t\t\t\t\t<\/li>\n<li>\n<p>\t\t\t\t\t\t\t\tLa transparence de Tesla est critiqu\u00e9e, car les rapports d&rsquo;accidents sont masqu\u00e9s, ce qui pourrait affecter la confiance du public.\n\t\t\t\t\t\t<\/li>\n<\/ul>\n<p>Seulement dix jours apr\u00e8s le lancement de son service de robotaxis \u00e0 <strong>Austin<\/strong>, aux \u00c9tats-Unis, <strong>Tesla<\/strong> a fait face \u00e0 un revers embarrassant. Le 1er juillet 2025, pas moins de <strong>trois v\u00e9hicules autonomes<\/strong> de la flotte exp\u00e9rimentale ont \u00e9t\u00e9 impliqu\u00e9s dans des <strong>accidents diff\u00e9rents,<\/strong> selon le m\u00e9dia <a href=\"https:\/\/www.automotiveworld.com\/articles\/tesla-logs-three-robotaxi-crashes-in-one-day-withholds-info\" target=\"_blank\" rel=\"nofollow noopener\">Automotive World<\/a>.<\/p>\n<p>    Trois accidents de robotaxis en un jour <\/p>\n<p>Les trois accidents des Tesla <a href=\"https:\/\/www.autoplus.fr\/actualite\/les-autorites-americaines-enquetent-sur-un-probleme-de-poignee-de-porte-des-tesla-model-y-1398319.html\" target=\"_blank\" rel=\"noopener\">Model Y<\/a> autonomes se sont produits en pleine ville, dans des <strong>conditions apparemment banales<\/strong>. L\u00a0\u00bbun d&rsquo;entre eux s&rsquo;est d\u00e9roul\u00e9 \u00e0 une <strong>intersection<\/strong> particuli\u00e8rement fr\u00e9quent\u00e9e. Un autre a impliqu\u00e9 une man\u0153uvre mal g\u00e9r\u00e9e lors d&rsquo;un changement de voie. Le troisi\u00e8me accident a \u00e9t\u00e9 li\u00e9 \u00e0 une <strong>r\u00e9action tardive<\/strong> face \u00e0 un v\u00e9hicule stationn\u00e9. Si un seul accident a provoqu\u00e9 <strong>un bless\u00e9 l\u00e9ger<\/strong>, les deux autres se sont heureusement limit\u00e9s \u00e0 des <strong>d\u00e9g\u00e2ts mat\u00e9riels<\/strong>, ce qui reste relativement mineur.<\/p>\n<p>Mais la r\u00e9p\u00e9tition des incidents en un laps de temps si court pose un s\u00e9rieux <strong>probl\u00e8me de fiabilit\u00e9<\/strong> des <a href=\"https:\/\/www.autoplus.fr\/actualite\/insolite\/robotaxi-echappe-sanction-virage-interdit-1388914.html\" target=\"_blank\" rel=\"noopener\">robotaxis<\/a> de Tesla. Il faut aussi savoir que la flotte texane de robotaxis est encore tr\u00e8s r\u00e9duite. Il n&rsquo;y a qu&rsquo;<strong>une douzaine de Model Y<\/strong> modifi\u00e9s. Ces v\u00e9hicules totalisent moins de deux mois de service et quelques milliers de kilom\u00e8tres parcourus. Statistiquement, trois accidents sur un volume aussi faible soul\u00e8vent des questions.<\/p>\n<p>    <img loading=\"lazy\" decoding=\"async\" aria-describedby=\"caption-attachment-1399096\" itemprop=\"thumbnailUrl\" class=\"size-large wp-image-1399096 img-responsive \" src=\"https:\/\/www.europesays.com\/fr\/wp-content\/uploads\/2025\/09\/tesla-robotaxi-interieur-768x329.jpg\" alt=\"L'int\u00e9rieur d'un Tesla Robotaxi\" width=\"768\" height=\"329\"  \/> \u00a9  Tesla<\/p>\n<p id=\"caption-attachment-1399096\" class=\"wp-caption-text\">Les trois accidents survenus le m\u00eame jour ont de quoi inqui\u00e9ter les utilisateurs du Tesla Robotaxi.<\/p>\n<p>Les concurrents comme Waymo ont connu leurs <strong>propres probl\u00e8mes<\/strong>, mais souvent apr\u00e8s des centaines de <strong>milliers de kilom\u00e8tres parcourus<\/strong>. Ici, la fr\u00e9quence est alarmante. D&rsquo;autant que Tesla promettait une autonomie \u00ab\u00a0totale\u00a0\u00bb d\u00e8s cette phase de test. Les collisions montrent que l&rsquo;intelligence artificielle embarqu\u00e9e <strong>peine encore \u00e0 g\u00e9rer des situations courantes<\/strong> du trafic urbain.<\/p>\n<p>    La transparence de Tesla en berne <\/p>\n<p>Au-del\u00e0 des accidents eux-m\u00eames, c&rsquo;est surtout la <strong>communication<\/strong> de Tesla qui inqui\u00e8te. Conform\u00e9ment \u00e0 la r\u00e9glementation am\u00e9ricaine, le constructeur a transmis des rapports \u00e0 la NHTSA (National Highway Traffic Safety Administration). Mais \u00e0 la surprise g\u00e9n\u00e9rale, la quasi-totalit\u00e9 du contenu a \u00e9t\u00e9 <strong>masqu\u00e9e<\/strong>, dont les circonstances exactes, la vitesse au moment de l&rsquo;impact et bien d&rsquo;autres.<\/p>\n<p>En proc\u00e9dant ainsi, Tesla prive le public d&rsquo;<strong>informations essentielles<\/strong> pour \u00e9valuer la maturit\u00e9 r\u00e9elle de sa technologie. Cette strat\u00e9gie contraste r\u00e9ellement avec celle de <a href=\"https:\/\/www.autoplus.fr\/actualite\/insolite\/attaque-waymo-justice-accident-porte-1387057.html\" target=\"_blank\" rel=\"noopener\">Waymo<\/a> ou Cruise, les principaux concurrents. Ces deux entreprises publient r\u00e9guli\u00e8rement des comptes rendus d\u00e9taill\u00e9s de leurs incidents.<\/p>\n<p>En bref, l&rsquo;absence de transparence de Tesla entretient un <strong>doute profond<\/strong>. Pour les r\u00e9gulateurs, ce manque d&rsquo;informations pourrait freiner les autorisations futures d&rsquo;expansion du service, notamment aux \u00c9tats-Unis. Pour le grand public, d\u00e9j\u00e0 <strong>m\u00e9fiant<\/strong> face \u00e0 la simple id\u00e9e de monter dans une <a href=\"https:\/\/www.autoplus.fr\/environnement\/oups-tesla-revient-discretement-sur-ses-promesses-sur-la-conduite-autonome-1397702.html\" target=\"_blank\" rel=\"noopener\">voiture sans conducteur<\/a>, cela fragilise davantage la confiance.<\/p>\n","protected":false},"excerpt":{"rendered":"Au cours de la m\u00eame journ\u00e9e, trois accidents de Tesla Robotaxi ont \u00e9t\u00e9 signal\u00e9s, menant \u00e0 l&rsquo;inqui\u00e9tude logique&hellip;\n","protected":false},"author":2,"featured_media":410639,"comment_status":"","ping_status":"","sticky":false,"template":"","format":"standard","meta":{"footnotes":""},"categories":[6],"tags":[35,10281,33,34,1011,27],"class_list":{"0":"post-410638","1":"post","2":"type-post","3":"status-publish","4":"format-standard","5":"has-post-thumbnail","7":"category-economie","8":"tag-business","9":"tag-buzz-nonli","10":"tag-economie","11":"tag-economy","12":"tag-fr","13":"tag-france"},"share_on_mastodon":{"url":"https:\/\/pubeurope.com\/@fr\/115250694610130693","error":""},"_links":{"self":[{"href":"https:\/\/www.europesays.com\/fr\/wp-json\/wp\/v2\/posts\/410638","targetHints":{"allow":["GET"]}}],"collection":[{"href":"https:\/\/www.europesays.com\/fr\/wp-json\/wp\/v2\/posts"}],"about":[{"href":"https:\/\/www.europesays.com\/fr\/wp-json\/wp\/v2\/types\/post"}],"author":[{"embeddable":true,"href":"https:\/\/www.europesays.com\/fr\/wp-json\/wp\/v2\/users\/2"}],"replies":[{"embeddable":true,"href":"https:\/\/www.europesays.com\/fr\/wp-json\/wp\/v2\/comments?post=410638"}],"version-history":[{"count":0,"href":"https:\/\/www.europesays.com\/fr\/wp-json\/wp\/v2\/posts\/410638\/revisions"}],"wp:featuredmedia":[{"embeddable":true,"href":"https:\/\/www.europesays.com\/fr\/wp-json\/wp\/v2\/media\/410639"}],"wp:attachment":[{"href":"https:\/\/www.europesays.com\/fr\/wp-json\/wp\/v2\/media?parent=410638"}],"wp:term":[{"taxonomy":"category","embeddable":true,"href":"https:\/\/www.europesays.com\/fr\/wp-json\/wp\/v2\/categories?post=410638"},{"taxonomy":"post_tag","embeddable":true,"href":"https:\/\/www.europesays.com\/fr\/wp-json\/wp\/v2\/tags?post=410638"}],"curies":[{"name":"wp","href":"https:\/\/api.w.org\/{rel}","templated":true}]}}